{"id":2756,"date":"2022-05-12T23:31:33","date_gmt":"2022-05-12T23:31:33","guid":{"rendered":"http:\/\/defensoriaparana.com.ar\/?p=2756"},"modified":"2022-07-31T23:35:39","modified_gmt":"2022-07-31T23:35:39","slug":"la-oficina-movil-de-la-defensoria-atendio-consultas-en-barrio-san-agustin","status":"publish","type":"post","link":"https:\/\/defensoriaparana.com.ar\/index.php\/2022\/05\/12\/la-oficina-movil-de-la-defensoria-atendio-consultas-en-barrio-san-agustin\/","title":{"rendered":"La oficina m\u00f3vil de la Defensor\u00eda atendi\u00f3 consultas en barrio San Agust\u00edn"},"content":{"rendered":"<div>\n<div class=\"\" dir=\"auto\">\n<div id=\"jsc_c_5hm\" class=\"ecm0bbzt hv4rvrfc ihqw7lf3 dati1w0a\" data-ad-comet-preview=\"message\" data-ad-preview=\"message\">\n<div class=\"j83agx80 cbu4d94t ew0dbk1b irj2b8pg\">\n<div class=\"qzhwtbm6 knvmm38d\">\n<div dir=\"auto\"><\/div>\n<div class=\"cxmmr5t8 oygrvhab hcukyx3x c1et5uql o9v6fnle ii04i59q\">\n<div dir=\"auto\">La Defensor\u00eda del Pueblo de la Ciudad de Paran\u00e1 atendi\u00f3 este jueves consultas y reclamos en la Plaza Eva Per\u00f3n, ubicada en calle El Rodeo al 700, en barrio San Agust\u00edn.<\/div>\n<\/div>\n<div class=\"cxmmr5t8 oygrvhab hcukyx3x c1et5uql o9v6fnle ii04i59q\">\n<div dir=\"auto\">La oficina m\u00f3vil de la instituci\u00f3n se instal\u00f3 junto a \u00e1reas municipales, provinciales y nacionales que participan de las jornadas de atenci\u00f3n comunitaria que se realizan en forma semanal en distintos lugares de la ciudad.<\/div>\n<\/div>\n<div class=\"cxmmr5t8 oygrvhab hcukyx3x c1et5uql o9v6fnle ii04i59q\">\n<div dir=\"auto\">Como viene ocurriendo, la actividad concentr\u00f3 una importante cantidad de persona de la zona que se acerc\u00f3 a realizar distintas consultas y tr\u00e1mites.<\/div>\n<\/div>\n<div class=\"cxmmr5t8 oygrvhab hcukyx3x c1et5uql o9v6fnle ii04i59q\">\n<div dir=\"auto\">El personal de la Defensor\u00eda de Paran\u00e1 y de la Delegaci\u00f3n de la Defensor\u00eda del Pueblo de la Naci\u00f3n atendi\u00f3 diferentes tem\u00e1ticas, entre las que resaltan las relacionadas al derecho a la identidad. En ese sentido, hubo pedidos de exenci\u00f3n del sellado para acceder al Documento Nacional de Identidad (DNI), una constancia que emite la Defensor\u00eda en el marco de un acuerdo con el Registro Civil de la provincia a la personas carentes de recursos, y otras situaciones referidas a omisiones administrativas que obstaculizaban el acceso a derechos.<\/div>\n<\/div>\n<div class=\"cxmmr5t8 oygrvhab hcukyx3x c1et5uql o9v6fnle ii04i59q\">\n<div dir=\"auto\">Las oficinas de atenci\u00f3n se emplazaron al aire libre y el volumen de asistentes se mantuvo a lo largo de la ma\u00f1ana. La atenci\u00f3n se extendi\u00f3 hasta las 12.30 y hubo una afluencia notable en la oficina instalada para realizar el censo 2022 de manera virtual.<\/div>\n<div dir=\"auto\">Tambi\u00e9n, los vecinos se acercaron a realizar consultas y tr\u00e1mites relacionados a la tarjeta Sube y a Anses.<\/div>\n<\/div>\n<div class=\"cxmmr5t8 oygrvhab hcukyx3x c1et5uql o9v6fnle ii04i59q\">\n<div dir=\"auto\">Participan adem\u00e1s de las jornadas oficinas de Defensa del Consumidor, Progresar, Programa Acompa\u00f1ar, Oficina de Empleo, Pami, Subsecretar\u00eda de Integraci\u00f3n Socio Urbana (Programa Mi pieza), Centro de Acceso a la Justicia (CAJ), Departamental de Escuelas, Instituto Becario y Plan Nacional Primera Infancia, entre otras.<\/div>\n<\/div>\n<div class=\"cxmmr5t8 oygrvhab hcukyx3x c1et5uql o9v6fnle ii04i59q\">\n<div dir=\"auto\">La salida a los barrios constituye uno de los principales pilares del trabajo de la Defensor\u00eda del Pueblo. Mediante el programa \u201cLa Defensor\u00eda al encuentro\u201d de la ciudadan\u00eda, se busca acercar la instituci\u00f3n y facilitar sus servicios a habitantes de distintas zonas de la ciudad.<\/div>\n<\/div>\n<div class=\"cxmmr5t8 oygrvhab hcukyx3x c1et5uql o9v6fnle ii04i59q\">\n<div dir=\"auto\">En la oficina m\u00f3vil, la Defensor\u00eda brinda asesoramiento e informaci\u00f3n, atienden consultas, reclamos, solicitudes de mediaci\u00f3n y cuestiones referidas a derechos de la personas mayores, entre otras.<\/div>\n<div dir=\"auto\"><\/div>\n<\/div>\n<\/div>\n<\/div>\n<\/div>\n<\/div>\n<div id=\"jsc_c_5hn\" class=\"l9j0dhe7\">\n<div class=\"l9j0dhe7\">\n<div>\n<div>\n<div class=\"l9j0dhe7\">\n<div class=\"l9j0dhe7\">\n<div class=\"ni8dbmo4 stjgntxs pmk7jnqg\">\n<div class=\"stjgntxs ni8dbmo4\">\n<div class=\"do00u71z ni8dbmo4 stjgntxs l9j0dhe7\">\n<div class=\"pmk7jnqg kr520xx4\"><img loading=\"lazy\" class=\"i09qtzwb n7fi1qx3 datstx6m pmk7jnqg j9ispegn kr520xx4 k4urcfbm\" src=\"https:\/\/scontent.fros2-1.fna.fbcdn.net\/v\/t39.30808-6\/280658020_2195807777240135_7467380031663192921_n.jpg?stp=dst-jpg_s600x600&amp;_nc_cat=104&amp;ccb=1-7&amp;_nc_sid=730e14&amp;_nc_ohc=E9H-oIpMqhIAX9dS4GV&amp;_nc_ht=scontent.fros2-1.fna&amp;oh=00_AT8FqIGbPEAudQii4jyx_O10XyE8xC_830c4si-JYnmbBQ&amp;oe=62EB5956\" alt=\"\" width=\"354\" height=\"472\" \/><\/div>\n<\/div>\n<div class=\"kr520xx4 j9ispegn pmk7jnqg hzruof5a n7fi1qx3 rq0escxv i09qtzwb opwvks06 linmgsc8\"><\/div>\n<\/div>\n<div class=\"n00je7tq arfg74bv qs9ysxi8 k77z8yql i09qtzwb n7fi1qx3 b5wmifdl hzruof5a pmk7jnqg j9ispegn kr520xx4 c5ndavph art1omkt ot9fgl3s\" data-visualcompletion=\"ignore\"><\/div>\n<\/div>\n<div class=\"ni8dbmo4 stjgntxs pmk7jnqg\">\n<div class=\"stjgntxs ni8dbmo4\">\n<div class=\"do00u71z ni8dbmo4 stjgntxs l9j0dhe7\">\n<div class=\"pmk7jnqg kr520xx4\"><img loading=\"lazy\" class=\"i09qtzwb n7fi1qx3 datstx6m pmk7jnqg j9ispegn kr520xx4 k4urcfbm\" src=\"https:\/\/scontent.fros2-2.fna.fbcdn.net\/v\/t39.30808-6\/280660835_2195807997240113_8274557799269671310_n.jpg?stp=dst-jpg_s600x600&amp;_nc_cat=103&amp;ccb=1-7&amp;_nc_sid=730e14&amp;_nc_ohc=rbGFd6G3W2AAX83jEK4&amp;_nc_ht=scontent.fros2-2.fna&amp;oh=00_AT-p3g2ktSJBme9liDUlP6Eszog_gwKBkL7u_vyipHhe3Q&amp;oe=62EB3DE7\" alt=\"\" width=\"362\" height=\"483\" \/><\/div>\n<\/div>\n<div class=\"kr520xx4 j9ispegn pmk7jnqg hzruof5a n7fi1qx3 rq0escxv i09qtzwb opwvks06 linmgsc8\"><\/div>\n<\/div>\n<div class=\"n00je7tq arfg74bv qs9ysxi8 k77z8yql i09qtzwb n7fi1qx3 b5wmifdl hzruof5a pmk7jnqg j9ispegn kr520xx4 c5ndavph art1omkt ot9fgl3s\" data-visualcompletion=\"ignore\"><\/div>\n<\/div>\n<div class=\"ni8dbmo4 stjgntxs pmk7jnqg\">\n<div class=\"stjgntxs ni8dbmo4\">\n<div class=\"do00u71z ni8dbmo4 stjgntxs l9j0dhe7\">\n<div class=\"pmk7jnqg kr520xx4\"><img loading=\"lazy\" class=\"i09qtzwb n7fi1qx3 datstx6m pmk7jnqg j9ispegn kr520xx4 k4urcfbm\" src=\"https:\/\/scontent.fros2-2.fna.fbcdn.net\/v\/t39.30808-6\/280722998_2195808197240093_161390414279465320_n.jpg?stp=dst-jpg_s600x600&amp;_nc_cat=111&amp;ccb=1-7&amp;_nc_sid=730e14&amp;_nc_ohc=KYBGvrlNBzwAX9x8CHr&amp;tn=RCGu9Z8jobJv-7SP&amp;_nc_ht=scontent.fros2-2.fna&amp;oh=00_AT_HlLZIsdiylucN_Gp-C7iFVLb23iDHgyMkceQJU1Qoiw&amp;oe=62EBD7D6\" alt=\"\" width=\"382\" height=\"509\" \/><\/div>\n<\/div>\n<div class=\"kr520xx4 j9ispegn pmk7jnqg hzruof5a n7fi1qx3 rq0escxv i09qtzwb opwvks06 linmgsc8\"><\/div>\n<\/div>\n<div class=\"n00je7tq arfg74bv qs9ysxi8 k77z8yql i09qtzwb n7fi1qx3 b5wmifdl hzruof5a pmk7jnqg j9ispegn kr520xx4 c5ndavph art1omkt ot9fgl3s\" data-visualcompletion=\"ignore\"><\/div>\n<\/div>\n<\/div>\n<\/div>\n<\/div>\n<\/div>\n<\/div>\n<div class=\"stjgntxs ni8dbmo4\"><\/div>\n<\/div>\n<\/div>\n<div class=\"bq4bzpyk s1tcr66n l6v480f0 j83agx80 btwxx1t3 i1fnvgqd pybr56ya d1544ag0 f10w8fjw c4f5jtg6\">\n<div class=\"bp9cbjyn j83agx80 jifvfom9\"><\/div>\n<\/div>\n<div>\n<div class=\"stjgntxs ni8dbmo4 l82x9zwi uo3d90p7 h905i5nu monazrh9\" data-visualcompletion=\"ignore-dynamic\">\n<div>\n<div>\n<div>\n<div class=\"l9j0dhe7\">\n<div class=\"bp9cbjyn m9osqain j83agx80 jq4qci2q bkfpd7mw a3bd9o3v kvgmc6g5 wkznzc2l oygrvhab dhix69tm jktsbyx5 rz4wbd8a osnr6wyh a8nywdso s1tcr66n\">\n<div class=\"kb5gq1qc pfnyh3mw c0wkt4kp\"><\/div>\n<\/div>\n<\/div>\n<\/div>\n<\/div>\n<\/div>\n<\/div>\n<\/div>\n","protected":false},"excerpt":{"rendered":"<p>La Defensor\u00eda del Pueblo de la Ciudad de Paran\u00e1 atendi\u00f3 este jueves consultas y reclamos en la Plaza Eva Per\u00f3n, ubicada en calle El Rodeo al 700, en barrio San Agust\u00edn. La oficina m\u00f3vil de la instituci\u00f3n se instal\u00f3 junto a \u00e1reas municipales, provinciales y nacionales que participan de las jornadas de atenci\u00f3n comunitaria que [&hellip;]<\/p>\n","protected":false},"author":2,"featured_media":2757,"comment_status":"open","ping_status":"open","sticky":false,"template":"","format":"standard","meta":{"om_disable_all_campaigns":false,"_monsterinsights_skip_tracking":false,"_monsterinsights_sitenote_active":false,"_monsterinsights_sitenote_note":"","_monsterinsights_sitenote_category":0},"categories":[1],"tags":[],"_links":{"self":[{"href":"https:\/\/defensoriaparana.com.ar\/index.php\/wp-json\/wp\/v2\/posts\/2756"}],"collection":[{"href":"https:\/\/defensoriaparana.com.ar\/index.php\/wp-json\/wp\/v2\/posts"}],"about":[{"href":"https:\/\/defensoriaparana.com.ar\/index.php\/wp-json\/wp\/v2\/types\/post"}],"author":[{"embeddable":true,"href":"https:\/\/defensoriaparana.com.ar\/index.php\/wp-json\/wp\/v2\/users\/2"}],"replies":[{"embeddable":true,"href":"https:\/\/defensoriaparana.com.ar\/index.php\/wp-json\/wp\/v2\/comments?post=2756"}],"version-history":[{"count":1,"href":"https:\/\/defensoriaparana.com.ar\/index.php\/wp-json\/wp\/v2\/posts\/2756\/revisions"}],"predecessor-version":[{"id":2758,"href":"https:\/\/defensoriaparana.com.ar\/index.php\/wp-json\/wp\/v2\/posts\/2756\/revisions\/2758"}],"wp:featuredmedia":[{"embeddable":true,"href":"https:\/\/defensoriaparana.com.ar\/index.php\/wp-json\/wp\/v2\/media\/2757"}],"wp:attachment":[{"href":"https:\/\/defensoriaparana.com.ar\/index.php\/wp-json\/wp\/v2\/media?parent=2756"}],"wp:term":[{"taxonomy":"category","embeddable":true,"href":"https:\/\/defensoriaparana.com.ar\/index.php\/wp-json\/wp\/v2\/categories?post=2756"},{"taxonomy":"post_tag","embeddable":true,"href":"https:\/\/defensoriaparana.com.ar\/index.php\/wp-json\/wp\/v2\/tags?post=2756"}],"curies":[{"name":"wp","href":"https:\/\/api.w.org\/{rel}","templated":true}]}}