{"id":2759,"date":"2022-05-11T23:35:45","date_gmt":"2022-05-11T23:35:45","guid":{"rendered":"http:\/\/defensoriaparana.com.ar\/?p=2759"},"modified":"2022-07-31T23:38:46","modified_gmt":"2022-07-31T23:38:46","slug":"se-censara-por-primera-vez-a-las-personas-en-situacion-de-calle-y-habra-una-jornada-solidaria","status":"publish","type":"post","link":"https:\/\/defensoriaparana.com.ar\/index.php\/2022\/05\/11\/se-censara-por-primera-vez-a-las-personas-en-situacion-de-calle-y-habra-una-jornada-solidaria\/","title":{"rendered":"Se censar\u00e1 por primera vez a las personas en situaci\u00f3n de calle y habr\u00e1 una jornada solidaria"},"content":{"rendered":"<div dir=\"auto\"><\/div>\n<div class=\"cxmmr5t8 oygrvhab hcukyx3x c1et5uql o9v6fnle ii04i59q\">\n<div dir=\"auto\">El pr\u00f3ximo lunes, a partir de las 17, est\u00e1 prevista la realizaci\u00f3n de una jornada solidaria en la Plaza Alberdi, ubicada sobre calle Salta y Urquiza, a la que estar\u00e1n especialmente convocadas las personas en situaci\u00f3n de calle.<\/div>\n<\/div>\n<div class=\"cxmmr5t8 oygrvhab hcukyx3x c1et5uql o9v6fnle ii04i59q\">\n<div dir=\"auto\">La actividad se har\u00e1 en el marco del censo nacional de poblaci\u00f3n que prev\u00e9, por primera vez, en una experiencia considerada in\u00e9dita, la concreci\u00f3n del registro de las personas en situaci\u00f3n de calle. Ser\u00e1 el lunes 16, en todo el pa\u00eds.<\/div>\n<\/div>\n<div class=\"cxmmr5t8 oygrvhab hcukyx3x c1et5uql o9v6fnle ii04i59q\">\n<div dir=\"auto\">La convocatoria es organizada por la Red por los Derechos de las Personas en Situaci\u00f3n de Calle -espacio conformado por organizaciones e instituciones de la ciudad-, junto con la Coordinaci\u00f3n de Integraci\u00f3n Social a Personas en Situaci\u00f3n de Calle de la Municipalidad de Paran\u00e1.<\/div>\n<\/div>\n<div class=\"cxmmr5t8 oygrvhab hcukyx3x c1et5uql o9v6fnle ii04i59q\">\n<div dir=\"auto\">En la jornada se prev\u00e9 el funcionamiento de puestos de atenci\u00f3n primaria de salud, actividades recreativas, una colecta de alimentos, ropa de abrigo y elementos de higiene personal y habr\u00e1 una merienda y olla popular.<\/div>\n<\/div>\n<div class=\"cxmmr5t8 oygrvhab hcukyx3x c1et5uql o9v6fnle ii04i59q\">\n<div dir=\"auto\">Se invita especialmente a la ciudadan\u00eda a participar de las actividades recreativas y a colaborar en las colectas organizadas en vista de la proximidad del invierno.<\/div>\n<div dir=\"auto\"><\/div>\n<\/div>\n<div class=\"cxmmr5t8 oygrvhab hcukyx3x c1et5uql o9v6fnle ii04i59q\">\n<div dir=\"auto\"><strong>Objetivos y propuestas<\/strong><\/div>\n<div dir=\"auto\"><\/div>\n<\/div>\n<div class=\"cxmmr5t8 oygrvhab hcukyx3x c1et5uql o9v6fnle ii04i59q\">\n<div dir=\"auto\">En la jornada del lunes se busca reunir al mayor n\u00famero posible de personas en situaci\u00f3n de calle con el fin de poder completar el censo, ya que proporcionar\u00e1 datos relevantes sobre una realidad que interpela y demanda pol\u00edticas de Estado con acciones que contemplen la situaci\u00f3n de una manera profunda e integral.<\/div>\n<\/div>\n<div class=\"cxmmr5t8 oygrvhab hcukyx3x c1et5uql o9v6fnle ii04i59q\">\n<div dir=\"auto\">El censo ser\u00e1 realizado por personal del Centro de Integraci\u00f3n de Personas en Situaci\u00f3n de Calle de la Municipalidad, para lo que recibieron capacitaci\u00f3n de parte del Instituto Nacional de Estad\u00edstica y Censos (Indec). Lo har\u00e1n en la plaza, durante la jornada, y en distintos puntos de la ciudad, donde habitualmente se encuentran personas que viven a la intemperie.<\/div>\n<\/div>\n<div class=\"cxmmr5t8 oygrvhab hcukyx3x c1et5uql o9v6fnle ii04i59q\">\n<div dir=\"auto\">Las actividades se desarrollar\u00e1n en la parte central de la plaza -m\u00e1s conocida como la del bombero- desde donde se desplegar\u00e1n distintas propuestas recreativas. Entre ellas, se propone un taller de stencil a cargo de la Facultad de Humanidades, Artes y Ciencias Sociales (Uader), un \u201ctaller de palabras&#8221; que ser\u00e1 guiado por el equipo del Centro de Mediaci\u00f3n de la Defensor\u00eda del Pueblo, una iniciativa l\u00fadica por parte de j\u00f3venes del Centro Juventud Sionista-Asociaci\u00f3n Israelita, se realizar\u00e1 la difusi\u00f3n de la ley nacional por los derechos de las personas en situaci\u00f3n de calle y de una muestra itinerante de fotograf\u00eda, organizada por la Facultad de Trabajo Social (Uner).<\/div>\n<\/div>\n<div class=\"cxmmr5t8 oygrvhab hcukyx3x c1et5uql o9v6fnle ii04i59q\">\n<div dir=\"auto\">Adem\u00e1s, habr\u00e1 m\u00fasica y estar\u00e1 a cargo de un taller de rap de Red Puentes, el grupo &#8220;La humilde&#8221;; se ofrecer\u00e1 una merienda a trav\u00e9s del aporte de las organizaciones que integran la Red -entre ellas Suma de Voluntades, Red Puentes, Hogar de Cristo, \u00e1rea de Extensi\u00f3n de la Facultad de Ciencias Econ\u00f3micas (Uner)- y la cena ser\u00e1 aportada por la Municipalidad de Paran\u00e1.<\/div>\n<\/div>\n<div class=\"cxmmr5t8 oygrvhab hcukyx3x c1et5uql o9v6fnle ii04i59q\">\n<div dir=\"auto\">Integrantes de la Iglesia Evang\u00e9lica Valdense del R\u00edo de la Plata ser\u00e1n quienes receptar\u00e1n las donaciones.<\/div>\n<\/div>\n<div class=\"cxmmr5t8 oygrvhab hcukyx3x c1et5uql o9v6fnle ii04i59q\">\n<div dir=\"auto\">La atenci\u00f3n primaria de la salud, destinada exclusivamente a las personas en situaci\u00f3n de calle, se brindar\u00e1 mediante la organizaci\u00f3n coordinada entre el Ministerio de Salud de la provincia, el Programa de Agentes Sanitarios, la Subsecretar\u00eda de Salud de la Municipalidad de Paran\u00e1 y el Hospital San Mart\u00edn.<\/div>\n<\/div>\n","protected":false},"excerpt":{"rendered":"<p>El pr\u00f3ximo lunes, a partir de las 17, est\u00e1 prevista la realizaci\u00f3n de una jornada solidaria en la Plaza Alberdi, ubicada sobre calle Salta y Urquiza, a la que estar\u00e1n especialmente convocadas las personas en situaci\u00f3n de calle. La actividad se har\u00e1 en el marco del censo nacional de poblaci\u00f3n que prev\u00e9, por primera vez, [&hellip;]<\/p>\n","protected":false},"author":2,"featured_media":2760,"comment_status":"open","ping_status":"open","sticky":false,"template":"","format":"standard","meta":{"om_disable_all_campaigns":false,"_monsterinsights_skip_tracking":false,"_monsterinsights_sitenote_active":false,"_monsterinsights_sitenote_note":"","_monsterinsights_sitenote_category":0},"categories":[1],"tags":[],"_links":{"self":[{"href":"https:\/\/defensoriaparana.com.ar\/index.php\/wp-json\/wp\/v2\/posts\/2759"}],"collection":[{"href":"https:\/\/defensoriaparana.com.ar\/index.php\/wp-json\/wp\/v2\/posts"}],"about":[{"href":"https:\/\/defensoriaparana.com.ar\/index.php\/wp-json\/wp\/v2\/types\/post"}],"author":[{"embeddable":true,"href":"https:\/\/defensoriaparana.com.ar\/index.php\/wp-json\/wp\/v2\/users\/2"}],"replies":[{"embeddable":true,"href":"https:\/\/defensoriaparana.com.ar\/index.php\/wp-json\/wp\/v2\/comments?post=2759"}],"version-history":[{"count":1,"href":"https:\/\/defensoriaparana.com.ar\/index.php\/wp-json\/wp\/v2\/posts\/2759\/revisions"}],"predecessor-version":[{"id":2761,"href":"https:\/\/defensoriaparana.com.ar\/index.php\/wp-json\/wp\/v2\/posts\/2759\/revisions\/2761"}],"wp:featuredmedia":[{"embeddable":true,"href":"https:\/\/defensoriaparana.com.ar\/index.php\/wp-json\/wp\/v2\/media\/2760"}],"wp:attachment":[{"href":"https:\/\/defensoriaparana.com.ar\/index.php\/wp-json\/wp\/v2\/media?parent=2759"}],"wp:term":[{"taxonomy":"category","embeddable":true,"href":"https:\/\/defensoriaparana.com.ar\/index.php\/wp-json\/wp\/v2\/categories?post=2759"},{"taxonomy":"post_tag","embeddable":true,"href":"https:\/\/defensoriaparana.com.ar\/index.php\/wp-json\/wp\/v2\/tags?post=2759"}],"curies":[{"name":"wp","href":"https:\/\/api.w.org\/{rel}","templated":true}]}}