{"id":2765,"date":"2022-05-04T23:45:25","date_gmt":"2022-05-04T23:45:25","guid":{"rendered":"http:\/\/defensoriaparana.com.ar\/?p=2765"},"modified":"2022-07-31T23:48:52","modified_gmt":"2022-07-31T23:48:52","slug":"se-confecciono-una-lista-de-geriatricos-con-habilitacion-municipal-para-consulta-publica","status":"publish","type":"post","link":"https:\/\/defensoriaparana.com.ar\/index.php\/2022\/05\/04\/se-confecciono-una-lista-de-geriatricos-con-habilitacion-municipal-para-consulta-publica\/","title":{"rendered":"Se confeccion\u00f3 una lista de geri\u00e1tricos con habilitaci\u00f3n municipal para consulta p\u00fablica"},"content":{"rendered":"<div>\n<div class=\"\" dir=\"auto\">\n<div id=\"jsc_c_6s1\" class=\"ecm0bbzt hv4rvrfc ihqw7lf3 dati1w0a\" data-ad-comet-preview=\"message\" data-ad-preview=\"message\">\n<div class=\"j83agx80 cbu4d94t ew0dbk1b irj2b8pg\">\n<div class=\"qzhwtbm6 knvmm38d\">\n<div class=\"kvgmc6g5 cxmmr5t8 oygrvhab hcukyx3x c1et5uql ii04i59q\">\n<div dir=\"auto\"><\/div>\n<div dir=\"auto\"><\/div>\n<\/div>\n<div class=\"cxmmr5t8 oygrvhab hcukyx3x c1et5uql o9v6fnle ii04i59q\">\n<div dir=\"auto\">La Mesa de Pol\u00edticas P\u00fablicas para Personas Mayores, que funciona en el \u00e1mbito de la Defensor\u00eda de los Derechos de las Personas Mayores de la Defensor\u00eda del Pueblo de la Ciudad de Paran\u00e1, trabaj\u00f3 en forma conjunta con \u00e1reas municipales con el fin de que la ciudadan\u00eda pueda contar con la informaci\u00f3n sobre geri\u00e1tricos y residencias habilitados por la Comuna.<\/div>\n<\/div>\n<div class=\"cxmmr5t8 oygrvhab hcukyx3x c1et5uql o9v6fnle ii04i59q\">\n<div dir=\"auto\">As\u00ed, desde la semana pasada est\u00e1 publicado un listado que re\u00fane a 31 establecimientos habilitados por la Municipalidad de Paran\u00e1, entre ellos residencias gerontol\u00f3gicas y para personas con discapacidad y geri\u00e1tricos. La publicaci\u00f3n se puede acceder a trav\u00e9s de: <a class=\"oajrlxb2 g5ia77u1 qu0x051f esr5mh6w e9989ue4 r7d6kgcz rq0escxv nhd2j8a9 nc684nl6 p7hjln8o kvgmc6g5 cxmmr5t8 oygrvhab hcukyx3x jb3vyjys rz4wbd8a qt6c0cv9 a8nywdso i1ao9s8h esuyzwwr f1sip0of lzcic4wl gpro0wi8 py34i1dx\" tabindex=\"0\" role=\"link\" href=\"https:\/\/mi.parana.gob.ar\/Archivos\/formularios\/Geri%C3%A1tricos%20habilitados.pdf?fbclid=IwAR3bluvmMUUMhi41bQ_QjUMcC_YUAfg10zLiU2GoRq8B1qUmrphFt-pnAwU\" target=\"_blank\" rel=\"nofollow noopener\">https:\/\/mi.parana.gob.ar\/&#8230;\/Geri%C3%A1tricos&#8230;<\/a> y contiene un detalle del nombre, ubicaci\u00f3n, registro habilitante y vigencia, rubro, capacidad y observaciones donde se anotan, en algunos casos, estado del tr\u00e1mite o documentaci\u00f3n pendiente de entrega. El listado fue elaborado por la Direcci\u00f3n General de Habilitaciones, a cargo de la Secretar\u00eda Legal y Administrativa de la Municipalidad de Paran\u00e1.<\/div>\n<\/div>\n<div class=\"cxmmr5t8 oygrvhab hcukyx3x c1et5uql o9v6fnle ii04i59q\">\n<div dir=\"auto\">La Defensora de los Derechos de las Personas Mayores, Ligia Blanco, quien coordina el funcionamiento de la Mesa de Pol\u00edticas P\u00fablicas, expres\u00f3 su satisfacci\u00f3n por el trabajo en conjunto con \u00e1reas municipales que permiti\u00f3 la confecci\u00f3n y publicaci\u00f3n del listado. La posibilidad de que la poblaci\u00f3n pueda contar con la informaci\u00f3n sobre los geri\u00e1tricos habilitados fue una de las iniciativas planteadas como una necesidad imperiosa en el seno de la Mesa, en la primera reuni\u00f3n realizada este a\u00f1o. A partir de ah\u00ed, la Defensora inici\u00f3 gestiones ante las \u00e1reas municipales correspondientes, que finalmente derivaron en la publicaci\u00f3n del registro de establecimientos, una compilaci\u00f3n de la legislaci\u00f3n vigente y una gu\u00eda de la documentaci\u00f3n necesarios para iniciar el tr\u00e1mite de habilitaci\u00f3n. Todo se pude ver en <a class=\"oajrlxb2 g5ia77u1 qu0x051f esr5mh6w e9989ue4 r7d6kgcz rq0escxv nhd2j8a9 nc684nl6 p7hjln8o kvgmc6g5 cxmmr5t8 oygrvhab hcukyx3x jb3vyjys rz4wbd8a qt6c0cv9 a8nywdso i1ao9s8h esuyzwwr f1sip0of lzcic4wl gpro0wi8 py34i1dx\" tabindex=\"0\" role=\"link\" href=\"https:\/\/mi.parana.gob.ar\/servicio.aspx?ser_id=1151&amp;fbclid=IwAR1n3y1zCv5XhM6rOsyeupidfAMYC8iQ6w_oTN2HrAGHUtV18JSTiC1cPC8\" target=\"_blank\" rel=\"nofollow noopener\">https:\/\/mi.parana.gob.ar\/servicio.aspx?ser_id=1151<\/a>.<\/div>\n<\/div>\n<div class=\"cxmmr5t8 oygrvhab hcukyx3x c1et5uql o9v6fnle ii04i59q\">\n<div dir=\"auto\">La confecci\u00f3n y publicaci\u00f3n de un listado con los establecimientos habilitados est\u00e1 prevista por la ordenanza municipal N\u00ba 9503, que regula en el \u00e1mbito de Paran\u00e1 los servicios de geri\u00e1tricos. Para acceder a la norma <a class=\"oajrlxb2 g5ia77u1 qu0x051f esr5mh6w e9989ue4 r7d6kgcz rq0escxv nhd2j8a9 nc684nl6 p7hjln8o kvgmc6g5 cxmmr5t8 oygrvhab hcukyx3x jb3vyjys rz4wbd8a qt6c0cv9 a8nywdso i1ao9s8h esuyzwwr f1sip0of lzcic4wl gpro0wi8 py34i1dx\" tabindex=\"0\" role=\"link\" href=\"http:\/\/190.183.231.163:4892\/digesto\/spip.php?article6438&amp;fbclid=IwAR3bluvmMUUMhi41bQ_QjUMcC_YUAfg10zLiU2GoRq8B1qUmrphFt-pnAwU\" target=\"_blank\" rel=\"nofollow noopener\">http:\/\/190.183.231.163:4892\/digesto\/spip.php?article6438<\/a>.<\/div>\n<div dir=\"auto\"><\/div>\n<\/div>\n<div class=\"cxmmr5t8 oygrvhab hcukyx3x c1et5uql o9v6fnle ii04i59q\">\n<div dir=\"auto\"><strong><span class=\"pq6dq46d tbxw36s4 knj5qynh kvgmc6g5 ditlmg2l oygrvhab nvdbi5me sf5mxxl7 gl3lb2sf hhz5lgdu\"><img loading=\"lazy\" src=\"https:\/\/static.xx.fbcdn.net\/images\/emoji.php\/v9\/t51\/1\/16\/1f449.png\" alt=\"\ud83d\udc49\" width=\"16\" height=\"16\" \/><\/span><span class=\"pq6dq46d tbxw36s4 knj5qynh kvgmc6g5 ditlmg2l oygrvhab nvdbi5me sf5mxxl7 gl3lb2sf hhz5lgdu\"><img loading=\"lazy\" src=\"https:\/\/static.xx.fbcdn.net\/images\/emoji.php\/v9\/t51\/1\/16\/1f449.png\" alt=\"\ud83d\udc49\" width=\"16\" height=\"16\" \/><\/span>Qu\u00e9 hacer ante un establecimiento que no est\u00e9 en el registro<\/strong><\/div>\n<div dir=\"auto\"><\/div>\n<\/div>\n<div class=\"cxmmr5t8 oygrvhab hcukyx3x c1et5uql o9v6fnle ii04i59q\">\n<div dir=\"auto\">En el caso de que se constate la existencia de un establecimiento que no est\u00e9 incluido en el listado, se podr\u00e1 advertir de la situaci\u00f3n llamando al 147, la l\u00ednea gratuita municipal de atenci\u00f3n al vecino, o comunic\u00e1ndose con la Defensora de los Derechos de las Personas Mayores, Ligia Blanco, al n\u00famero 4202322 o a la l\u00ednea de WhatsApp al 343 5346616, de 8 a 13. Tambi\u00e9n, las personas interesadas pueden enviar un mail a defensoriaparana@gmail.com o dirigirse a la sede de la Defensor\u00eda, en calle H. Yrigoyen 236.<\/div>\n<div dir=\"auto\"><\/div>\n<\/div>\n<div class=\"cxmmr5t8 oygrvhab hcukyx3x c1et5uql o9v6fnle ii04i59q\">\n<div dir=\"auto\"><strong><span class=\"pq6dq46d tbxw36s4 knj5qynh kvgmc6g5 ditlmg2l oygrvhab nvdbi5me sf5mxxl7 gl3lb2sf hhz5lgdu\"><img loading=\"lazy\" src=\"https:\/\/static.xx.fbcdn.net\/images\/emoji.php\/v9\/t2d\/1\/16\/1f4cd.png\" alt=\"\ud83d\udccd\" width=\"16\" height=\"16\" \/><\/span><span class=\"pq6dq46d tbxw36s4 knj5qynh kvgmc6g5 ditlmg2l oygrvhab nvdbi5me sf5mxxl7 gl3lb2sf hhz5lgdu\"><img loading=\"lazy\" src=\"https:\/\/static.xx.fbcdn.net\/images\/emoji.php\/v9\/t32\/1\/16\/1f516.png\" alt=\"\ud83d\udd16\" width=\"16\" height=\"16\" \/><\/span>Mesa de Pol\u00edticas P\u00fablicas<\/strong><\/div>\n<div dir=\"auto\"><\/div>\n<\/div>\n<div class=\"cxmmr5t8 oygrvhab hcukyx3x c1et5uql o9v6fnle ii04i59q\">\n<div dir=\"auto\">La Mesa de Pol\u00edticas P\u00fablicas para Personas Mayores empez\u00f3 a funcionar en septiembre de 2021 y re\u00fane a instituciones y organizaciones de la ciudad en conjunto con \u00e1reas del Estado, que trabajen en la tem\u00e1tica. Su conformaci\u00f3n est\u00e1 prevista en la ordenanza N\u00ba 9389, norma sancionada en 2016 por la que se instaur\u00f3 la figura del Defensor\/a de los Derechos de las Personas Mayores en Paran\u00e1. Para ocupar ese cargo result\u00f3 electa por el Concejo Deliberante de Paran\u00e1 Ligia Blanco, quien inici\u00f3 su mandato el 1 de octubre de 2020.<\/div>\n<div dir=\"auto\">Los art\u00edculos 11 y 12 de la ordenanza 9389 establecen la creaci\u00f3n y funcionamiento de la mesa con el fin de \u201cproponer y discutir las medidas a implementar para velar por la defensa y protecci\u00f3n de los intereses de los adultos mayores\u201d. Con ese fin, los integrantes del espacio se re\u00fanen peri\u00f3dicamente para trabajar en temas de inter\u00e9s y beneficio de los adultos mayores.<\/div>\n<\/div>\n<\/div>\n<\/div>\n<\/div>\n<\/div>\n<div id=\"jsc_c_6s2\" class=\"l9j0dhe7\">\n<div class=\"l9j0dhe7\">\n<div>\n<div class=\"bp9cbjyn cwj9ozl2 j83agx80 cbu4d94t ni8dbmo4 stjgntxs l9j0dhe7 k4urcfbm\">\n<div>\n<div class=\"do00u71z ni8dbmo4 stjgntxs l9j0dhe7\">\n<div class=\"pmk7jnqg kr520xx4\"><img loading=\"lazy\" class=\"i09qtzwb n7fi1qx3 datstx6m pmk7jnqg j9ispegn kr520xx4 k4urcfbm bixrwtb6\" src=\"https:\/\/scontent.fros2-1.fna.fbcdn.net\/v\/t39.30808-6\/279567461_2187426578078255_4441391099163446560_n.jpg?_nc_cat=107&amp;ccb=1-7&amp;_nc_sid=730e14&amp;_nc_ohc=K21FGLkqBEYAX_D2mAH&amp;_nc_oc=AQlDyndOHxbZXwZN9t3oz_KvUhOwLvdkykaWwx9OfqEVcsP5hGDDd_IvCcNnJCkhN9M&amp;_nc_ht=scontent.fros2-1.fna&amp;oh=00_AT8i68WpcE9pWyxbL2XKrWMgqh7G2OLqCSuD7iDy3KvULg&amp;oe=62EB71F9\" alt=\"Puede ser una imagen de 1 persona y texto que dice &quot;Por los derechos de las personas mayores Defensor\u00eda del Pueblo Ciudad de Paran\u00e1&quot;\" width=\"588\" height=\"417\" \/><\/div>\n<\/div>\n<\/div>\n<\/div>\n<div class=\"linmgsc8 opwvks06 i09qtzwb n7fi1qx3 hzruof5a pmk7jnqg j9ispegn kr520xx4\"><\/div>\n<div class=\"n00je7tq arfg74bv qs9ysxi8 k77z8yql i09qtzwb n7fi1qx3 b5wmifdl hzruof5a pmk7jnqg j9ispegn kr520xx4 c5ndavph art1omkt ot9fgl3s\" data-visualcompletion=\"ignore\"><\/div>\n<\/div>\n<\/div>\n<\/div>\n<\/div>\n<div>\n<div class=\"stjgntxs ni8dbmo4 l82x9zwi uo3d90p7 h905i5nu monazrh9\" data-visualcompletion=\"ignore-dynamic\">\n<div>\n<div class=\"cwj9ozl2 tvmbv18p\"><\/div>\n<\/div>\n<\/div>\n<\/div>\n","protected":false},"excerpt":{"rendered":"<p>La Mesa de Pol\u00edticas P\u00fablicas para Personas Mayores, que funciona en el \u00e1mbito de la Defensor\u00eda de los Derechos de las Personas Mayores de la Defensor\u00eda del Pueblo de la Ciudad de Paran\u00e1, trabaj\u00f3 en forma conjunta con \u00e1reas municipales con el fin de que la ciudadan\u00eda pueda contar con la informaci\u00f3n sobre geri\u00e1tricos y [&hellip;]<\/p>\n","protected":false},"author":2,"featured_media":2766,"comment_status":"open","ping_status":"open","sticky":false,"template":"","format":"standard","meta":{"om_disable_all_campaigns":false,"_monsterinsights_skip_tracking":false,"_monsterinsights_sitenote_active":false,"_monsterinsights_sitenote_note":"","_monsterinsights_sitenote_category":0},"categories":[1],"tags":[],"_links":{"self":[{"href":"https:\/\/defensoriaparana.com.ar\/index.php\/wp-json\/wp\/v2\/posts\/2765"}],"collection":[{"href":"https:\/\/defensoriaparana.com.ar\/index.php\/wp-json\/wp\/v2\/posts"}],"about":[{"href":"https:\/\/defensoriaparana.com.ar\/index.php\/wp-json\/wp\/v2\/types\/post"}],"author":[{"embeddable":true,"href":"https:\/\/defensoriaparana.com.ar\/index.php\/wp-json\/wp\/v2\/users\/2"}],"replies":[{"embeddable":true,"href":"https:\/\/defensoriaparana.com.ar\/index.php\/wp-json\/wp\/v2\/comments?post=2765"}],"version-history":[{"count":1,"href":"https:\/\/defensoriaparana.com.ar\/index.php\/wp-json\/wp\/v2\/posts\/2765\/revisions"}],"predecessor-version":[{"id":2767,"href":"https:\/\/defensoriaparana.com.ar\/index.php\/wp-json\/wp\/v2\/posts\/2765\/revisions\/2767"}],"wp:featuredmedia":[{"embeddable":true,"href":"https:\/\/defensoriaparana.com.ar\/index.php\/wp-json\/wp\/v2\/media\/2766"}],"wp:attachment":[{"href":"https:\/\/defensoriaparana.com.ar\/index.php\/wp-json\/wp\/v2\/media?parent=2765"}],"wp:term":[{"taxonomy":"category","embeddable":true,"href":"https:\/\/defensoriaparana.com.ar\/index.php\/wp-json\/wp\/v2\/categories?post=2765"},{"taxonomy":"post_tag","embeddable":true,"href":"https:\/\/defensoriaparana.com.ar\/index.php\/wp-json\/wp\/v2\/tags?post=2765"}],"curies":[{"name":"wp","href":"https:\/\/api.w.org\/{rel}","templated":true}]}}