{"id":2778,"date":"2022-08-01T19:09:25","date_gmt":"2022-08-01T19:09:25","guid":{"rendered":"http:\/\/defensoriaparana.com.ar\/?p=2778"},"modified":"2022-08-01T19:10:15","modified_gmt":"2022-08-01T19:10:15","slug":"aportes-para-mejorar-la-convivencia-y-la-defensa-de-los-derechos-a-traves-de-murales-comunitarios-comunitarios","status":"publish","type":"post","link":"https:\/\/defensoriaparana.com.ar\/index.php\/2022\/08\/01\/aportes-para-mejorar-la-convivencia-y-la-defensa-de-los-derechos-a-traves-de-murales-comunitarios-comunitarios\/","title":{"rendered":"Aportes para mejorar la convivencia y la defensa de los derechos a trav\u00e9s de murales comunitarios"},"content":{"rendered":"<div class=\"kvgmc6g5 cxmmr5t8 oygrvhab hcukyx3x c1et5uql ii04i59q\">\n<div dir=\"auto\"><\/div>\n<\/div>\n<div class=\"cxmmr5t8 oygrvhab hcukyx3x c1et5uql o9v6fnle ii04i59q\">\n<div dir=\"auto\"><\/div>\n<div dir=\"auto\">Desde 2018, la Defensor\u00eda del Pueblo de la Cuidad de Paran\u00e1 viene promoviendo diversos proyectos participativos en espacios comunitarios de la ciudad. Lo hace en el marco de un programa institucional denominado Arte, Convivencia y Abordaje de Conflictos, que tiene un fuerte eje de trabajo en la propuesta y concreci\u00f3n de murales en distintas zonas, como as\u00ed tambi\u00e9n en paredes internas de instituciones y otras expresiones pl\u00e1sticas.<\/div>\n<\/div>\n<div class=\"cxmmr5t8 oygrvhab hcukyx3x c1et5uql o9v6fnle ii04i59q\">\n<div dir=\"auto\"><\/div>\n<div dir=\"auto\">Con bellos dibujos y colores, surgidos del sentir y el quehacer del vecindario, se busca visibilizar derechos ciudadanos, generar conversaciones e intercambios sobre la convivencia, realizar homenajes a, por ejemplo, personas trabajadoras de una comunidad, y reivindicaciones a procesos hist\u00f3ricos de instituciones, entre otros prop\u00f3sitos.<\/div>\n<\/div>\n<div class=\"cxmmr5t8 oygrvhab hcukyx3x c1et5uql o9v6fnle ii04i59q\">\n<div dir=\"auto\"><\/div>\n<div dir=\"auto\">El artista pl\u00e1stico y muralista Andr\u00e9s Leiva, integrante del Centro de Mediaci\u00f3n Comunitario de la instituci\u00f3n, es quien gu\u00eda y realiza el trabajo en la comunidad. Antes de que los trazos lleguen a la pared, realiza una esmerada tarea en formato de taller con las personas involucradas en la tem\u00e1tica del mural en proyecto. En ese \u00e1mbito, surgen conversaciones, ideas, sentimientos, convicciones, preocupaciones, anhelos, y reconocimiento de derechos pendientes de cumplimiento. Todo ello se busca que quede expresado o resumido en dibujos, base de un boceto que, tras el consenso del grupo, ser\u00e1 la inspiraci\u00f3n de lo que finalmente quedar\u00e1 plasmado -de la mano de Andr\u00e9s Leiva- en la pared.<\/div>\n<\/div>\n<div class=\"cxmmr5t8 oygrvhab hcukyx3x c1et5uql o9v6fnle ii04i59q\">\n<div dir=\"auto\"><\/div>\n<div dir=\"auto\">La etapa que le sigue no es menos atractiva e invita al encuentro de la comunidad en un espacio y un tiempo que proponen compartir y disfrutar del trabajo y el mensaje. Se trata de la pintura, fase en la que la convocatoria es abierta y posibilita que cada persona que se acerque al lugar, pueda elegir un color, qu\u00e9 pintar y avance con recipiente y pincel en mano.<\/div>\n<\/div>\n<div class=\"cxmmr5t8 oygrvhab hcukyx3x c1et5uql o9v6fnle ii04i59q\">\n<div dir=\"auto\"><\/div>\n<div dir=\"auto\">De esa forma, con participaci\u00f3n institucional y comunitaria, y a trav\u00e9s de herramientas de las artes pl\u00e1sticas, del di\u00e1logo y el trabajo multidisciplinario, se llevan realizados decenas de murales que, en base a la belleza, comunican sobre diferentes tem\u00e1ticas propias de la ciudad.<\/div>\n<\/div>\n<div class=\"cxmmr5t8 oygrvhab hcukyx3x c1et5uql o9v6fnle ii04i59q\">\n<div dir=\"auto\"><\/div>\n<div dir=\"auto\">En el \u00faltimo a\u00f1o, se concretaron ocho obras con los siguientes temas: Derecho a la Accesibilidad, homenaje a la Semana de la Memoria, D\u00eda Mundial de la Salud, Mujeres Empoderadas, Valoraci\u00f3n del trabajo de las cocineras en los merenderos durante la pandemia, por los 18 a\u00f1os del Centro de Mediaci\u00f3n y una bandera con la consigna La calle no es un lugar para vivir. Esta \u00faltima se realiz\u00f3 en conmemoraci\u00f3n de los dos a\u00f1os de existencia de la Red por los Derechos de las Personas en Situaci\u00f3n de Calle, \u00e1mbito que integra la Defensor\u00eda del Pueblo junto a instituciones y organizaciones locales.<\/div>\n<\/div>\n<div class=\"cxmmr5t8 oygrvhab hcukyx3x c1et5uql o9v6fnle ii04i59q\">\n<div dir=\"auto\"><\/div>\n<div dir=\"auto\">En el siguiente video <a href=\"https:\/\/www.youtube.com\/watch?v=ESw2Hzm-N64&amp;t=2s\">https:\/\/www.youtube.com\/watch?v=ESw2Hzm-N64&amp;t=2s<\/a>, realizado por Andr\u00e9s Leiva, se puede apreciar un resumen de lo hecho en 2021.<\/div>\n<div dir=\"auto\"><img loading=\"lazy\" class=\"alignnone size-medium wp-image-2779\" src=\"http:\/\/defensoriaparana.com.ar\/wp-content\/uploads\/2022\/08\/murales-2021-300x157.jpg\" alt=\"\" width=\"300\" height=\"157\" srcset=\"https:\/\/defensoriaparana.com.ar\/wp-content\/uploads\/2022\/08\/murales-2021-300x157.jpg 300w, https:\/\/defensoriaparana.com.ar\/wp-content\/uploads\/2022\/08\/murales-2021.jpg 500w\" sizes=\"(max-width: 300px) 100vw, 300px\" \/><\/div>\n<\/div>\n","protected":false},"excerpt":{"rendered":"<p>Desde 2018, la Defensor\u00eda del Pueblo de la Cuidad de Paran\u00e1 viene promoviendo diversos proyectos participativos en espacios comunitarios de la ciudad. Lo hace en el marco de un programa institucional denominado Arte, Convivencia y Abordaje de Conflictos, que tiene un fuerte eje de trabajo en la propuesta y concreci\u00f3n de murales en distintas zonas, [&hellip;]<\/p>\n","protected":false},"author":2,"featured_media":2779,"comment_status":"open","ping_status":"open","sticky":false,"template":"","format":"standard","meta":{"om_disable_all_campaigns":false,"_monsterinsights_skip_tracking":false,"_monsterinsights_sitenote_active":false,"_monsterinsights_sitenote_note":"","_monsterinsights_sitenote_category":0},"categories":[1],"tags":[],"_links":{"self":[{"href":"https:\/\/defensoriaparana.com.ar\/index.php\/wp-json\/wp\/v2\/posts\/2778"}],"collection":[{"href":"https:\/\/defensoriaparana.com.ar\/index.php\/wp-json\/wp\/v2\/posts"}],"about":[{"href":"https:\/\/defensoriaparana.com.ar\/index.php\/wp-json\/wp\/v2\/types\/post"}],"author":[{"embeddable":true,"href":"https:\/\/defensoriaparana.com.ar\/index.php\/wp-json\/wp\/v2\/users\/2"}],"replies":[{"embeddable":true,"href":"https:\/\/defensoriaparana.com.ar\/index.php\/wp-json\/wp\/v2\/comments?post=2778"}],"version-history":[{"count":2,"href":"https:\/\/defensoriaparana.com.ar\/index.php\/wp-json\/wp\/v2\/posts\/2778\/revisions"}],"predecessor-version":[{"id":2781,"href":"https:\/\/defensoriaparana.com.ar\/index.php\/wp-json\/wp\/v2\/posts\/2778\/revisions\/2781"}],"wp:featuredmedia":[{"embeddable":true,"href":"https:\/\/defensoriaparana.com.ar\/index.php\/wp-json\/wp\/v2\/media\/2779"}],"wp:attachment":[{"href":"https:\/\/defensoriaparana.com.ar\/index.php\/wp-json\/wp\/v2\/media?parent=2778"}],"wp:term":[{"taxonomy":"category","embeddable":true,"href":"https:\/\/defensoriaparana.com.ar\/index.php\/wp-json\/wp\/v2\/categories?post=2778"},{"taxonomy":"post_tag","embeddable":true,"href":"https:\/\/defensoriaparana.com.ar\/index.php\/wp-json\/wp\/v2\/tags?post=2778"}],"curies":[{"name":"wp","href":"https:\/\/api.w.org\/{rel}","templated":true}]}}