{"id":2801,"date":"2022-04-28T10:40:59","date_gmt":"2022-04-28T10:40:59","guid":{"rendered":"http:\/\/defensoriaparana.com.ar\/?p=2801"},"modified":"2022-08-08T10:45:37","modified_gmt":"2022-08-08T10:45:37","slug":"la-defensoria-del-pueblo-estuvo-en-la-zona-del-barrio-san-roque","status":"publish","type":"post","link":"https:\/\/defensoriaparana.com.ar\/index.php\/2022\/04\/28\/la-defensoria-del-pueblo-estuvo-en-la-zona-del-barrio-san-roque\/","title":{"rendered":"La Defensor\u00eda del Pueblo estuvo en la zona del barrio San Roque"},"content":{"rendered":"<div class=\"kvgmc6g5 cxmmr5t8 oygrvhab hcukyx3x c1et5uql ii04i59q\">\n<div dir=\"auto\"><\/div>\n<\/div>\n<div class=\"cxmmr5t8 oygrvhab hcukyx3x c1et5uql o9v6fnle ii04i59q\">\n<div dir=\"auto\"><\/div>\n<div dir=\"auto\">En el marco de las jornadas de atenci\u00f3n comunitaria, la oficina m\u00f3vil de la Defensor\u00eda del Pueblo de Paran\u00e1 estuvo este jueves en las inmediaciones de la Parroquia San Cayetano, en Atanasio Eguiguren y Ayacucho.<\/div>\n<\/div>\n<div class=\"cxmmr5t8 oygrvhab hcukyx3x c1et5uql o9v6fnle ii04i59q\">\n<div dir=\"auto\">Una importante cantidad de personas de esa zona este de la ciudad se acerc\u00f3 a las inmediaciones de la parroquia, donde funcion\u00f3 la oficina de la Defensor\u00eda junto a la de \u00e1reas sociales de la Municipalidad, la Provincia y la Naci\u00f3n.<\/div>\n<\/div>\n<div class=\"cxmmr5t8 oygrvhab hcukyx3x c1et5uql o9v6fnle ii04i59q\">\n<div dir=\"auto\">Las mesas de atenci\u00f3n se instalaron al aire libre y durante la ma\u00f1ana se sinti\u00f3 el viento con el descenso de la temperatura. A pesar de ello, se sumaron las consultas y reclamos sobre distintos temas registrados por integrantes de la Defensor\u00eda del Pueblo.<\/div>\n<div dir=\"auto\"><img loading=\"lazy\" class=\"alignnone size-medium wp-image-2805\" src=\"http:\/\/defensoriaparana.com.ar\/wp-content\/uploads\/2022\/08\/bARRIO-SAN-ROQUE-300x225.jpg\" alt=\"\" width=\"300\" height=\"225\" srcset=\"https:\/\/defensoriaparana.com.ar\/wp-content\/uploads\/2022\/08\/bARRIO-SAN-ROQUE-300x225.jpg 300w, https:\/\/defensoriaparana.com.ar\/wp-content\/uploads\/2022\/08\/bARRIO-SAN-ROQUE-1024x768.jpg 1024w, https:\/\/defensoriaparana.com.ar\/wp-content\/uploads\/2022\/08\/bARRIO-SAN-ROQUE-768x576.jpg 768w, https:\/\/defensoriaparana.com.ar\/wp-content\/uploads\/2022\/08\/bARRIO-SAN-ROQUE.jpg 1032w\" sizes=\"(max-width: 300px) 100vw, 300px\" \/><\/div>\n<div dir=\"auto\"><\/div>\n<\/div>\n<div class=\"cxmmr5t8 oygrvhab hcukyx3x c1et5uql o9v6fnle ii04i59q\">\n<div dir=\"auto\">Mediante el funcionamiento de la oficina m\u00f3vil, la instituci\u00f3n viene realizando cada semana salidas a los barrios en el marco del programa \u201cLa Defensor\u00eda al encuentro\u201d de la ciudadan\u00eda, con el objetivo de acercar la instituci\u00f3n y facilitar sus servicios a habitantes de distintas zonas de la ciudad.<\/div>\n<div dir=\"auto\"><img loading=\"lazy\" class=\"alignnone size-medium wp-image-2804\" src=\"http:\/\/defensoriaparana.com.ar\/wp-content\/uploads\/2022\/08\/SAN-CAYETANO3-225x300.jpg\" alt=\"\" width=\"225\" height=\"300\" srcset=\"https:\/\/defensoriaparana.com.ar\/wp-content\/uploads\/2022\/08\/SAN-CAYETANO3-225x300.jpg 225w, https:\/\/defensoriaparana.com.ar\/wp-content\/uploads\/2022\/08\/SAN-CAYETANO3-768x1024.jpg 768w, https:\/\/defensoriaparana.com.ar\/wp-content\/uploads\/2022\/08\/SAN-CAYETANO3.jpg 780w\" sizes=\"(max-width: 225px) 100vw, 225px\" \/><\/div>\n<\/div>\n<div class=\"cxmmr5t8 oygrvhab hcukyx3x c1et5uql o9v6fnle ii04i59q\">\n<div dir=\"auto\">Se brinda asesoramiento e informaci\u00f3n y se atienden consultas, reclamos, solicitudes de mediaci\u00f3n y cuestiones referidas a derechos de la personas mayores, entre otras.<\/div>\n<div dir=\"auto\"><img loading=\"lazy\" class=\"alignnone size-medium wp-image-2806\" src=\"http:\/\/defensoriaparana.com.ar\/wp-content\/uploads\/2022\/08\/SAN-CAYETANO6-300x225.jpg\" alt=\"\" width=\"300\" height=\"225\" srcset=\"https:\/\/defensoriaparana.com.ar\/wp-content\/uploads\/2022\/08\/SAN-CAYETANO6-300x225.jpg 300w, https:\/\/defensoriaparana.com.ar\/wp-content\/uploads\/2022\/08\/SAN-CAYETANO6-1024x768.jpg 1024w, https:\/\/defensoriaparana.com.ar\/wp-content\/uploads\/2022\/08\/SAN-CAYETANO6-768x576.jpg 768w, https:\/\/defensoriaparana.com.ar\/wp-content\/uploads\/2022\/08\/SAN-CAYETANO6.jpg 1032w\" sizes=\"(max-width: 300px) 100vw, 300px\" \/><\/div>\n<\/div>\n<div class=\"cxmmr5t8 oygrvhab hcukyx3x c1et5uql o9v6fnle ii04i59q\">\n<div dir=\"auto\">Participan de la actividad que se desarrolla en forma semanal en distintos puntos de la ciudad \u00e1reas municipales, Sube, Defensa del Consumidor, Progresar, Programa Acompa\u00f1ar, Oficina de Empleo, Anses, Pami, Subsecretar\u00eda de Integraci\u00f3n Socio Urbana (Programa Mi pieza), Centro de Acceso a la Justicia (CAJ), Departamental de Escuelas, Instituto Becario y Plan Nacional Primera Infancia.<\/div>\n<\/div>\n","protected":false},"excerpt":{"rendered":"<p>En el marco de las jornadas de atenci\u00f3n comunitaria, la oficina m\u00f3vil de la Defensor\u00eda del Pueblo de Paran\u00e1 estuvo este jueves en las inmediaciones de la Parroquia San Cayetano, en Atanasio Eguiguren y Ayacucho. Una importante cantidad de personas de esa zona este de la ciudad se acerc\u00f3 a las inmediaciones de la parroquia, [&hellip;]<\/p>\n","protected":false},"author":2,"featured_media":2803,"comment_status":"open","ping_status":"open","sticky":false,"template":"","format":"standard","meta":{"om_disable_all_campaigns":false,"_monsterinsights_skip_tracking":false,"_monsterinsights_sitenote_active":false,"_monsterinsights_sitenote_note":"","_monsterinsights_sitenote_category":0},"categories":[1],"tags":[],"_links":{"self":[{"href":"https:\/\/defensoriaparana.com.ar\/index.php\/wp-json\/wp\/v2\/posts\/2801"}],"collection":[{"href":"https:\/\/defensoriaparana.com.ar\/index.php\/wp-json\/wp\/v2\/posts"}],"about":[{"href":"https:\/\/defensoriaparana.com.ar\/index.php\/wp-json\/wp\/v2\/types\/post"}],"author":[{"embeddable":true,"href":"https:\/\/defensoriaparana.com.ar\/index.php\/wp-json\/wp\/v2\/users\/2"}],"replies":[{"embeddable":true,"href":"https:\/\/defensoriaparana.com.ar\/index.php\/wp-json\/wp\/v2\/comments?post=2801"}],"version-history":[{"count":1,"href":"https:\/\/defensoriaparana.com.ar\/index.php\/wp-json\/wp\/v2\/posts\/2801\/revisions"}],"predecessor-version":[{"id":2807,"href":"https:\/\/defensoriaparana.com.ar\/index.php\/wp-json\/wp\/v2\/posts\/2801\/revisions\/2807"}],"wp:featuredmedia":[{"embeddable":true,"href":"https:\/\/defensoriaparana.com.ar\/index.php\/wp-json\/wp\/v2\/media\/2803"}],"wp:attachment":[{"href":"https:\/\/defensoriaparana.com.ar\/index.php\/wp-json\/wp\/v2\/media?parent=2801"}],"wp:term":[{"taxonomy":"category","embeddable":true,"href":"https:\/\/defensoriaparana.com.ar\/index.php\/wp-json\/wp\/v2\/categories?post=2801"},{"taxonomy":"post_tag","embeddable":true,"href":"https:\/\/defensoriaparana.com.ar\/index.php\/wp-json\/wp\/v2\/tags?post=2801"}],"curies":[{"name":"wp","href":"https:\/\/api.w.org\/{rel}","templated":true}]}}