{"id":2817,"date":"2022-04-25T10:58:17","date_gmt":"2022-04-25T10:58:17","guid":{"rendered":"http:\/\/defensoriaparana.com.ar\/?p=2817"},"modified":"2022-08-08T11:01:41","modified_gmt":"2022-08-08T11:01:41","slug":"colectivos-parana-santa-fe-se-conformara-una-mesa-de-trabajo-para-monitorear-las-demandas-y-reclamos","status":"publish","type":"post","link":"https:\/\/defensoriaparana.com.ar\/index.php\/2022\/04\/25\/colectivos-parana-santa-fe-se-conformara-una-mesa-de-trabajo-para-monitorear-las-demandas-y-reclamos\/","title":{"rendered":"Colectivos Paran\u00e1-Santa Fe: Se conformar\u00e1 una mesa de trabajo para monitorear las demandas y reclamos\u00a0"},"content":{"rendered":"<p>Las Defensoras del Pueblo de Paran\u00e1, Marcia L\u00f3pez y Cecilia Pautaso (Adjunta), junto a su par de Santa Fe, Jorge Henn, participaron este lunes de una reuni\u00f3n convocada por el Rector de la Universidad Nacional del Litoral (UNL), Enrique Mammarella, en el marco de las gestiones que se vienen realizando desde las Defensor\u00edas del Pueblo paranaense y santafesina, ante el reclamos de usuarios debido a las deficiencias en el servicio interurbano de colectivos.<\/p>\n<p><img loading=\"lazy\" class=\"alignnone size-medium wp-image-2812\" src=\"http:\/\/defensoriaparana.com.ar\/wp-content\/uploads\/2022\/08\/FOTO2-300x225.jpg\" alt=\"\" width=\"300\" height=\"225\" srcset=\"https:\/\/defensoriaparana.com.ar\/wp-content\/uploads\/2022\/08\/FOTO2-300x225.jpg 300w, https:\/\/defensoriaparana.com.ar\/wp-content\/uploads\/2022\/08\/FOTO2-1024x768.jpg 1024w, https:\/\/defensoriaparana.com.ar\/wp-content\/uploads\/2022\/08\/FOTO2-768x576.jpg 768w, https:\/\/defensoriaparana.com.ar\/wp-content\/uploads\/2022\/08\/FOTO2.jpg 1032w\" sizes=\"(max-width: 300px) 100vw, 300px\" \/><\/p>\n<div class=\"cxmmr5t8 oygrvhab hcukyx3x c1et5uql o9v6fnle ii04i59q\">\n<div dir=\"auto\">En el encuentro, que cont\u00f3 adem\u00e1s con la presencia de representantes de ambas empresas prestadoras (Etacer y Fluviales), de los estudiantes a trav\u00e9s de las Federaci\u00f3n Universitaria del Litoral (FUL) y de autoridades de la Universidad, se acord\u00f3 organizar una mesa de trabajo conjunta, con el fin de analizar alternativas que permitan atender la demanda, principalmente en horario pico, y mejorar el servicio. Cabe recordar que el grueso de los usuarios (un 60%, seg\u00fan las empresas) son estudiantes, la mayor\u00eda de la UNL.<\/div>\n<\/div>\n<div class=\"cxmmr5t8 oygrvhab hcukyx3x c1et5uql o9v6fnle ii04i59q\">\n<div dir=\"auto\">Concretamente, se evalu\u00f3 el flujo de pasajeros en determinadas franjas horarias, como por ejemplo entre las 6 y las 9 de la ma\u00f1ana que -de acuerdo a estimaciones de las empresas- viajan unas 3 mil personas desde Paran\u00e1 a Santa Fe; como as\u00ed tambi\u00e9n por las tardes, cuando se producen largas esperas y colas en la ciudad universitaria, ubicada en la zona de El Pozo, y en el centro santafesino, en la Facultad de Ciencias Jur\u00eddicas y Sociales.<\/div>\n<div dir=\"auto\">Las representantes de las prestadoras, las gerentes operativas Paola Ren\u00e9 (Etacer) y Daniela Brumatti (Fluviales), explicaron que si bien las empresas trabajan con la estructura completa -y mencionaron los siguientes n\u00fameros: tienen 29 unidades entre ambas firmas, hacen 260 servicios diarios con 45 plazas cada uno y recorren la cantidad de kil\u00f3metros abarcados por los subsidios nacionales-, expresaron predisposici\u00f3n para estudiar la posibilidad de coordinar los servicios con las actividades y horarios de las facultades.<\/div>\n<div dir=\"auto\"><img loading=\"lazy\" class=\"alignnone size-medium wp-image-2813\" src=\"http:\/\/defensoriaparana.com.ar\/wp-content\/uploads\/2022\/08\/foto-va-300x225.jpg\" alt=\"\" width=\"300\" height=\"225\" srcset=\"https:\/\/defensoriaparana.com.ar\/wp-content\/uploads\/2022\/08\/foto-va-300x225.jpg 300w, https:\/\/defensoriaparana.com.ar\/wp-content\/uploads\/2022\/08\/foto-va-1024x768.jpg 1024w, https:\/\/defensoriaparana.com.ar\/wp-content\/uploads\/2022\/08\/foto-va-768x576.jpg 768w, https:\/\/defensoriaparana.com.ar\/wp-content\/uploads\/2022\/08\/foto-va.jpg 1032w\" sizes=\"(max-width: 300px) 100vw, 300px\" \/><\/div>\n<div dir=\"auto\">En total, se record\u00f3 que la demanda total de pasajes asciende a unos 180 mil por mes y, en relaci\u00f3n a los estudiantes, la UNL tiene unos 60 mil, de los que un tercio son entrerrianos.<\/div>\n<div dir=\"auto\"><\/div>\n<\/div>\n<div class=\"cxmmr5t8 oygrvhab hcukyx3x c1et5uql o9v6fnle ii04i59q\">\n<div dir=\"auto\"><strong>Problema y di\u00e1logo<\/strong><\/div>\n<div dir=\"auto\"><\/div>\n<\/div>\n<div class=\"cxmmr5t8 oygrvhab hcukyx3x c1et5uql o9v6fnle ii04i59q\">\n<div dir=\"auto\">La Defensora del Pueblo de Paran\u00e1, Marcia L\u00f3pez, asegur\u00f3 que \u201cel mayor problema es la falta de unidades para atender la demanda existente, sobre todo en horarios pico. El servicio es insuficiente y tenemos que buscar la manera de resolverlo. Este es un primer paso muy valioso: sentarse en una mesa de trabajo que permita monitorear el servicio, dialogar y buscar soluciones de manera conjunta aportando miradas y herramientas\u201d.<\/div>\n<div dir=\"auto\"><img loading=\"lazy\" class=\"alignnone size-medium wp-image-2814\" src=\"http:\/\/defensoriaparana.com.ar\/wp-content\/uploads\/2022\/08\/FOTO1-300x225.jpg\" alt=\"\" width=\"300\" height=\"225\" srcset=\"https:\/\/defensoriaparana.com.ar\/wp-content\/uploads\/2022\/08\/FOTO1-300x225.jpg 300w, https:\/\/defensoriaparana.com.ar\/wp-content\/uploads\/2022\/08\/FOTO1-1024x768.jpg 1024w, https:\/\/defensoriaparana.com.ar\/wp-content\/uploads\/2022\/08\/FOTO1-768x576.jpg 768w, https:\/\/defensoriaparana.com.ar\/wp-content\/uploads\/2022\/08\/FOTO1.jpg 1032w\" sizes=\"(max-width: 300px) 100vw, 300px\" \/><\/div>\n<div dir=\"auto\">Por su parte, la Defensora Adjunta, Cecilia Pautaso, remarc\u00f3 que \u201cel problema no es estanco sino que tiene su fluctuaci\u00f3n, ya que la demanda se ajusta a la vida estudiantil (ex\u00e1menes, receso) como a la fluidez en el v\u00ednculo entre ambas ciudades, en relaci\u00f3n a la actividad laboral, cultural, recreativa, deportiva. En este caso la demanda del servicio tambi\u00e9n fluct\u00faa y pude crecer de acuerdo a eventos puntuales\u201d, remarc\u00f3.<\/div>\n<div dir=\"auto\">\u201cEl problema (del transporte interurbano) se ha agudizado en la pospandemia con el retorno de la presencialidad plena a los edificios de la UNL\u201d, asegur\u00f3 el Rector Enrique Mammarella y al t\u00e9rmino de la reuni\u00f3n, anunci\u00f3: \u201cA partir del di\u00e1logo y la buena voluntad de las partes involucradas, hemos decidido conformar una mesa de trabajo conjunto para monitorear el servicio y encontrar, en equipo, las mejores soluciones a una problem\u00e1tica que afecta a toda la comunidad universitaria\u201d.<\/div>\n<div dir=\"auto\">Luego, el Defensor del Pueblo de la Provincia de Santa Fe, Jorge Henn, indic\u00f3 que \u201clas empresas han prestado su colaboraci\u00f3n para llevar adelante la coordinaci\u00f3n de un servicio p\u00fablico como es el de transporte interurbano de pasajeros. La Defensor\u00eda del Pueblo de Santa Fe ha recepcionado reclamos al igual que la de Paran\u00e1 en un escenario que es complejo y se agudiza con la vuelta a la presencialidad plena y a la realidad del sistema inmobiliario que hace que actualmente no sea para nada sencillo alquilar en Santa Fe\u201d. Para concluir, Henn se mostr\u00f3 \u201cagradecido al rector Mammarella por abrirnos las puertas del Rectorado de la UNL e invitarnos a dialogar para encontrar soluciones entre todos\u201d.<\/div>\n<div dir=\"auto\">En tanto, Claudia Amherdt, presidente de la Federaci\u00f3n Universitaria del Litoral (FUL) asegur\u00f3 que para la organizaci\u00f3n estudiantil \u201ces sumamente importante generar y participar de esta mesa de trabajo que no tiene otro objetivo m\u00e1s que encontrar una soluci\u00f3n a este problema de movilidad que se viene visibilizando desde hace muchos a\u00f1os pero que se profundiz\u00f3 con la vuelta a la presencialidad plena. Hemos realizado un relevamiento acerca de los inconvenientes que nos permite diagramar propuestas de soluci\u00f3n a las falencias del sistema\u201d.<\/div>\n<\/div>\n<div class=\"cxmmr5t8 oygrvhab hcukyx3x c1et5uql o9v6fnle ii04i59q\">\n<div dir=\"auto\">Cabe recordar que las Defensor\u00edas del Pueblo de Paran\u00e1 y Santa Fe vienen aboc\u00e1ndose a esta problem\u00e1tica y retomaron las gestiones de manera conjunta en febrero de este a\u00f1o. Fue en ese mes que la instituci\u00f3n de Paran\u00e1 comenz\u00f3 a recibir reclamos de usuarios ante la falencia de los servicios, cuesti\u00f3n que tambi\u00e9n se replic\u00f3 en Santa Fe. Desde entonces, ambas Defensor\u00edas vienen realizando gestiones con las diferentes partes involucradas con el fin de buscar soluciones.<\/div>\n<\/div>\n<div class=\"cxmmr5t8 oygrvhab hcukyx3x c1et5uql o9v6fnle ii04i59q\">\n<div dir=\"auto\"><\/div>\n<div dir=\"auto\"><strong>Participantes<\/strong><\/div>\n<div dir=\"auto\"><\/div>\n<\/div>\n<div class=\"cxmmr5t8 oygrvhab hcukyx3x c1et5uql o9v6fnle ii04i59q\">\n<div dir=\"auto\">La reuni\u00f3n de este lunes se realiz\u00f3 en la sede del Rectorado y participaron tambi\u00e9n las siguientes autoridades del Rectorado: el secretario General, Adri\u00e1n Bollati; el secretario de Bienestar Universitario, Cristian V\u00e1zquez; el director de Obras y Servicios Centralizados, Marcelo Saba; la coordinadora del Programa Movilidad Sostenible, Giada Gonz\u00e1lez; y el director del Programa de Administraci\u00f3n de Servicios, Enrique Carbajo.<\/div>\n<div dir=\"auto\">Estuvo el secretario General de la FUL, Germ\u00e1n Berman, y por la Defensor\u00eda de Santa Fe, la directora de Atenci\u00f3n Ciudadana, Laura Santamarina; y la subdirectora de Usuarios y Consumo, Adriana Garrido.<\/div>\n<div dir=\"auto\">En tanto, por Etacer asisti\u00f3 tambi\u00e9n el jefe de Tr\u00e1fico, Aldo Schoeder, y por Fluviales, el jefe de Tr\u00e1fico, Sergio Cabrol.<\/div>\n<div dir=\"auto\">Participaron adem\u00e1s el vicedecano de la Facultad de Ciencias Jur\u00eddicas y Sociales, Pedro S\u00e1nchez Izquierdo; la directora de Ense\u00f1anza y Coordinaci\u00f3n Acad\u00e9mica de la Facultad de Arquitectura, Dise\u00f1o y Urbanismo, Mar\u00eda Lucila Fierro; y el secretario de Planeamiento y Coordinaci\u00f3n de Gesti\u00f3n de la Facultad de Ciencias Econ\u00f3micas, Emir Espinoza.<\/div>\n<div dir=\"auto\"><\/div>\n<\/div>\n<div class=\"cxmmr5t8 oygrvhab hcukyx3x c1et5uql o9v6fnle ii04i59q\">\n<div dir=\"auto\">*Con informaci\u00f3n de la UNL<\/div>\n<\/div>\n<p>&nbsp;<\/p>\n<p><iframe loading=\"lazy\" title=\"Movilidad: Analizaron la problem\u00e1tica del servicio de transporte interurbano Santa Fe \u2013 Paran\u00e1\" width=\"960\" height=\"540\" src=\"https:\/\/www.youtube.com\/embed\/EGQZvlM8xjM?feature=oembed\" frameborder=\"0\" allow=\"accelerometer; autoplay; clipboard-write; encrypted-media; gyroscope; picture-in-picture\" allowfullscreen><\/iframe><\/p>\n","protected":false},"excerpt":{"rendered":"<p>Las Defensoras del Pueblo de Paran\u00e1, Marcia L\u00f3pez y Cecilia Pautaso (Adjunta), junto a su par de Santa Fe, Jorge Henn, participaron este lunes de una reuni\u00f3n convocada por el Rector de la Universidad Nacional del Litoral (UNL), Enrique Mammarella, en el marco de las gestiones que se vienen realizando desde las Defensor\u00edas del Pueblo [&hellip;]<\/p>\n","protected":false},"author":2,"featured_media":2812,"comment_status":"open","ping_status":"open","sticky":false,"template":"","format":"standard","meta":{"om_disable_all_campaigns":false,"_monsterinsights_skip_tracking":false,"_monsterinsights_sitenote_active":false,"_monsterinsights_sitenote_note":"","_monsterinsights_sitenote_category":0},"categories":[1],"tags":[],"_links":{"self":[{"href":"https:\/\/defensoriaparana.com.ar\/index.php\/wp-json\/wp\/v2\/posts\/2817"}],"collection":[{"href":"https:\/\/defensoriaparana.com.ar\/index.php\/wp-json\/wp\/v2\/posts"}],"about":[{"href":"https:\/\/defensoriaparana.com.ar\/index.php\/wp-json\/wp\/v2\/types\/post"}],"author":[{"embeddable":true,"href":"https:\/\/defensoriaparana.com.ar\/index.php\/wp-json\/wp\/v2\/users\/2"}],"replies":[{"embeddable":true,"href":"https:\/\/defensoriaparana.com.ar\/index.php\/wp-json\/wp\/v2\/comments?post=2817"}],"version-history":[{"count":1,"href":"https:\/\/defensoriaparana.com.ar\/index.php\/wp-json\/wp\/v2\/posts\/2817\/revisions"}],"predecessor-version":[{"id":2818,"href":"https:\/\/defensoriaparana.com.ar\/index.php\/wp-json\/wp\/v2\/posts\/2817\/revisions\/2818"}],"wp:featuredmedia":[{"embeddable":true,"href":"https:\/\/defensoriaparana.com.ar\/index.php\/wp-json\/wp\/v2\/media\/2812"}],"wp:attachment":[{"href":"https:\/\/defensoriaparana.com.ar\/index.php\/wp-json\/wp\/v2\/media?parent=2817"}],"wp:term":[{"taxonomy":"category","embeddable":true,"href":"https:\/\/defensoriaparana.com.ar\/index.php\/wp-json\/wp\/v2\/categories?post=2817"},{"taxonomy":"post_tag","embeddable":true,"href":"https:\/\/defensoriaparana.com.ar\/index.php\/wp-json\/wp\/v2\/tags?post=2817"}],"curies":[{"name":"wp","href":"https:\/\/api.w.org\/{rel}","templated":true}]}}