{"id":2819,"date":"2022-04-22T11:06:38","date_gmt":"2022-04-22T11:06:38","guid":{"rendered":"http:\/\/defensoriaparana.com.ar\/?p=2819"},"modified":"2022-08-08T11:12:48","modified_gmt":"2022-08-08T11:12:48","slug":"la-defensoria-del-pueblo-de-parana-fue-invitada-a-exponer-sobre-la-experiencia-de-trabajo-de-la-institucion-en-gualeguaychu","status":"publish","type":"post","link":"https:\/\/defensoriaparana.com.ar\/index.php\/2022\/04\/22\/la-defensoria-del-pueblo-de-parana-fue-invitada-a-exponer-sobre-la-experiencia-de-trabajo-de-la-institucion-en-gualeguaychu\/","title":{"rendered":"La Defensor\u00eda del Pueblo de Paran\u00e1 fue invitada a exponer sobre la experiencia de trabajo de la instituci\u00f3n en Gualeguaych\u00fa"},"content":{"rendered":"<p>Las Defensoras del Pueblo de la Ciudad de Paran\u00e1, Marcia L\u00f3pez y Cecilia Pautaso (Adjunta), junto a la Directora de Derechos Ciudadanos, Silvia Pidoux, expusieron este viernes 22, especialmente invitadas por el Concejo Deliberante de Gualeguaych\u00fa, en una charla introductoria sobre la instituci\u00f3n Defensor\u00eda del Pueblo, como herramienta de la democracia.<\/p>\n<div>\n<div class=\"\" dir=\"auto\">\n<div id=\"jsc_c_2gp\" class=\"ecm0bbzt hv4rvrfc ihqw7lf3 dati1w0a\" data-ad-comet-preview=\"message\" data-ad-preview=\"message\">\n<div class=\"j83agx80 cbu4d94t ew0dbk1b irj2b8pg\">\n<div class=\"qzhwtbm6 knvmm38d\">\n<div class=\"cxmmr5t8 oygrvhab hcukyx3x c1et5uql o9v6fnle ii04i59q\">\n<div dir=\"auto\">La actividad se enmarc\u00f3 en una iniciativa que propone la creaci\u00f3n de una Defensor\u00eda del Pueblo en esa localidad y las Defensoras fueron convocadas para que se refirieran a la experiencia de la instituci\u00f3n de Paran\u00e1, \u00fanica en su tipo en la provincia desde hace casi dos d\u00e9cadas.<\/div>\n<\/div>\n<div class=\"cxmmr5t8 oygrvhab hcukyx3x c1et5uql o9v6fnle ii04i59q\">\n<div dir=\"auto\"><\/div>\n<div dir=\"auto\">La charla se realiz\u00f3 en el sal\u00f3n del Concejo Deliberante y fue abierta a la comunidad. As\u00ed, pronto los asistentes colmaron el espacio con una importante concurrencia de vecinos y de los concejales de la ciudad. Tambi\u00e9n, participaron autoridades municipales y provinciales, como as\u00ed tambi\u00e9n legisladores e intendentes de localidades vecinas.<\/div>\n<\/div>\n<div class=\"cxmmr5t8 oygrvhab hcukyx3x c1et5uql o9v6fnle ii04i59q\">\n<div dir=\"auto\"><\/div>\n<div dir=\"auto\">Durante la exposici\u00f3n, las Defensoras y la Directora comentaron los objetivos y alcances de la Defensor\u00eda, como instituci\u00f3n de promoci\u00f3n y protecci\u00f3n de los derechos ciudadanos, y describieron la modalidad de trabajo y los casos y temas que habitualmente se atienden.<\/div>\n<\/div>\n<div class=\"cxmmr5t8 oygrvhab hcukyx3x c1et5uql o9v6fnle ii04i59q\">\n<div dir=\"auto\"><\/div>\n<div dir=\"auto\">La Defensor\u00eda del Pueblo de Paran\u00e1 fue creada en 2003 y desde entonces viene trabajando intensamente con un registro estad\u00edstico de 35.790 actuaciones e innumerables intervenciones en temas de inter\u00e9s p\u00fablico. En 2008, con la reforma de la Constituci\u00f3n provincial, fue instituida la Defensor\u00eda del Pueblo de Entre R\u00edos; pero a\u00fan no se ha constituido. Tambi\u00e9n, en el tiempo transcurrido, ha habido intentos -sin que llegara a plasmarse ninguno- en distintas localidades entrerrianas de avanzar con la creaci\u00f3n de Defensor\u00edas municipales. As\u00ed las cosas, la Defensor\u00eda de Paran\u00e1 no s\u00f3lo recibe consultas y reclamos de paranaenses, sino tambi\u00e9n de habitantes de otros puntos de la provincia.<\/div>\n<\/div>\n<div class=\"cxmmr5t8 oygrvhab hcukyx3x c1et5uql o9v6fnle ii04i59q\">\n<div dir=\"auto\"><\/div>\n<div dir=\"auto\">El concejal de Gualeguaych\u00fa Entre Todos, Luis Castillo, es autor de la iniciativa que propone la creaci\u00f3n de la Defensor\u00eda del Pueblo en esa ciudad. Sobre la convocatoria de este viernes, inform\u00f3 que la intenci\u00f3n consisti\u00f3 en generar un espacio abierto con el fin de que ediles y vecinos pudieran \u201cinteriorizarse del proyecto y conocer la experiencia de la \u00fanica Defensor\u00eda del Pueblo (la de Paran\u00e1) que funciona en la provincia&#8221;.<\/div>\n<\/div>\n<\/div>\n<\/div>\n<\/div>\n<\/div>\n<div id=\"jsc_c_2gq\" class=\"l9j0dhe7\">\n<div class=\"l9j0dhe7\">\n<div>\n<div>\n<div class=\"l9j0dhe7\">\n<div class=\"l9j0dhe7\">\n<div class=\"ni8dbmo4 stjgntxs pmk7jnqg\">\n<div class=\"stjgntxs ni8dbmo4\">\n<div class=\"do00u71z ni8dbmo4 stjgntxs l9j0dhe7\">\n<div class=\"pmk7jnqg kr520xx4\"><img class=\"i09qtzwb n7fi1qx3 datstx6m pmk7jnqg j9ispegn kr520xx4 k4urcfbm\" src=\"https:\/\/scontent.fros2-1.fna.fbcdn.net\/v\/t39.30808-6\/278755309_2179917988829114_667418999135311679_n.jpg?stp=dst-jpg_p526x395&amp;_nc_cat=109&amp;ccb=1-7&amp;_nc_sid=730e14&amp;_nc_ohc=y18XWAQUrm4AX93anqO&amp;tn=cEqwy9F0LoDt58Me&amp;_nc_ht=scontent.fros2-1.fna&amp;oh=00_AT-7R8p6FMTFOdfBc3gHrcc5wBLYdrVjptpR2P7t2mKd4w&amp;oe=62F5D33D\" alt=\"\" \/><\/div>\n<\/div>\n<div class=\"kr520xx4 j9ispegn pmk7jnqg hzruof5a n7fi1qx3 rq0escxv i09qtzwb opwvks06 linmgsc8\"><\/div>\n<\/div>\n<div class=\"n00je7tq arfg74bv qs9ysxi8 k77z8yql i09qtzwb n7fi1qx3 b5wmifdl hzruof5a pmk7jnqg j9ispegn kr520xx4 c5ndavph art1omkt ot9fgl3s\" data-visualcompletion=\"ignore\"><\/div>\n<\/div>\n<div class=\"ni8dbmo4 stjgntxs pmk7jnqg\">\n<div class=\"stjgntxs ni8dbmo4\">\n<div class=\"do00u71z ni8dbmo4 stjgntxs l9j0dhe7\">\n<div class=\"pmk7jnqg kr520xx4\"><img class=\"i09qtzwb n7fi1qx3 datstx6m pmk7jnqg j9ispegn kr520xx4 k4urcfbm\" src=\"https:\/\/scontent.fros2-2.fna.fbcdn.net\/v\/t39.30808-6\/278648461_2179918085495771_628272275798024785_n.jpg?stp=dst-jpg_p526x395&amp;_nc_cat=105&amp;ccb=1-7&amp;_nc_sid=730e14&amp;_nc_ohc=ZPiOs1YM2hsAX8lr6g2&amp;_nc_ht=scontent.fros2-2.fna&amp;oh=00_AT805e79XoqRFf5gAGtglfUP0jiL3uZeQElyiqBMQV7xww&amp;oe=62F65EC7\" alt=\"\" \/><\/div>\n<\/div>\n<div class=\"kr520xx4 j9ispegn pmk7jnqg hzruof5a n7fi1qx3 rq0escxv i09qtzwb opwvks06 linmgsc8\"><\/div>\n<\/div>\n<div class=\"n00je7tq arfg74bv qs9ysxi8 k77z8yql i09qtzwb n7fi1qx3 b5wmifdl hzruof5a pmk7jnqg j9ispegn kr520xx4 c5ndavph art1omkt ot9fgl3s\" data-visualcompletion=\"ignore\"><\/div>\n<\/div>\n<div class=\"ni8dbmo4 stjgntxs pmk7jnqg\">\n<div class=\"stjgntxs ni8dbmo4\">\n<div class=\"do00u71z ni8dbmo4 stjgntxs l9j0dhe7\">\n<div class=\"pmk7jnqg kr520xx4\"><img class=\"i09qtzwb n7fi1qx3 datstx6m pmk7jnqg j9ispegn kr520xx4 k4urcfbm\" src=\"https:\/\/scontent.fros2-2.fna.fbcdn.net\/v\/t39.30808-6\/278682269_2179918165495763_5441871758142184561_n.jpg?stp=dst-jpg_p403x403&amp;_nc_cat=106&amp;ccb=1-7&amp;_nc_sid=730e14&amp;_nc_ohc=F61JFOjuK5wAX8-Z9Xb&amp;tn=cEqwy9F0LoDt58Me&amp;_nc_ht=scontent.fros2-2.fna&amp;oh=00_AT_ATh43w_lM3MbNGcYhUDZOZ1dqhZyEJXn2zHsvW9C-rQ&amp;oe=62F522A4\" alt=\"\" \/><\/div>\n<\/div>\n<div class=\"kr520xx4 j9ispegn pmk7jnqg hzruof5a n7fi1qx3 rq0escxv i09qtzwb opwvks06 linmgsc8\"><\/div>\n<\/div>\n<div class=\"n00je7tq arfg74bv qs9ysxi8 k77z8yql i09qtzwb n7fi1qx3 b5wmifdl hzruof5a pmk7jnqg j9ispegn kr520xx4 c5ndavph art1omkt ot9fgl3s\" data-visualcompletion=\"ignore\"><\/div>\n<\/div>\n<div class=\"ni8dbmo4 stjgntxs pmk7jnqg\">\n<div class=\"stjgntxs ni8dbmo4\">\n<div class=\"do00u71z ni8dbmo4 stjgntxs l9j0dhe7\">\n<div class=\"pmk7jnqg kr520xx4\"><img class=\"i09qtzwb n7fi1qx3 datstx6m pmk7jnqg j9ispegn kr520xx4 k4urcfbm\" src=\"https:\/\/scontent.fros2-1.fna.fbcdn.net\/v\/t39.30808-6\/279052342_2179918218829091_2173159078188335180_n.jpg?stp=dst-jpg_p526x395&amp;_nc_cat=107&amp;ccb=1-7&amp;_nc_sid=730e14&amp;_nc_ohc=NcsxL78RLjEAX9Kncv0&amp;_nc_ht=scontent.fros2-1.fna&amp;oh=00_AT83qd-VOd6HNm99FaA9YuFbLB3bMW3jbm0snhL3LpTv_A&amp;oe=62F57D9D\" alt=\"\" \/><\/div>\n<\/div>\n<div class=\"kr520xx4 j9ispegn pmk7jnqg hzruof5a n7fi1qx3 rq0escxv i09qtzwb opwvks06 linmgsc8\"><\/div>\n<\/div>\n<\/div>\n<\/div>\n<\/div>\n<\/div>\n<\/div>\n<\/div>\n<\/div>\n<\/div>\n<div>\n<div class=\"stjgntxs ni8dbmo4 l82x9zwi uo3d90p7 h905i5nu monazrh9\" data-visualcompletion=\"ignore-dynamic\">\n<div>\n<div>\n<div>\n<div class=\"l9j0dhe7\">\n<div class=\"bp9cbjyn m9osqain j83agx80 jq4qci2q bkfpd7mw a3bd9o3v kvgmc6g5 wkznzc2l oygrvhab dhix69tm jktsbyx5 rz4wbd8a osnr6wyh a8nywdso s1tcr66n\">\n<div class=\"bp9cbjyn j83agx80 buofh1pr ni8dbmo4 stjgntxs\">\n<div class=\"\"><\/div>\n<\/div>\n<\/div>\n<\/div>\n<\/div>\n<\/div>\n<\/div>\n<\/div>\n<\/div>\n<p>Repercusi\u00f3n en medios de comunicaci\u00f3n de la visita de las Defensoras.<\/p>\n<p><a href=\"https:\/\/www.eldiaonline.com\/marcia-lopez-tenemos-que-ser-la-voz-de-quienes-no-la-tienen\">https:\/\/www.eldiaonline.com\/marcia-lopez-tenemos-que-ser-la-voz-de-quienes-no-la-tienen<\/a><\/p>\n","protected":false},"excerpt":{"rendered":"<p>Las Defensoras del Pueblo de la Ciudad de Paran\u00e1, Marcia L\u00f3pez y Cecilia Pautaso (Adjunta), junto a la Directora de Derechos Ciudadanos, Silvia Pidoux, expusieron este viernes 22, especialmente invitadas por el Concejo Deliberante de Gualeguaych\u00fa, en una charla introductoria sobre la instituci\u00f3n Defensor\u00eda del Pueblo, como herramienta de la democracia. La actividad se enmarc\u00f3 [&hellip;]<\/p>\n","protected":false},"author":2,"featured_media":2821,"comment_status":"open","ping_status":"open","sticky":false,"template":"","format":"standard","meta":{"om_disable_all_campaigns":false,"_monsterinsights_skip_tracking":false,"_monsterinsights_sitenote_active":false,"_monsterinsights_sitenote_note":"","_monsterinsights_sitenote_category":0},"categories":[1],"tags":[],"_links":{"self":[{"href":"https:\/\/defensoriaparana.com.ar\/index.php\/wp-json\/wp\/v2\/posts\/2819"}],"collection":[{"href":"https:\/\/defensoriaparana.com.ar\/index.php\/wp-json\/wp\/v2\/posts"}],"about":[{"href":"https:\/\/defensoriaparana.com.ar\/index.php\/wp-json\/wp\/v2\/types\/post"}],"author":[{"embeddable":true,"href":"https:\/\/defensoriaparana.com.ar\/index.php\/wp-json\/wp\/v2\/users\/2"}],"replies":[{"embeddable":true,"href":"https:\/\/defensoriaparana.com.ar\/index.php\/wp-json\/wp\/v2\/comments?post=2819"}],"version-history":[{"count":1,"href":"https:\/\/defensoriaparana.com.ar\/index.php\/wp-json\/wp\/v2\/posts\/2819\/revisions"}],"predecessor-version":[{"id":2822,"href":"https:\/\/defensoriaparana.com.ar\/index.php\/wp-json\/wp\/v2\/posts\/2819\/revisions\/2822"}],"wp:featuredmedia":[{"embeddable":true,"href":"https:\/\/defensoriaparana.com.ar\/index.php\/wp-json\/wp\/v2\/media\/2821"}],"wp:attachment":[{"href":"https:\/\/defensoriaparana.com.ar\/index.php\/wp-json\/wp\/v2\/media?parent=2819"}],"wp:term":[{"taxonomy":"category","embeddable":true,"href":"https:\/\/defensoriaparana.com.ar\/index.php\/wp-json\/wp\/v2\/categories?post=2819"},{"taxonomy":"post_tag","embeddable":true,"href":"https:\/\/defensoriaparana.com.ar\/index.php\/wp-json\/wp\/v2\/tags?post=2819"}],"curies":[{"name":"wp","href":"https:\/\/api.w.org\/{rel}","templated":true}]}}