{"id":2826,"date":"2022-04-21T11:16:44","date_gmt":"2022-04-21T11:16:44","guid":{"rendered":"http:\/\/defensoriaparana.com.ar\/?p=2826"},"modified":"2022-08-08T11:19:18","modified_gmt":"2022-08-08T11:19:18","slug":"personas-en-situacion-de-calle-se-planifica-la-realizacion-del-censo-y-controles-de-salud-en-una-jornada-de-encuentro","status":"publish","type":"post","link":"https:\/\/defensoriaparana.com.ar\/index.php\/2022\/04\/21\/personas-en-situacion-de-calle-se-planifica-la-realizacion-del-censo-y-controles-de-salud-en-una-jornada-de-encuentro\/","title":{"rendered":"Personas en situaci\u00f3n de calle: se planifica la realizaci\u00f3n del censo y controles de salud en una jornada de encuentro"},"content":{"rendered":"<div>\n<div class=\"\" dir=\"auto\">\n<div id=\"jsc_c_2ic\" class=\"ecm0bbzt hv4rvrfc ihqw7lf3 dati1w0a\" data-ad-comet-preview=\"message\" data-ad-preview=\"message\">\n<div class=\"j83agx80 cbu4d94t ew0dbk1b irj2b8pg\">\n<div class=\"qzhwtbm6 knvmm38d\">\n<div class=\"kvgmc6g5 cxmmr5t8 oygrvhab hcukyx3x c1et5uql ii04i59q\">\n<div dir=\"auto\"><\/div>\n<\/div>\n<div class=\"cxmmr5t8 oygrvhab hcukyx3x c1et5uql o9v6fnle ii04i59q\">\n<div dir=\"auto\">Integrantes de la Red por los Derechos de las Personas en Situaci\u00f3n de Calle concretaron el mi\u00e9rcoles 20 una nueva reuni\u00f3n en la sede de la Defensor\u00eda del Pueblo de Paran\u00e1. Asistieron funcionarios municipales, provinciales y nacionales y se avanz\u00f3 con la posibilidad de instrumentar en forma conjunta controles de salud y de colaborar con la concreci\u00f3n del censo poblacional.<\/div>\n<\/div>\n<div class=\"cxmmr5t8 oygrvhab hcukyx3x c1et5uql o9v6fnle ii04i59q\">\n<div dir=\"auto\">Para ello y con el fin de convocar especialmente a las personas en situaci\u00f3n de calle, se acord\u00f3 organizar una jornada de encuentro, con la propuesta de distintas actividades, para el 16 de mayo, en la Plaza Alberdi.<\/div>\n<\/div>\n<div class=\"cxmmr5t8 oygrvhab hcukyx3x c1et5uql o9v6fnle ii04i59q\">\n<div dir=\"auto\">En la oportunidad, se prev\u00e9n brindar controles que permitan determinar los casos que requieran tratamientos m\u00e9dicos y derivaciones a consultorios, para lo que se acord\u00f3 coordinar con las \u00e1reas de salud municipal y provincial y los hospitales Escuela de Salud Mental y el San Mart\u00edn.<\/div>\n<\/div>\n<div class=\"cxmmr5t8 oygrvhab hcukyx3x c1et5uql o9v6fnle ii04i59q\">\n<div dir=\"auto\">Asimismo, la intenci\u00f3n es invitar a los asistentes a participar del relevamiento de datos que se har\u00e1 en ese encuentro, correspondiente al Censo Nacional de Poblaci\u00f3n, previsto para el 18 mayo.<\/div>\n<\/div>\n<div class=\"cxmmr5t8 oygrvhab hcukyx3x c1et5uql o9v6fnle ii04i59q\">\n<div dir=\"auto\">Sobre este \u00faltimo punto, Leandro Sarli, Coordinador de Integraci\u00f3n Social de Personas en Situaci\u00f3n de Calle municipal, explic\u00f3 que se trata de un trabajo articulado, a modo de colaboraci\u00f3n, de su \u00e1rea con la Direcci\u00f3n de Estad\u00edsticas y Censos de la provincia, en el marco de la concreci\u00f3n del Censo Nacional de Poblaci\u00f3n, Hogares y Viviendas. Sarli agreg\u00f3 que el \u00e1rea provincial se contact\u00f3 con el fin de solicitar apoyo a la repartici\u00f3n municipal, en vista del trabajo que se viene desarrollando en la ciudad y de la cercan\u00eda y el conocimiento de la poblaci\u00f3n en cuesti\u00f3n. Ante ello, la Red consider\u00f3 que la convocatoria a una jornada para el pr\u00f3ximo 16 ser\u00e1 una buena oportunidad para concretar el relevamiento, as\u00ed como tambi\u00e9n para realizar controles de salud que permitan prevenir y tratar enfermedades, principalmente ante la proximidad del invierno.<\/div>\n<\/div>\n<div class=\"cxmmr5t8 oygrvhab hcukyx3x c1et5uql o9v6fnle ii04i59q\">\n<div dir=\"auto\">Los representantes de los organismos p\u00fablicos presentes en la reuni\u00f3n acordaron participar de la actividad, junto a los integrantes de la Red. En ese sentido, \u00e1reas de Desarrollo Social brindar\u00e1n atenci\u00f3n de tr\u00e1mites referidos a Anses y de solicitud de subsidios, entre otros.<\/div>\n<\/div>\n<div class=\"cxmmr5t8 oygrvhab hcukyx3x c1et5uql o9v6fnle ii04i59q\">\n<div dir=\"auto\">Participaron del encuentro representantes de Desarrollo Social de la Provincia, del Municipio y de la Naci\u00f3n. Tambi\u00e9n, funcionarios de Salud provincial y municipal, de la Direcci\u00f3n de Abordaje Integral de Problem\u00e1ticas de Consumo de Entre R\u00edos, del Hospital Escuela de Salud Mental, del Hospital San Mart\u00edn, del \u00d3rgano de Revisi\u00f3n en Salud Mental -dependiente del Ministerio P\u00fablico de la Defensa- y del dispositivo municipal de Personas en Situaci\u00f3n de Calle. Por la Red, \u00e1mbito creado en 2019, estuvieron integrantes del Hogar de Cristo, de la Red Puentes, de la Facultad de Trabajo Social (UNER) y de la Defensor\u00eda del Pueblo. Asistieron a la reuni\u00f3n las Defensoras del Pueblo, Marcia L\u00f3pez y Cecilia Pautaso (Adjunta), y la Coordinadora del Centro de Mediaci\u00f3n, Irina Chausovsky.<\/div>\n<\/div>\n<\/div>\n<\/div>\n<\/div>\n<\/div>\n<div id=\"jsc_c_2id\" class=\"l9j0dhe7\">\n<div class=\"l9j0dhe7\">\n<div>\n<div>\n<div class=\"l9j0dhe7\">\n<div class=\"l9j0dhe7\">\n<div class=\"ni8dbmo4 stjgntxs pmk7jnqg\">\n<div class=\"stjgntxs ni8dbmo4\">\n<div class=\"do00u71z ni8dbmo4 stjgntxs l9j0dhe7\">\n<div class=\"pmk7jnqg kr520xx4\"><img class=\"i09qtzwb n7fi1qx3 datstx6m pmk7jnqg j9ispegn kr520xx4 k4urcfbm\" src=\"https:\/\/scontent.fros2-1.fna.fbcdn.net\/v\/t39.30808-6\/278585177_2179078742246372_1495319318250828819_n.jpg?stp=dst-jpg_s600x600&amp;_nc_cat=109&amp;ccb=1-7&amp;_nc_sid=730e14&amp;_nc_ohc=rnQ0XP2sZBUAX_aPhw4&amp;_nc_ht=scontent.fros2-1.fna&amp;oh=00_AT_ri51mU1AYuo7QEPFqHmx9HkdhmuRoZTk4Sd0TVlw4xg&amp;oe=62F4FC6D\" alt=\"\" \/><\/div>\n<\/div>\n<div class=\"kr520xx4 j9ispegn pmk7jnqg hzruof5a n7fi1qx3 rq0escxv i09qtzwb opwvks06 linmgsc8\"><\/div>\n<\/div>\n<div class=\"n00je7tq arfg74bv qs9ysxi8 k77z8yql i09qtzwb n7fi1qx3 b5wmifdl hzruof5a pmk7jnqg j9ispegn kr520xx4 c5ndavph art1omkt ot9fgl3s\" data-visualcompletion=\"ignore\"><\/div>\n<\/div>\n<div class=\"ni8dbmo4 stjgntxs pmk7jnqg\">\n<div class=\"stjgntxs ni8dbmo4\">\n<div class=\"do00u71z ni8dbmo4 stjgntxs l9j0dhe7\">\n<div class=\"pmk7jnqg kr520xx4\"><img class=\"i09qtzwb n7fi1qx3 datstx6m pmk7jnqg j9ispegn kr520xx4 k4urcfbm\" src=\"https:\/\/scontent.fros2-2.fna.fbcdn.net\/v\/t39.30808-6\/278675442_2179079015579678_3999828957221302817_n.jpg?stp=dst-jpg_s600x600&amp;_nc_cat=103&amp;ccb=1-7&amp;_nc_sid=730e14&amp;_nc_ohc=i8fhTwLNH-IAX_4pbcQ&amp;_nc_ht=scontent.fros2-2.fna&amp;oh=00_AT8pfxiqHM--3KMwTQ-8gA4WV8FSfowQv_ZPWE2YZrCbMw&amp;oe=62F4E2D0\" alt=\"\" \/><\/div>\n<\/div>\n<div class=\"kr520xx4 j9ispegn pmk7jnqg hzruof5a n7fi1qx3 rq0escxv i09qtzwb opwvks06 linmgsc8\"><\/div>\n<\/div>\n<div class=\"n00je7tq arfg74bv qs9ysxi8 k77z8yql i09qtzwb n7fi1qx3 b5wmifdl hzruof5a pmk7jnqg j9ispegn kr520xx4 c5ndavph art1omkt ot9fgl3s\" data-visualcompletion=\"ignore\"><\/div>\n<\/div>\n<div class=\"ni8dbmo4 stjgntxs pmk7jnqg\">\n<div class=\"stjgntxs ni8dbmo4\">\n<div class=\"do00u71z ni8dbmo4 stjgntxs l9j0dhe7\">\n<div class=\"pmk7jnqg kr520xx4\"><img class=\"i09qtzwb n7fi1qx3 datstx6m pmk7jnqg j9ispegn kr520xx4 k4urcfbm\" src=\"https:\/\/scontent.fros2-1.fna.fbcdn.net\/v\/t39.30808-6\/278914502_2179079188912994_3796784001386262913_n.jpg?stp=dst-jpg_s600x600&amp;_nc_cat=109&amp;ccb=1-7&amp;_nc_sid=730e14&amp;_nc_ohc=vAJyM4lkLlEAX9rp3rJ&amp;_nc_ht=scontent.fros2-1.fna&amp;oh=00_AT8Bbpg90PA_bRIrue4p37X8MlmPPao0aTALcx0pzty_wA&amp;oe=62F4FDB3\" alt=\"\" \/><\/div>\n<\/div>\n<div class=\"kr520xx4 j9ispegn pmk7jnqg hzruof5a n7fi1qx3 rq0escxv i09qtzwb opwvks06 linmgsc8\"><\/div>\n<\/div>\n<div class=\"n00je7tq arfg74bv qs9ysxi8 k77z8yql i09qtzwb n7fi1qx3 b5wmifdl hzruof5a pmk7jnqg j9ispegn kr520xx4 c5ndavph art1omkt ot9fgl3s\" data-visualcompletion=\"ignore\"><\/div>\n<\/div>\n<\/div>\n<\/div>\n<\/div>\n<\/div>\n<\/div>\n<div class=\"stjgntxs ni8dbmo4\"><\/div>\n<\/div>\n<\/div>\n<div class=\"bq4bzpyk s1tcr66n l6v480f0 j83agx80 btwxx1t3 i1fnvgqd pybr56ya d1544ag0 f10w8fjw c4f5jtg6\">\n<div class=\"bp9cbjyn j83agx80 jifvfom9\"><\/div>\n<\/div>\n<div>\n<div class=\"stjgntxs ni8dbmo4 l82x9zwi uo3d90p7 h905i5nu monazrh9\" data-visualcompletion=\"ignore-dynamic\">\n<div>\n<div>\n<div>\n<div class=\"l9j0dhe7\">\n<div class=\"bp9cbjyn m9osqain j83agx80 jq4qci2q bkfpd7mw a3bd9o3v kvgmc6g5 wkznzc2l oygrvhab dhix69tm jktsbyx5 rz4wbd8a osnr6wyh a8nywdso s1tcr66n\">\n<div class=\"kb5gq1qc pfnyh3mw c0wkt4kp\"><\/div>\n<\/div>\n<\/div>\n<\/div>\n<\/div>\n<\/div>\n<\/div>\n<\/div>\n","protected":false},"excerpt":{"rendered":"<p>Integrantes de la Red por los Derechos de las Personas en Situaci\u00f3n de Calle concretaron el mi\u00e9rcoles 20 una nueva reuni\u00f3n en la sede de la Defensor\u00eda del Pueblo de Paran\u00e1. Asistieron funcionarios municipales, provinciales y nacionales y se avanz\u00f3 con la posibilidad de instrumentar en forma conjunta controles de salud y de colaborar con [&hellip;]<\/p>\n","protected":false},"author":2,"featured_media":2827,"comment_status":"open","ping_status":"open","sticky":false,"template":"","format":"standard","meta":{"om_disable_all_campaigns":false,"_monsterinsights_skip_tracking":false,"_monsterinsights_sitenote_active":false,"_monsterinsights_sitenote_note":"","_monsterinsights_sitenote_category":0},"categories":[1],"tags":[],"_links":{"self":[{"href":"https:\/\/defensoriaparana.com.ar\/index.php\/wp-json\/wp\/v2\/posts\/2826"}],"collection":[{"href":"https:\/\/defensoriaparana.com.ar\/index.php\/wp-json\/wp\/v2\/posts"}],"about":[{"href":"https:\/\/defensoriaparana.com.ar\/index.php\/wp-json\/wp\/v2\/types\/post"}],"author":[{"embeddable":true,"href":"https:\/\/defensoriaparana.com.ar\/index.php\/wp-json\/wp\/v2\/users\/2"}],"replies":[{"embeddable":true,"href":"https:\/\/defensoriaparana.com.ar\/index.php\/wp-json\/wp\/v2\/comments?post=2826"}],"version-history":[{"count":1,"href":"https:\/\/defensoriaparana.com.ar\/index.php\/wp-json\/wp\/v2\/posts\/2826\/revisions"}],"predecessor-version":[{"id":2828,"href":"https:\/\/defensoriaparana.com.ar\/index.php\/wp-json\/wp\/v2\/posts\/2826\/revisions\/2828"}],"wp:featuredmedia":[{"embeddable":true,"href":"https:\/\/defensoriaparana.com.ar\/index.php\/wp-json\/wp\/v2\/media\/2827"}],"wp:attachment":[{"href":"https:\/\/defensoriaparana.com.ar\/index.php\/wp-json\/wp\/v2\/media?parent=2826"}],"wp:term":[{"taxonomy":"category","embeddable":true,"href":"https:\/\/defensoriaparana.com.ar\/index.php\/wp-json\/wp\/v2\/categories?post=2826"},{"taxonomy":"post_tag","embeddable":true,"href":"https:\/\/defensoriaparana.com.ar\/index.php\/wp-json\/wp\/v2\/tags?post=2826"}],"curies":[{"name":"wp","href":"https:\/\/api.w.org\/{rel}","templated":true}]}}