{"id":2836,"date":"2022-04-12T11:27:47","date_gmt":"2022-04-12T11:27:47","guid":{"rendered":"http:\/\/defensoriaparana.com.ar\/?p=2836"},"modified":"2022-08-08T11:29:58","modified_gmt":"2022-08-08T11:29:58","slug":"la-defensoria-del-pueblo-estuvo-en-la-zona-sur-de-la-ciudad","status":"publish","type":"post","link":"https:\/\/defensoriaparana.com.ar\/index.php\/2022\/04\/12\/la-defensoria-del-pueblo-estuvo-en-la-zona-sur-de-la-ciudad\/","title":{"rendered":"La Defensor\u00eda del Pueblo estuvo en la zona sur de la ciudad"},"content":{"rendered":"<div>\n<div class=\"\" dir=\"auto\">\n<div id=\"jsc_c_2lg\" class=\"ecm0bbzt hv4rvrfc ihqw7lf3 dati1w0a\" data-ad-comet-preview=\"message\" data-ad-preview=\"message\">\n<div class=\"j83agx80 cbu4d94t ew0dbk1b irj2b8pg\">\n<div class=\"qzhwtbm6 knvmm38d\">\n<div class=\"kvgmc6g5 cxmmr5t8 oygrvhab hcukyx3x c1et5uql ii04i59q\">\n<div dir=\"auto\"><\/div>\n<div dir=\"auto\">La oficina m\u00f3vil de la Defensor\u00eda del Pueblo de la Ciudad de Paran\u00e1 atendi\u00f3 este martes una nutrida cantidad de personas de la zona aleda\u00f1a al Parque Lineal Sur, ubicado entre Divisi\u00f3n Los Andes y Avenida de las Am\u00e9ricas.<\/div>\n<div dir=\"auto\"><\/div>\n<div dir=\"auto\">Consultas, solicitudes de informaci\u00f3n, pedidos de asesoramiento y reclamos son cuestiones que la Defensor\u00eda atiende a trav\u00e9s de su oficina m\u00f3vil, que semanalmente se instala en distintos puntos de la ciudad.<\/div>\n<div dir=\"auto\"><\/div>\n<div dir=\"auto\">Como viene sucediendo, la instituci\u00f3n participa de la jornada de atenci\u00f3n a la comunidad en conjunto con \u00e1reas de los Estados municipal, provincial y nacional. De la actividad, vienen participando oficinas de Anses, de los ministerios de Desarrollo Social y de Trabajo, Empleo y Seguridad Social de la Naci\u00f3n, de Desarrollo Social de la Municipalidad y el Centro de Acceso a la Justicia (CAJ), entre otras.<\/div>\n<div dir=\"auto\"><\/div>\n<div dir=\"auto\">En el marco del programa \u201cLa Defensor\u00eda al encuentro\u201d de la ciudadan\u00eda, la instituci\u00f3n viene realizando salidas semanales a los barrios con el fin de facilitar la atenci\u00f3n de los problemas, necesidades y dudas de habitantes de distintos puntos de la ciudad.<\/div>\n<\/div>\n<\/div>\n<\/div>\n<\/div>\n<\/div>\n<div id=\"jsc_c_2lh\" class=\"l9j0dhe7\">\n<div class=\"l9j0dhe7\">\n<div>\n<div>\n<div class=\"l9j0dhe7\">\n<div class=\"l9j0dhe7\">\n<div class=\"ni8dbmo4 stjgntxs pmk7jnqg\">\n<div class=\"stjgntxs ni8dbmo4\">\n<div class=\"do00u71z ni8dbmo4 stjgntxs l9j0dhe7\">\n<div class=\"pmk7jnqg kr520xx4\"><img class=\"i09qtzwb n7fi1qx3 datstx6m pmk7jnqg j9ispegn kr520xx4 k4urcfbm\" src=\"https:\/\/scontent.fros2-1.fna.fbcdn.net\/v\/t39.30808-6\/278423590_2172150716272508_6745854411475674380_n.jpg?stp=dst-jpg_p600x600&amp;_nc_cat=102&amp;ccb=1-7&amp;_nc_sid=a26aad&amp;_nc_ohc=EnRsxBdDnyQAX_hOuxn&amp;_nc_ht=scontent.fros2-1.fna&amp;oh=00_AT8sR-2rwvbAWEIQwxCqvY6ySHX8F2GU-tHNT7nkfpJMTA&amp;oe=62F6C4F5\" alt=\"\" \/><\/div>\n<\/div>\n<div class=\"kr520xx4 j9ispegn pmk7jnqg hzruof5a n7fi1qx3 rq0escxv i09qtzwb opwvks06 linmgsc8\"><\/div>\n<\/div>\n<div class=\"n00je7tq arfg74bv qs9ysxi8 k77z8yql i09qtzwb n7fi1qx3 b5wmifdl hzruof5a pmk7jnqg j9ispegn kr520xx4 c5ndavph art1omkt ot9fgl3s\" data-visualcompletion=\"ignore\"><\/div>\n<\/div>\n<div class=\"ni8dbmo4 stjgntxs pmk7jnqg\">\n<div class=\"stjgntxs ni8dbmo4\">\n<div class=\"do00u71z ni8dbmo4 stjgntxs l9j0dhe7\">\n<div class=\"pmk7jnqg kr520xx4\"><img class=\"i09qtzwb n7fi1qx3 datstx6m pmk7jnqg j9ispegn kr520xx4 k4urcfbm\" src=\"https:\/\/scontent.fros2-1.fna.fbcdn.net\/v\/t39.30808-6\/278536969_2172150719605841_639726040736926645_n.jpg?stp=dst-jpg_p600x600&amp;_nc_cat=101&amp;ccb=1-7&amp;_nc_sid=a26aad&amp;_nc_ohc=z2uFTNJy3RAAX97Tl9x&amp;_nc_ht=scontent.fros2-1.fna&amp;oh=00_AT8StPbI2m6tHVhzhOdArk2jl7tR1_UHqQx_B9iJI7iEtA&amp;oe=62F57BE5\" alt=\"\" \/><\/div>\n<\/div>\n<div class=\"kr520xx4 j9ispegn pmk7jnqg hzruof5a n7fi1qx3 rq0escxv i09qtzwb opwvks06 linmgsc8\"><\/div>\n<\/div>\n<div class=\"n00je7tq arfg74bv qs9ysxi8 k77z8yql i09qtzwb n7fi1qx3 b5wmifdl hzruof5a pmk7jnqg j9ispegn kr520xx4 c5ndavph art1omkt ot9fgl3s\" data-visualcompletion=\"ignore\"><\/div>\n<\/div>\n<\/div>\n<\/div>\n<\/div>\n<\/div>\n<\/div>\n<div class=\"stjgntxs ni8dbmo4\"><\/div>\n<\/div>\n<\/div>\n<div class=\"bq4bzpyk s1tcr66n l6v480f0 j83agx80 btwxx1t3 i1fnvgqd pybr56ya d1544ag0 f10w8fjw c4f5jtg6\">\n<div class=\"bp9cbjyn j83agx80 jifvfom9\"><\/div>\n<\/div>\n<div>\n<div class=\"stjgntxs ni8dbmo4 l82x9zwi uo3d90p7 h905i5nu monazrh9\" data-visualcompletion=\"ignore-dynamic\">\n<div>\n<div>\n<div>\n<div class=\"l9j0dhe7\">\n<div class=\"bp9cbjyn m9osqain j83agx80 jq4qci2q bkfpd7mw a3bd9o3v kvgmc6g5 wkznzc2l oygrvhab dhix69tm jktsbyx5 rz4wbd8a osnr6wyh a8nywdso s1tcr66n\">\n<div class=\"bp9cbjyn j83agx80 buofh1pr ni8dbmo4 stjgntxs\">\n<div class=\"\">\n<div class=\"oajrlxb2 g5ia77u1 qu0x051f esr5mh6w e9989ue4 r7d6kgcz rq0escxv nhd2j8a9 p7hjln8o kvgmc6g5 cxmmr5t8 oygrvhab hcukyx3x jb3vyjys rz4wbd8a qt6c0cv9 a8nywdso i1ao9s8h esuyzwwr f1sip0of n00je7tq arfg74bv qs9ysxi8 k77z8yql l9j0dhe7 abiwlrkh p8dawk7l lzcic4wl gmql0nx0 ce9h75a5 ni8dbmo4 stjgntxs tkr6xdv7 a8c37x1j\" tabindex=\"0\" role=\"button\"><\/div>\n<\/div>\n<\/div>\n<div class=\"kb5gq1qc pfnyh3mw c0wkt4kp\"><\/div>\n<\/div>\n<\/div>\n<\/div>\n<\/div>\n<\/div>\n<\/div>\n<\/div>\n","protected":false},"excerpt":{"rendered":"<p>La oficina m\u00f3vil de la Defensor\u00eda del Pueblo de la Ciudad de Paran\u00e1 atendi\u00f3 este martes una nutrida cantidad de personas de la zona aleda\u00f1a al Parque Lineal Sur, ubicado entre Divisi\u00f3n Los Andes y Avenida de las Am\u00e9ricas. Consultas, solicitudes de informaci\u00f3n, pedidos de asesoramiento y reclamos son cuestiones que la Defensor\u00eda atiende a [&hellip;]<\/p>\n","protected":false},"author":2,"featured_media":2837,"comment_status":"open","ping_status":"open","sticky":false,"template":"","format":"standard","meta":{"om_disable_all_campaigns":false,"_monsterinsights_skip_tracking":false,"_monsterinsights_sitenote_active":false,"_monsterinsights_sitenote_note":"","_monsterinsights_sitenote_category":0},"categories":[1],"tags":[],"_links":{"self":[{"href":"https:\/\/defensoriaparana.com.ar\/index.php\/wp-json\/wp\/v2\/posts\/2836"}],"collection":[{"href":"https:\/\/defensoriaparana.com.ar\/index.php\/wp-json\/wp\/v2\/posts"}],"about":[{"href":"https:\/\/defensoriaparana.com.ar\/index.php\/wp-json\/wp\/v2\/types\/post"}],"author":[{"embeddable":true,"href":"https:\/\/defensoriaparana.com.ar\/index.php\/wp-json\/wp\/v2\/users\/2"}],"replies":[{"embeddable":true,"href":"https:\/\/defensoriaparana.com.ar\/index.php\/wp-json\/wp\/v2\/comments?post=2836"}],"version-history":[{"count":1,"href":"https:\/\/defensoriaparana.com.ar\/index.php\/wp-json\/wp\/v2\/posts\/2836\/revisions"}],"predecessor-version":[{"id":2838,"href":"https:\/\/defensoriaparana.com.ar\/index.php\/wp-json\/wp\/v2\/posts\/2836\/revisions\/2838"}],"wp:featuredmedia":[{"embeddable":true,"href":"https:\/\/defensoriaparana.com.ar\/index.php\/wp-json\/wp\/v2\/media\/2837"}],"wp:attachment":[{"href":"https:\/\/defensoriaparana.com.ar\/index.php\/wp-json\/wp\/v2\/media?parent=2836"}],"wp:term":[{"taxonomy":"category","embeddable":true,"href":"https:\/\/defensoriaparana.com.ar\/index.php\/wp-json\/wp\/v2\/categories?post=2836"},{"taxonomy":"post_tag","embeddable":true,"href":"https:\/\/defensoriaparana.com.ar\/index.php\/wp-json\/wp\/v2\/tags?post=2836"}],"curies":[{"name":"wp","href":"https:\/\/api.w.org\/{rel}","templated":true}]}}