{"id":2839,"date":"2022-04-09T11:30:04","date_gmt":"2022-04-09T11:30:04","guid":{"rendered":"http:\/\/defensoriaparana.com.ar\/?p=2839"},"modified":"2022-08-08T11:33:38","modified_gmt":"2022-08-08T11:33:38","slug":"servicio-de-colectivos-entre-parana-y-santa-fe-el-rector-de-la-unl-acudio-a-la-convocatoria-de-las-defensorias-del-pueblo","status":"publish","type":"post","link":"https:\/\/defensoriaparana.com.ar\/index.php\/2022\/04\/09\/servicio-de-colectivos-entre-parana-y-santa-fe-el-rector-de-la-unl-acudio-a-la-convocatoria-de-las-defensorias-del-pueblo\/","title":{"rendered":"Servicio de colectivos entre Paran\u00e1 y Santa Fe: el Rector de la UNL acudi\u00f3 a la convocatoria de las Defensor\u00edas del Pueblo"},"content":{"rendered":"<div>\n<div class=\"\" dir=\"auto\">\n<div id=\"jsc_c_2ne\" class=\"ecm0bbzt hv4rvrfc ihqw7lf3 dati1w0a\" data-ad-comet-preview=\"message\" data-ad-preview=\"message\">\n<div class=\"j83agx80 cbu4d94t ew0dbk1b irj2b8pg\">\n<div class=\"qzhwtbm6 knvmm38d\">\n<div class=\"kvgmc6g5 cxmmr5t8 oygrvhab hcukyx3x c1et5uql ii04i59q\">\n<div dir=\"auto\"><\/div>\n<\/div>\n<div class=\"cxmmr5t8 oygrvhab hcukyx3x c1et5uql o9v6fnle ii04i59q\">\n<div dir=\"auto\"><\/div>\n<div dir=\"auto\">El Defensor del Pueblo Adjunto a cargo de la Defensor\u00eda de la Provincia de Santa Fe, Jorge Henn, y las Defensoras del Pueblo de la Ciudad de Paran\u00e1, Marcia L\u00f3pez y Cecilia Pautaso (Adjunta), recibieron al Rector de la Universidad Nacional del Litoral (UNL), Enrique Mammarella, ante los reclamos por el servicio de colectivo interurbano entre ambas capitales provinciales, deficiencias que afectan principalmente a estudiantes, en su mayor\u00eda de esa casa de estudios.<\/div>\n<\/div>\n<div class=\"cxmmr5t8 oygrvhab hcukyx3x c1et5uql o9v6fnle ii04i59q\">\n<div dir=\"auto\">El encuentro se realiz\u00f3 el viernes en la sede de la Defensor\u00eda del Pueblo de Santa Fe y cont\u00f3 tambi\u00e9n con la participaci\u00f3n, en representaci\u00f3n de los estudiantes, de la presidenta de la Federaci\u00f3n Universitaria del Litoral (FUL), Claudia Amherdt.<\/div>\n<\/div>\n<div class=\"cxmmr5t8 oygrvhab hcukyx3x c1et5uql o9v6fnle ii04i59q\">\n<div dir=\"auto\">\u201cNo es la primera vez que debemos afrontar los inconvenientes en movilidad, seguridad y otros aspectos que se dan cada inicio lectivo con unos 20 mil j\u00f3venes transitando diariamente entre las dos ciudades para estudiar y, a veces, realizan hasta dos viajes de ida y vuelta. Tampoco lo es que los actores se sumen a analizar la situaci\u00f3n. S\u00ed, en cambio, que el Rector en persona haya venido a nuestras oficinas en un gesto revelador de compromiso con la problem\u00e1tica\u201d, explic\u00f3 Henn.<\/div>\n<\/div>\n<div class=\"cxmmr5t8 oygrvhab hcukyx3x c1et5uql o9v6fnle ii04i59q\">\n<div dir=\"auto\">Las largas colas en las paradas y terminales de \u00f3mnibus de ambas ciudades, las esperas prolongadas y la falta de certeza sobre si pasa el colectivo, principalmente en horarios nocturnos, es la queja generalizada que vienen recibiendo ambas instituciones por parte de usuarios.<\/div>\n<\/div>\n<div class=\"cxmmr5t8 oygrvhab hcukyx3x c1et5uql o9v6fnle ii04i59q\">\n<div dir=\"auto\">\u201cEn funci\u00f3n de los numerosos reclamos recibidos en nuestra Defensor\u00eda de parte de estudiantes y tambi\u00e9n de personas que viajan a trabajar, nos abocamos a buscar soluciones que esperamos encontrar con todos los actores involucrados en la problem\u00e1tica. Por ello, adem\u00e1s de reunirnos con representantes de las empresas, nos reunimos con el Rector de la Universidad y la representante del estudiantado, quienes mostraron gran predisposici\u00f3n para trabajar en conjunto y organizar las demandas requeridas por los estudiantes\u201d, sostuvo Marcia L\u00f3pez.<\/div>\n<\/div>\n<div class=\"cxmmr5t8 oygrvhab hcukyx3x c1et5uql o9v6fnle ii04i59q\">\n<div dir=\"auto\">A su turno, la Defensora Adjunta, Cecilia Pautaso, agreg\u00f3 que \u201cse trata una problem\u00e1tica que est\u00e1 atravesada por diversos factores como la necesidad de garantizar la seguridad, la iluminaci\u00f3n adecuada en la Ruta 168, entre otros; por lo que se hace imperioso involucrar a responsables de las \u00e1reas competentes en esa materia\u201d.<\/div>\n<div dir=\"auto\"><\/div>\n<\/div>\n<div class=\"cxmmr5t8 oygrvhab hcukyx3x c1et5uql o9v6fnle ii04i59q\">\n<div dir=\"auto\"><strong>Gestiones en conjunto\u00a0<\/strong><\/div>\n<div dir=\"auto\"><\/div>\n<\/div>\n<div class=\"cxmmr5t8 oygrvhab hcukyx3x c1et5uql o9v6fnle ii04i59q\">\n<div dir=\"auto\">Ante la situaci\u00f3n planteada, ambas Defensor\u00edas vienen gestionando el tema en forma conjunta y con las distintas partes involucradas con el fin de encontrar de forma consensuada soluciones que permitan una mejora y optimizaci\u00f3n del servicio. Con ese fin, los titulares de las Defensor\u00edas mantuvieron una reuni\u00f3n, el 30 de marzo pasado, con representantes de las empresas de transporte que prestan el servicio entre Paran\u00e1 y Santa Fe. En la oportunidad, se plante\u00f3 desde las empresas la posibilidad de poder optimizar la prestaci\u00f3n del servicio a partir de una comunicaci\u00f3n m\u00e1s directa, con un \u00fanico interlocutor, que les permita conocer con certeza las modalidades y horarios de las actividades de las facultades de la UNL, principalmente las ubicadas en la Ciudad Universitaria, cercana al barrio El Pozo.<\/div>\n<\/div>\n<div class=\"cxmmr5t8 oygrvhab hcukyx3x c1et5uql o9v6fnle ii04i59q\">\n<div dir=\"auto\">Para analizar la problem\u00e1tica y poder facilitar ese v\u00ednculo con las prestadoras, las Defensor\u00edas convocaron al Rector quien en el encuentro dijo estar al tanto de la situaci\u00f3n y expres\u00f3 su preocupaci\u00f3n por los inconvenientes que padecen los estudiantes y su disposici\u00f3n para buscar soluciones.<\/div>\n<div dir=\"auto\">El Rector detall\u00f3 que la Universidad tiene unos 60 mil estudiantes y un tercio de esa poblaci\u00f3n es de Entre R\u00edos. Aport\u00f3 a continuaci\u00f3n otro dato que engrosa la demanda de viajes: la vuelta a la presencialidad se da en un marco de dificultades para acceder a alquilar, ya que no hay departamentos disponibles en el marco de la legislaci\u00f3n vigente. \u201cAquellos estudiantes que dejaron los departamentos con la pandemia, ahora no consiguen alquilar. Entonces viajan y eso aument\u00f3 m\u00e1s la demanda no solo hacia Paran\u00e1 sino hacia otras localidades de Santa Fe\u201d, explic\u00f3 el Rector. Paralelamente, indic\u00f3 que la Universidad cambi\u00f3 la modalidad en las clases con el fin de evitar la convocatoria de cursos con muchos estudiantes, lo que provoca tambi\u00e9n una modificaci\u00f3n en los horarios pico anteriores. Entonces hay horarios que antes no eran problem\u00e1ticos y que ahora lo son. Mencion\u00f3 la franja horaria a partir de las 18, cuando salen entre 4 mil y 5 mil personas en la Ciudad Universitaria que se tienen que ir: el 50% utiliza transporte p\u00fablico urbano e interurbano.<\/div>\n<\/div>\n<div class=\"cxmmr5t8 oygrvhab hcukyx3x c1et5uql o9v6fnle ii04i59q\">\n<div dir=\"auto\">En se marco, se analiz\u00f3 la posibilidad de instrumentar aplicaciones para el celular que permitan la comunicaci\u00f3n r\u00e1pida de la espera y la demanda. Mientras tanto, el Rector asumi\u00f3 el compromiso de analizar la factibilidad de instrumentar, en conjunto con la FUL, especies de listados que anticipen la cantidad de usuarios en determinados horarios, informaci\u00f3n que ser\u00eda elevada con antelaci\u00f3n a las empresas con el fin de que se pueda prever la atenci\u00f3n adecuada a los pasajeros.<\/div>\n<\/div>\n<div class=\"cxmmr5t8 oygrvhab hcukyx3x c1et5uql o9v6fnle ii04i59q\">\n<div dir=\"auto\">Al respecto, la presidenta de la FUL se sum\u00f3 a la concreci\u00f3n de esa posibilidad y dijo que ser\u00e1 tarea de la Federaci\u00f3n colaborar en la planificaci\u00f3n y difundirla entre los estudiantes. A\u00f1adi\u00f3 que el problema recrudece los domingos, lunes y viernes, cuando los estudiantes vuelven a Santa Fe o retornan a sus casas. Tambi\u00e9n, a la noche, despu\u00e9s de las 22.<\/div>\n<\/div>\n<div class=\"cxmmr5t8 oygrvhab hcukyx3x c1et5uql o9v6fnle ii04i59q\">\n<div dir=\"auto\">Por \u00faltimo, y con el fin de evaluar las posibilidades y aceitar v\u00edas de comunicaci\u00f3n efectivas, el Rector anticip\u00f3 que convocar\u00e1 en los pr\u00f3ximos d\u00edas a representantes de ambas empresas (Etacer y Fluviales), mientras que las Defensor\u00edas del Pueblo continuar\u00e1n con una tarea de facilitaci\u00f3n de las gestiones y monitoreo.<\/div>\n<div dir=\"auto\">Particip\u00f3 del encuentro personal de la Defensor\u00eda del Pueblo de Santa Fe.<\/div>\n<\/div>\n<\/div>\n<\/div>\n<\/div>\n<\/div>\n<div id=\"jsc_c_2nf\" class=\"l9j0dhe7\">\n<div class=\"l9j0dhe7\">\n<div>\n<div>\n<div class=\"l9j0dhe7\">\n<div class=\"l9j0dhe7\">\n<div class=\"ni8dbmo4 stjgntxs pmk7jnqg\">\n<div class=\"stjgntxs ni8dbmo4\">\n<div class=\"do00u71z ni8dbmo4 stjgntxs l9j0dhe7\">\n<div class=\"pmk7jnqg kr520xx4\"><img class=\"i09qtzwb n7fi1qx3 datstx6m pmk7jnqg j9ispegn kr520xx4 k4urcfbm\" src=\"https:\/\/scontent.fros2-1.fna.fbcdn.net\/v\/t39.30808-6\/278176340_2169630573191189_1451770672733433023_n.jpg?stp=dst-jpg_p235x350&amp;_nc_cat=100&amp;ccb=1-7&amp;_nc_sid=730e14&amp;_nc_ohc=pdwzljew9f8AX87g_tX&amp;_nc_ht=scontent.fros2-1.fna&amp;oh=00_AT_2zm8BQ1mSXlKgOha2gZ4qBe7TKCtJrHIRXyLuO3cv4w&amp;oe=62F63DD2\" alt=\"\" \/><\/div>\n<\/div>\n<div class=\"kr520xx4 j9ispegn pmk7jnqg hzruof5a n7fi1qx3 rq0escxv i09qtzwb opwvks06 linmgsc8\"><\/div>\n<\/div>\n<div class=\"n00je7tq arfg74bv qs9ysxi8 k77z8yql i09qtzwb n7fi1qx3 b5wmifdl hzruof5a pmk7jnqg j9ispegn kr520xx4 c5ndavph art1omkt ot9fgl3s\" data-visualcompletion=\"ignore\"><\/div>\n<\/div>\n<div class=\"ni8dbmo4 stjgntxs pmk7jnqg\">\n<div class=\"stjgntxs ni8dbmo4\">\n<div class=\"do00u71z ni8dbmo4 stjgntxs l9j0dhe7\">\n<div class=\"pmk7jnqg kr520xx4\"><img class=\"i09qtzwb n7fi1qx3 datstx6m pmk7jnqg j9ispegn kr520xx4 k4urcfbm\" src=\"https:\/\/scontent.fros2-2.fna.fbcdn.net\/v\/t39.30808-6\/278139100_2169630729857840_6152241819711523537_n.jpg?stp=dst-jpg_s600x600&amp;_nc_cat=106&amp;ccb=1-7&amp;_nc_sid=730e14&amp;_nc_ohc=CepS0eCmXOAAX-kSQJu&amp;tn=cEqwy9F0LoDt58Me&amp;_nc_ht=scontent.fros2-2.fna&amp;oh=00_AT_ekh5jNIGi-IY3Bv_kCv1iNH5lgK1beo6yzgx22kj82Q&amp;oe=62F5F0E8\" alt=\"\" \/><\/div>\n<\/div>\n<div class=\"kr520xx4 j9ispegn pmk7jnqg hzruof5a n7fi1qx3 rq0escxv i09qtzwb opwvks06 linmgsc8\"><\/div>\n<\/div>\n<div class=\"n00je7tq arfg74bv qs9ysxi8 k77z8yql i09qtzwb n7fi1qx3 b5wmifdl hzruof5a pmk7jnqg j9ispegn kr520xx4 c5ndavph art1omkt ot9fgl3s\" data-visualcompletion=\"ignore\"><\/div>\n<\/div>\n<div class=\"ni8dbmo4 stjgntxs pmk7jnqg\">\n<div class=\"stjgntxs ni8dbmo4\">\n<div class=\"do00u71z ni8dbmo4 stjgntxs l9j0dhe7\">\n<div class=\"pmk7jnqg kr520xx4\"><img class=\"i09qtzwb n7fi1qx3 datstx6m pmk7jnqg j9ispegn kr520xx4 k4urcfbm\" src=\"https:\/\/scontent.fros2-1.fna.fbcdn.net\/v\/t39.30808-6\/278139472_2169631156524464_6787783587970805618_n.jpg?stp=dst-jpg_s600x600&amp;_nc_cat=101&amp;ccb=1-7&amp;_nc_sid=730e14&amp;_nc_ohc=Vht7iEIRz7YAX-qQnfI&amp;_nc_ht=scontent.fros2-1.fna&amp;oh=00_AT84MUzE1aiticFrsSfw24G_MJ2TW8HTLrJRQ1tj7USrFg&amp;oe=62F600A5\" alt=\"\" \/><\/div>\n<\/div>\n<div class=\"kr520xx4 j9ispegn pmk7jnqg hzruof5a n7fi1qx3 rq0escxv i09qtzwb opwvks06 linmgsc8\"><\/div>\n<\/div>\n<div class=\"n00je7tq arfg74bv qs9ysxi8 k77z8yql i09qtzwb n7fi1qx3 b5wmifdl hzruof5a pmk7jnqg j9ispegn kr520xx4 c5ndavph art1omkt ot9fgl3s\" data-visualcompletion=\"ignore\"><\/div>\n<\/div>\n<div class=\"ni8dbmo4 stjgntxs pmk7jnqg\">\n<div class=\"stjgntxs ni8dbmo4\">\n<div class=\"do00u71z ni8dbmo4 stjgntxs l9j0dhe7\">\n<div class=\"pmk7jnqg kr520xx4\"><img class=\"i09qtzwb n7fi1qx3 datstx6m pmk7jnqg j9ispegn kr520xx4 k4urcfbm\" src=\"https:\/\/scontent.fros2-1.fna.fbcdn.net\/v\/t39.30808-6\/278187550_2169631236524456_7932290386704913515_n.jpg?stp=dst-jpg_s600x600&amp;_nc_cat=107&amp;ccb=1-7&amp;_nc_sid=730e14&amp;_nc_ohc=WJiuDD5FOe0AX-vvI9_&amp;_nc_ht=scontent.fros2-1.fna&amp;oh=00_AT-QOdRhCYL5jiFK6B5oDqLGIEDExGeE2jAZji0qoYq-NA&amp;oe=62F697FA\" alt=\"\" \/><\/div>\n<\/div>\n<div class=\"kr520xx4 j9ispegn pmk7jnqg hzruof5a n7fi1qx3 rq0escxv i09qtzwb opwvks06 linmgsc8\"><\/div>\n<\/div>\n<div class=\"n00je7tq arfg74bv qs9ysxi8 k77z8yql i09qtzwb n7fi1qx3 b5wmifdl hzruof5a pmk7jnqg j9ispegn kr520xx4 c5ndavph art1omkt ot9fgl3s\" data-visualcompletion=\"ignore\"><\/div>\n<\/div>\n<\/div>\n<\/div>\n<\/div>\n<\/div>\n<\/div>\n<div class=\"stjgntxs ni8dbmo4\"><\/div>\n<\/div>\n<\/div>\n<div class=\"bq4bzpyk s1tcr66n l6v480f0 j83agx80 btwxx1t3 i1fnvgqd pybr56ya d1544ag0 f10w8fjw c4f5jtg6\">\n<div class=\"bp9cbjyn j83agx80 jifvfom9\"><\/div>\n<\/div>\n<div>\n<div class=\"stjgntxs ni8dbmo4 l82x9zwi uo3d90p7 h905i5nu monazrh9\" data-visualcompletion=\"ignore-dynamic\">\n<div>\n<div>\n<div>\n<div class=\"tvfksri0 ozuftl9m\">\n<div class=\"rq0escxv l9j0dhe7 du4w35lb j83agx80 pfnyh3mw i1fnvgqd gs1a9yip owycx6da btwxx1t3 ph5uu5jm b3onmgus e5nlhep0 ecm0bbzt nkwizq5d roh60bw9 mysgfdmx hddg9phg\">\n<div class=\"rq0escxv l9j0dhe7 du4w35lb j83agx80 cbu4d94t d2edcug0 hpfvmrgz rj1gh0hx buofh1pr g5gj957u n8tt0mok hyh9befq iuny7tx3 ipjc6fyt\">\n<div class=\"oajrlxb2 gs1a9yip g5ia77u1 mtkw9kbi tlpljxtp qensuy8j ppp5ayq2 goun2846 ccm00jje s44p3ltw mk2mc5f4 rt8b4zig n8ej3o3l agehan2d sk4xxmp2 rq0escxv nhd2j8a9 mg4g778l pfnyh3mw p7hjln8o kvgmc6g5 cxmmr5t8 oygrvhab hcukyx3x tgvbjcpo hpfvmrgz jb3vyjys rz4wbd8a qt6c0cv9 a8nywdso l9j0dhe7 i1ao9s8h esuyzwwr du4w35lb n00je7tq arfg74bv qs9ysxi8 k77z8yql pq6dq46d btwxx1t3 abiwlrkh p8dawk7l lzcic4wl gokke00a\" tabindex=\"0\" role=\"button\" aria-label=\"Me gusta\">\n<div class=\"rq0escxv l9j0dhe7 du4w35lb j83agx80 rj1gh0hx buofh1pr g5gj957u hpfvmrgz taijpn5t bp9cbjyn owycx6da btwxx1t3 d1544ag0 tw6a2znq jb3vyjys dlv3wnog rl04r1d5 mysgfdmx hddg9phg qu8okrzs g0qnabr5\">\n<div class=\"rq0escxv l9j0dhe7 du4w35lb j83agx80 cbu4d94t pfnyh3mw d2edcug0 hpfvmrgz ph5uu5jm b3onmgus iuny7tx3 ipjc6fyt\"><\/div>\n<\/div>\n<div class=\"n00je7tq arfg74bv qs9ysxi8 k77z8yql i09qtzwb n7fi1qx3 b5wmifdl hzruof5a pmk7jnqg j9ispegn kr520xx4 c5ndavph art1omkt ot9fgl3s\" data-visualcompletion=\"ignore\"><\/div>\n<\/div>\n<div class=\"oajrlxb2 gs1a9yip g5ia77u1 mtkw9kbi tlpljxtp qensuy8j ppp5ayq2 goun2846 ccm00jje s44p3ltw mk2mc5f4 rt8b4zig n8ej3o3l agehan2d sk4xxmp2 rq0escxv nhd2j8a9 mg4g778l pfnyh3mw p7hjln8o kvgmc6g5 cxmmr5t8 oygrvhab hcukyx3x tgvbjcpo hpfvmrgz i1ao9s8h esuyzwwr du4w35lb n00je7tq arfg74bv qs9ysxi8 k77z8yql pq6dq46d btwxx1t3 abiwlrkh p8dawk7l lzcic4wl pphx12oy b4ylihy8 rz4wbd8a b40mr0ww a8nywdso hmalg0qr q45zohi1 g0aa4cga pmk7jnqg gokke00a\" tabindex=\"0\" role=\"button\" aria-label=\"Reaccionar\"><i class=\"hu5pjgll m6k467ps\" data-visualcompletion=\"css-img\"><\/i><\/p>\n<div class=\"n00je7tq arfg74bv qs9ysxi8 k77z8yql i09qtzwb n7fi1qx3 b5wmifdl hzruof5a pmk7jnqg j9ispegn kr520xx4 c5ndavph art1omkt ot9fgl3s\" data-visualcompletion=\"ignore\"><\/div>\n<\/div>\n<\/div>\n<div class=\"rq0escxv l9j0dhe7 du4w35lb j83agx80 cbu4d94t d2edcug0 hpfvmrgz rj1gh0hx buofh1pr g5gj957u n8tt0mok hyh9befq iuny7tx3 ipjc6fyt\">\n<div class=\"oajrlxb2 gs1a9yip g5ia77u1 mtkw9kbi tlpljxtp qensuy8j ppp5ayq2 goun2846 ccm00jje s44p3ltw mk2mc5f4 rt8b4zig n8ej3o3l agehan2d sk4xxmp2 rq0escxv nhd2j8a9 mg4g778l pfnyh3mw p7hjln8o kvgmc6g5 cxmmr5t8 oygrvhab hcukyx3x tgvbjcpo hpfvmrgz jb3vyjys rz4wbd8a qt6c0cv9 a8nywdso l9j0dhe7 i1ao9s8h esuyzwwr f1sip0of du4w35lb n00je7tq arfg74bv qs9ysxi8 k77z8yql pq6dq46d btwxx1t3 abiwlrkh p8dawk7l lzcic4wl\" tabindex=\"0\" role=\"button\" aria-label=\"Dejar un comentario\">\n<div class=\"rq0escxv l9j0dhe7 du4w35lb j83agx80 rj1gh0hx buofh1pr g5gj957u hpfvmrgz taijpn5t bp9cbjyn owycx6da btwxx1t3 d1544ag0 tw6a2znq jb3vyjys dlv3wnog rl04r1d5 mysgfdmx hddg9phg qu8okrzs g0qnabr5\">\n<div class=\"rq0escxv l9j0dhe7 du4w35lb j83agx80 cbu4d94t pfnyh3mw d2edcug0 hpfvmrgz ph5uu5jm b3onmgus iuny7tx3 ipjc6fyt\"><\/div>\n<\/div>\n<\/div>\n<\/div>\n<div class=\"rq0escxv l9j0dhe7 du4w35lb j83agx80 cbu4d94t d2edcug0 hpfvmrgz rj1gh0hx buofh1pr g5gj957u n8tt0mok hyh9befq iuny7tx3 ipjc6fyt\">\n<div class=\"oajrlxb2 gs1a9yip g5ia77u1 mtkw9kbi tlpljxtp qensuy8j ppp5ayq2 goun2846 ccm00jje s44p3ltw mk2mc5f4 rt8b4zig n8ej3o3l agehan2d sk4xxmp2 rq0escxv nhd2j8a9 mg4g778l pfnyh3mw p7hjln8o kvgmc6g5 cxmmr5t8 oygrvhab hcukyx3x tgvbjcpo hpfvmrgz jb3vyjys rz4wbd8a qt6c0cv9 a8nywdso l9j0dhe7 i1ao9s8h esuyzwwr f1sip0of du4w35lb n00je7tq arfg74bv qs9ysxi8 k77z8yql pq6dq46d btwxx1t3 abiwlrkh p8dawk7l lzcic4wl\" tabindex=\"0\" role=\"button\" aria-label=\"Enviar esto a tus amigos o publicarlo en tu biograf\u00eda\">\n<div class=\"n00je7tq arfg74bv qs9ysxi8 k77z8yql i09qtzwb n7fi1qx3 b5wmifdl hzruof5a pmk7jnqg j9ispegn kr520xx4 c5ndavph art1omkt ot9fgl3s\" data-visualcompletion=\"ignore\"><\/div>\n<\/div>\n<\/div>\n<\/div>\n<\/div>\n<\/div>\n<\/div>\n<div class=\"cwj9ozl2 tvmbv18p\"><\/div>\n<\/div>\n<\/div>\n<\/div>\n","protected":false},"excerpt":{"rendered":"<p>El Defensor del Pueblo Adjunto a cargo de la Defensor\u00eda de la Provincia de Santa Fe, Jorge Henn, y las Defensoras del Pueblo de la Ciudad de Paran\u00e1, Marcia L\u00f3pez y Cecilia Pautaso (Adjunta), recibieron al Rector de la Universidad Nacional del Litoral (UNL), Enrique Mammarella, ante los reclamos por el servicio de colectivo interurbano [&hellip;]<\/p>\n","protected":false},"author":2,"featured_media":2840,"comment_status":"open","ping_status":"open","sticky":false,"template":"","format":"standard","meta":{"om_disable_all_campaigns":false,"_monsterinsights_skip_tracking":false,"_monsterinsights_sitenote_active":false,"_monsterinsights_sitenote_note":"","_monsterinsights_sitenote_category":0},"categories":[1],"tags":[],"_links":{"self":[{"href":"https:\/\/defensoriaparana.com.ar\/index.php\/wp-json\/wp\/v2\/posts\/2839"}],"collection":[{"href":"https:\/\/defensoriaparana.com.ar\/index.php\/wp-json\/wp\/v2\/posts"}],"about":[{"href":"https:\/\/defensoriaparana.com.ar\/index.php\/wp-json\/wp\/v2\/types\/post"}],"author":[{"embeddable":true,"href":"https:\/\/defensoriaparana.com.ar\/index.php\/wp-json\/wp\/v2\/users\/2"}],"replies":[{"embeddable":true,"href":"https:\/\/defensoriaparana.com.ar\/index.php\/wp-json\/wp\/v2\/comments?post=2839"}],"version-history":[{"count":1,"href":"https:\/\/defensoriaparana.com.ar\/index.php\/wp-json\/wp\/v2\/posts\/2839\/revisions"}],"predecessor-version":[{"id":2841,"href":"https:\/\/defensoriaparana.com.ar\/index.php\/wp-json\/wp\/v2\/posts\/2839\/revisions\/2841"}],"wp:featuredmedia":[{"embeddable":true,"href":"https:\/\/defensoriaparana.com.ar\/index.php\/wp-json\/wp\/v2\/media\/2840"}],"wp:attachment":[{"href":"https:\/\/defensoriaparana.com.ar\/index.php\/wp-json\/wp\/v2\/media?parent=2839"}],"wp:term":[{"taxonomy":"category","embeddable":true,"href":"https:\/\/defensoriaparana.com.ar\/index.php\/wp-json\/wp\/v2\/categories?post=2839"},{"taxonomy":"post_tag","embeddable":true,"href":"https:\/\/defensoriaparana.com.ar\/index.php\/wp-json\/wp\/v2\/tags?post=2839"}],"curies":[{"name":"wp","href":"https:\/\/api.w.org\/{rel}","templated":true}]}}