{"id":2842,"date":"2022-04-07T11:33:46","date_gmt":"2022-04-07T11:33:46","guid":{"rendered":"http:\/\/defensoriaparana.com.ar\/?p=2842"},"modified":"2022-08-08T11:35:46","modified_gmt":"2022-08-08T11:35:46","slug":"personas-en-situacion-de-calle-se-analizaron-alternativa-de-alojamiento-ante-la-cercania-del-invierno","status":"publish","type":"post","link":"https:\/\/defensoriaparana.com.ar\/index.php\/2022\/04\/07\/personas-en-situacion-de-calle-se-analizaron-alternativa-de-alojamiento-ante-la-cercania-del-invierno\/","title":{"rendered":"Personas en situaci\u00f3n de calle: se analizaron alternativa de alojamiento ante la cercan\u00eda del invierno"},"content":{"rendered":"<div>\n<div class=\"\" dir=\"auto\">\n<div id=\"jsc_c_2oh\" class=\"ecm0bbzt hv4rvrfc ihqw7lf3 dati1w0a\" data-ad-comet-preview=\"message\" data-ad-preview=\"message\">\n<div class=\"j83agx80 cbu4d94t ew0dbk1b irj2b8pg\">\n<div class=\"qzhwtbm6 knvmm38d\">\n<div class=\"kvgmc6g5 cxmmr5t8 oygrvhab hcukyx3x c1et5uql ii04i59q\">\n<div dir=\"auto\"><\/div>\n<\/div>\n<div class=\"cxmmr5t8 oygrvhab hcukyx3x c1et5uql o9v6fnle ii04i59q\">\n<div dir=\"auto\">Integrantes de la Red por los Derechos de las Personas en Situaci\u00f3n de Calle, \u00e1mbito que integra la Defensor\u00eda del Pueblo de Paran\u00e1 junto a una veintena de instituciones y organizaciones de la ciudad, se reunieron este martes con funcionarios municipales con el fin de analizar y coordinar medidas en conjunto ante la proximidad del fr\u00edo.<\/div>\n<\/div>\n<div class=\"cxmmr5t8 oygrvhab hcukyx3x c1et5uql o9v6fnle ii04i59q\">\n<div dir=\"auto\">La mayor preocupaci\u00f3n de la Red radica en la posibilidad de sumar lugares de alojamiento al actual refugio que funciona en el Centro Integrador Comunitario (CIC) II Este, en vista de la creciente demanda de personas que viven en la calle.<\/div>\n<\/div>\n<div class=\"cxmmr5t8 oygrvhab hcukyx3x c1et5uql o9v6fnle ii04i59q\">\n<div dir=\"auto\">Para ello se evaluaron diferentes alternativas en relaci\u00f3n a las posibles opciones en cuanto a espacios y modalidad de ocupaci\u00f3n, cuesti\u00f3n que, de concretarse, contar\u00e1 con el acompa\u00f1amiento de la Comuna, seg\u00fan adelantaron los funcionarios.<\/div>\n<\/div>\n<div class=\"cxmmr5t8 oygrvhab hcukyx3x c1et5uql o9v6fnle ii04i59q\">\n<div dir=\"auto\">Tambi\u00e9n se plante\u00f3 la necesidad de que las personas tengan atenci\u00f3n m\u00e9dica, ya que la mayor\u00eda padece problemas de salud f\u00edsica y ps\u00edquica, y se acord\u00f3 gestionar la vacunaci\u00f3n antigripal. Adem\u00e1s, se convers\u00f3 sobre la instrumentaci\u00f3n de la atenci\u00f3n a mujeres, mediante alojamiento espec\u00edfico, y se trataron otros aspectos concernientes a programas nacionales. Se acord\u00f3 convocar a una nueva reuni\u00f3n con la participaci\u00f3n de funcionarios provinciales y del \u00e1mbito nacional.<\/div>\n<\/div>\n<div class=\"cxmmr5t8 oygrvhab hcukyx3x c1et5uql o9v6fnle ii04i59q\">\n<div dir=\"auto\">Participaron las Defensoras del Pueblo de la Ciudad de Paran\u00e1, Marcia L\u00f3pez y Cecilia Pautaso (Adjunta) junto a la Coordinadora del Centro de Mediaci\u00f3n, Irina Chausovsky; Eliana Ramos, Secretaria de Pol\u00edticas Sociales, Inclusivas y Comunitarias de la Municipalidad de Paran\u00e1; Luciano Ayala, Subsecretario de Promoci\u00f3n y Desarrollo Social de la Comuna; Leandro Sarli, Director de Integraci\u00f3n Social para Personas en Situaci\u00f3n de Calle de la Municipalidad; Juli\u00e1n Jarupkin y Osiris Russo, integrantes del equipo del \u00e1rea. Por las organizaciones sociales estuvieron representantes de Suma de Voluntades, Red Puentes y la Casa de Atenci\u00f3n y Acompa\u00f1amiento Comunitario de Anacleto Medina, y por los \u00e1mbitos acad\u00e9micos: la Facultad de Trabajo Social de la UNER, la Facultad de Humanidades, Artes y Ciencias Sociales de UADER, y la Universidad Cat\u00f3lica Argentina.<\/div>\n<\/div>\n<div class=\"cxmmr5t8 oygrvhab hcukyx3x c1et5uql o9v6fnle ii04i59q\">\n<div dir=\"auto\">La Red se conform\u00f3 en 2019 y desde entonces viene trabajando para visibilizar la problem\u00e1tica de vulneraci\u00f3n de derechos que sufren quienes viven en situaci\u00f3n de calle y la necesidad de implementar dispositivos de abordaje integral que propicien la transformaci\u00f3n de historias a trav\u00e9s del acompa\u00f1amiento adecuado e interdisciplinario, haciendo foco tanto en la responsabilidad estatal como en la necesidad de articulaci\u00f3n con organizaciones sociales y otros actores, como las universidades.<\/div>\n<\/div>\n<\/div>\n<\/div>\n<\/div>\n<\/div>\n<div id=\"jsc_c_2oi\" class=\"l9j0dhe7\">\n<div class=\"l9j0dhe7\">\n<div>\n<div>\n<div class=\"l9j0dhe7\">\n<div class=\"l9j0dhe7\">\n<div class=\"ni8dbmo4 stjgntxs pmk7jnqg\">\n<div class=\"stjgntxs ni8dbmo4\">\n<div class=\"do00u71z ni8dbmo4 stjgntxs l9j0dhe7\">\n<div class=\"pmk7jnqg kr520xx4\"><img class=\"i09qtzwb n7fi1qx3 datstx6m pmk7jnqg j9ispegn kr520xx4 k4urcfbm\" src=\"https:\/\/scontent.fros2-1.fna.fbcdn.net\/v\/t39.30808-6\/278069989_2168261669994746_7804856560724384578_n.jpg?stp=dst-jpg_s600x600&amp;_nc_cat=102&amp;ccb=1-7&amp;_nc_sid=730e14&amp;_nc_ohc=ldAA1-tbjrwAX_S97I7&amp;tn=cEqwy9F0LoDt58Me&amp;_nc_ht=scontent.fros2-1.fna&amp;oh=00_AT_kKxRhCfg4oRoNoaJAb2P18tJ65uhZth-CE7dTR6GzdA&amp;oe=62F52A5A\" alt=\"\" \/><\/div>\n<\/div>\n<div class=\"kr520xx4 j9ispegn pmk7jnqg hzruof5a n7fi1qx3 rq0escxv i09qtzwb opwvks06 linmgsc8\"><\/div>\n<\/div>\n<div class=\"n00je7tq arfg74bv qs9ysxi8 k77z8yql i09qtzwb n7fi1qx3 b5wmifdl hzruof5a pmk7jnqg j9ispegn kr520xx4 c5ndavph art1omkt ot9fgl3s\" data-visualcompletion=\"ignore\"><\/div>\n<\/div>\n<div class=\"ni8dbmo4 stjgntxs pmk7jnqg\">\n<div class=\"stjgntxs ni8dbmo4\">\n<div class=\"do00u71z ni8dbmo4 stjgntxs l9j0dhe7\">\n<div class=\"pmk7jnqg kr520xx4\"><img class=\"i09qtzwb n7fi1qx3 datstx6m pmk7jnqg j9ispegn kr520xx4 k4urcfbm\" src=\"https:\/\/scontent.fros2-1.fna.fbcdn.net\/v\/t39.30808-6\/278071835_2168261956661384_8017119710233090412_n.jpg?stp=dst-jpg_s600x600&amp;_nc_cat=109&amp;ccb=1-7&amp;_nc_sid=730e14&amp;_nc_ohc=BUrkoidKg2kAX9B7x9n&amp;_nc_ht=scontent.fros2-1.fna&amp;oh=00_AT-N8yKEpZfrKqPs9mRTCh80ipHkR4eCBzOt62LflM-EWg&amp;oe=62F6B78E\" alt=\"\" \/><\/div>\n<\/div>\n<div class=\"kr520xx4 j9ispegn pmk7jnqg hzruof5a n7fi1qx3 rq0escxv i09qtzwb opwvks06 linmgsc8\"><\/div>\n<\/div>\n<div class=\"n00je7tq arfg74bv qs9ysxi8 k77z8yql i09qtzwb n7fi1qx3 b5wmifdl hzruof5a pmk7jnqg j9ispegn kr520xx4 c5ndavph art1omkt ot9fgl3s\" data-visualcompletion=\"ignore\"><\/div>\n<\/div>\n<div class=\"ni8dbmo4 stjgntxs pmk7jnqg\">\n<div class=\"stjgntxs ni8dbmo4\">\n<div class=\"do00u71z ni8dbmo4 stjgntxs l9j0dhe7\">\n<div class=\"pmk7jnqg kr520xx4\"><img class=\"i09qtzwb n7fi1qx3 datstx6m pmk7jnqg j9ispegn kr520xx4 k4urcfbm\" src=\"https:\/\/scontent.fros2-1.fna.fbcdn.net\/v\/t39.30808-6\/278080246_2168262033328043_5421473785988837669_n.jpg?stp=dst-jpg_s600x600&amp;_nc_cat=102&amp;ccb=1-7&amp;_nc_sid=730e14&amp;_nc_ohc=uzKSJ_SC3DwAX9uBEQ4&amp;_nc_ht=scontent.fros2-1.fna&amp;oh=00_AT83nL9c29lfykK556ZqM4oNlxY6fQBRhHN3rLiy3vJE2Q&amp;oe=62F5CA5C\" alt=\"\" \/><\/div>\n<\/div>\n<div class=\"kr520xx4 j9ispegn pmk7jnqg hzruof5a n7fi1qx3 rq0escxv i09qtzwb opwvks06 linmgsc8\"><\/div>\n<\/div>\n<div class=\"n00je7tq arfg74bv qs9ysxi8 k77z8yql i09qtzwb n7fi1qx3 b5wmifdl hzruof5a pmk7jnqg j9ispegn kr520xx4 c5ndavph art1omkt ot9fgl3s\" data-visualcompletion=\"ignore\"><\/div>\n<\/div>\n<div class=\"ni8dbmo4 stjgntxs pmk7jnqg\">\n<div class=\"stjgntxs ni8dbmo4\">\n<div class=\"do00u71z ni8dbmo4 stjgntxs l9j0dhe7\">\n<div class=\"pmk7jnqg kr520xx4\"><img class=\"i09qtzwb n7fi1qx3 datstx6m pmk7jnqg j9ispegn kr520xx4 k4urcfbm\" src=\"https:\/\/scontent.fros2-2.fna.fbcdn.net\/v\/t39.30808-6\/278142147_2168262136661366_3321762496380788119_n.jpg?stp=dst-jpg_s600x600&amp;_nc_cat=110&amp;ccb=1-7&amp;_nc_sid=730e14&amp;_nc_ohc=xejqh8-v9ckAX_DOCfI&amp;_nc_ht=scontent.fros2-2.fna&amp;oh=00_AT9D8H7qv6UlLa-53_OZIjh8EBr4mKdv5m3Awl8JePC7xQ&amp;oe=62F58EC1\" alt=\"\" \/><\/div>\n<\/div>\n<div class=\"kr520xx4 j9ispegn pmk7jnqg hzruof5a n7fi1qx3 rq0escxv i09qtzwb opwvks06 linmgsc8\"><\/div>\n<\/div>\n<div class=\"n00je7tq arfg74bv qs9ysxi8 k77z8yql i09qtzwb n7fi1qx3 b5wmifdl hzruof5a pmk7jnqg j9ispegn kr520xx4 c5ndavph art1omkt ot9fgl3s\" data-visualcompletion=\"ignore\"><\/div>\n<\/div>\n<div class=\"ni8dbmo4 stjgntxs pmk7jnqg\">\n<div class=\"stjgntxs ni8dbmo4\">\n<div class=\"do00u71z ni8dbmo4 stjgntxs l9j0dhe7\">\n<div class=\"pmk7jnqg kr520xx4\"><img class=\"i09qtzwb n7fi1qx3 datstx6m pmk7jnqg j9ispegn kr520xx4 k4urcfbm\" src=\"https:\/\/scontent.fros2-1.fna.fbcdn.net\/v\/t39.30808-6\/277728132_2168262219994691_3011864093619785198_n.jpg?stp=dst-jpg_s600x600&amp;_nc_cat=102&amp;ccb=1-7&amp;_nc_sid=730e14&amp;_nc_ohc=6o1gGCR5PVoAX_Ztods&amp;tn=cEqwy9F0LoDt58Me&amp;_nc_ht=scontent.fros2-1.fna&amp;oh=00_AT-fC_wgTBBUcR9a5BVx13kafjztM0huJnvDnxXUpCWBYA&amp;oe=62F63C57\" alt=\"\" \/><\/div>\n<\/div>\n<div class=\"kr520xx4 j9ispegn pmk7jnqg hzruof5a n7fi1qx3 rq0escxv i09qtzwb opwvks06 linmgsc8\"><\/div>\n<\/div>\n<div class=\"n00je7tq arfg74bv qs9ysxi8 k77z8yql i09qtzwb n7fi1qx3 b5wmifdl hzruof5a pmk7jnqg j9ispegn kr520xx4 c5ndavph art1omkt ot9fgl3s\" data-visualcompletion=\"ignore\"><\/div>\n<\/div>\n<\/div>\n<\/div>\n<\/div>\n<\/div>\n<\/div>\n<div class=\"stjgntxs ni8dbmo4\"><\/div>\n<\/div>\n<\/div>\n<div class=\"bq4bzpyk s1tcr66n l6v480f0 j83agx80 btwxx1t3 i1fnvgqd pybr56ya d1544ag0 f10w8fjw c4f5jtg6\">\n<div class=\"bp9cbjyn j83agx80 jifvfom9\">\n<div class=\"oajrlxb2 g5ia77u1 mtkw9kbi tlpljxtp qensuy8j ppp5ayq2 goun2846 ccm00jje s44p3ltw mk2mc5f4 rt8b4zig n8ej3o3l agehan2d sk4xxmp2 rq0escxv nhd2j8a9 mg4g778l pfnyh3mw p7hjln8o kvgmc6g5 cxmmr5t8 oygrvhab hcukyx3x tgvbjcpo hpfvmrgz jb3vyjys rz4wbd8a qt6c0cv9 a8nywdso l9j0dhe7 i1ao9s8h esuyzwwr f1sip0of du4w35lb n00je7tq arfg74bv qs9ysxi8 k77z8yql btwxx1t3 abiwlrkh p8dawk7l lzcic4wl bp9cbjyn pq6dq46d taijpn5t\" tabindex=\"0\" role=\"button\" aria-label=\"button\"><span class=\"d2edcug0 hpfvmrgz qv66sw1b c1et5uql lr9zc1uh a8c37x1j fe6kdd0r mau55g9w c8b282yb keod5gw0 nxhoafnm aigsh9s9 d3f4x2em iv3no6db jq4qci2q a3bd9o3v lrazzd5p py34i1dx oqcyycmt\" dir=\"auto\">Ver estad\u00edsticas y anuncios<\/span><\/div>\n<\/div>\n<div class=\"j83agx80 bkfpd7mw\">\n<div class=\"l9j0dhe7 du4w35lb j83agx80 pfnyh3mw taijpn5t bp9cbjyn owycx6da btwxx1t3 kt9q3ron ak7q8e6j isp2s0ed ri5dt5u2 rt8b4zig n8ej3o3l agehan2d sk4xxmp2 rq0escxv d1544ag0 tw6a2znq s1i5eluu dwjjeivp\">\n<div class=\"bp9cbjyn j83agx80 taijpn5t c4xchbtz by2jbhx6 a0jftqn4\">\n<div class=\"rq0escxv l9j0dhe7 du4w35lb d2edcug0 hpfvmrgz bp9cbjyn j83agx80 pfnyh3mw j5wkysh0 hytbnt81\"><span class=\"d2edcug0 hpfvmrgz qv66sw1b c1et5uql lr9zc1uh a8c37x1j fe6kdd0r mau55g9w c8b282yb keod5gw0 nxhoafnm aigsh9s9 d3f4x2em iv3no6db a5q79mjw g1cxx5fr lrazzd5p bwm1u5wc\" dir=\"auto\"><span class=\"a8c37x1j ni8dbmo4 stjgntxs l9j0dhe7 ltmttdrg g0qnabr5 ojkyduve\">Promocionar publicaci\u00f3n<\/span><\/span><\/div>\n<\/div>\n<div class=\"n00je7tq arfg74bv qs9ysxi8 k77z8yql i09qtzwb n7fi1qx3 b5wmifdl hzruof5a pmk7jnqg j9ispegn kr520xx4 c5ndavph art1omkt ot9fgl3s\" data-visualcompletion=\"ignore\"><\/div>\n<\/div>\n<\/div>\n<\/div>\n<div>\n<div class=\"stjgntxs ni8dbmo4 l82x9zwi uo3d90p7 h905i5nu monazrh9\" data-visualcompletion=\"ignore-dynamic\">\n<div>\n<div>\n<div>\n<div class=\"l9j0dhe7\">\n<div class=\"bp9cbjyn m9osqain j83agx80 jq4qci2q bkfpd7mw a3bd9o3v kvgmc6g5 wkznzc2l oygrvhab dhix69tm jktsbyx5 rz4wbd8a osnr6wyh a8nywdso s1tcr66n\">\n<div class=\"bp9cbjyn j83agx80 buofh1pr ni8dbmo4 stjgntxs\">\n<div class=\"oajrlxb2 gs1a9yip g5ia77u1 mtkw9kbi tlpljxtp qensuy8j ppp5ayq2 goun2846 ccm00jje s44p3ltw mk2mc5f4 rt8b4zig n8ej3o3l agehan2d sk4xxmp2 rq0escxv nhd2j8a9 mg4g778l pfnyh3mw p7hjln8o kvgmc6g5 cxmmr5t8 oygrvhab hcukyx3x tgvbjcpo hpfvmrgz jb3vyjys rz4wbd8a qt6c0cv9 a8nywdso l9j0dhe7 i1ao9s8h esuyzwwr f1sip0of du4w35lb n00je7tq arfg74bv qs9ysxi8 k77z8yql pq6dq46d btwxx1t3 abiwlrkh p8dawk7l lzcic4wl\" tabindex=\"0\" role=\"button\" aria-label=\"Me gusta: 3 personas\"><img class=\"j1lvzwm4\" role=\"presentation\" src=\"data:;base64,<svg xmlns='http:\/\/www.w3.org\/2000\/svg' xmlns:xlink='http:\/\/www.w3.org\/1999\/xlink' viewBox='0 0 16 16'><defs> \t<linearGradient id='a' x1='50%' x2='50%' y1='0%' y2='100%'><stop offset='0%' stop-color='#18AFFF'\/><stop offset='100%' stop-color='#0062DF'\/><\/linearGradient><filter id='c' width='118.8%' height='118.8%' x='-9.4%' y='-9.4%' filterUnits='objectBoundingBox'><feGaussianBlur in='SourceAlpha' result='shadowBlurInner1' stdDeviation='1'\/><feOffset dy='-1' in='shadowBlurInner1' result='shadowOffsetInner1'\/><feComposite in='shadowOffsetInner1' in2='SourceAlpha' k2='-1' k3='1' operator='arithmetic' result='shadowInnerInner1'\/><feColorMatrix in='shadowInnerInner1' values='0 0 0 0 0 0 0 0 0 0.299356041 0 0 0 0 0.681187726 0 0 0 0.3495684 0'\/><\/filter><path id='b' d='M8 0a8 8 0 00-8 8 8 8 0 1016 0 8 8 0 00-8-8z'\/><\/defs><g fill='none'><use fill='url(#a)' xlink:href='#b'\/><use fill='black' filter='url(#c)' xlink:href='#b'\/><path fill='white' d='M12.162 7.338c.176.123.338.245.338.674 0 .43-.229.604-.474.725a.73.73 0 01.089.546c-.077.344-.392.611-.672.69.121.194.159.385.015.62-.185.295-.346.407-1.058.407H7.5c-.988 0-1.5-.546-1.5-1V7.665c0-1.23 1.467-2.275 1.467-3.13L7.361 3.47c-.005-.065.008-.224.058-.27.08-.079.301-.2.635-.2.218 0 .363.041.534.123.581.277.732.978.732 1.542 0 .271-.414 1.083-.47 1.364 0 0 .867-.192 1.879-.199 1.061-.006 1.749.19 1.749.842 0 .261-.219.523-.316.666zM3.6 7h.8a.6.6 0 01.6.6v3.8a.6.6 0 01-.6.6h-.8a.6.6 0 01-.6-.6V7.6a.6.6 0 01.6-.6z'\/><\/g><\/svg>&#8221; width=&#8221;18&#8243; height=&#8221;18&#8243; \/><\/div>\n<div class=\"\">\n<div class=\"oajrlxb2 g5ia77u1 qu0x051f esr5mh6w e9989ue4 r7d6kgcz rq0escxv nhd2j8a9 p7hjln8o kvgmc6g5 cxmmr5t8 oygrvhab hcukyx3x jb3vyjys rz4wbd8a qt6c0cv9 a8nywdso i1ao9s8h esuyzwwr f1sip0of n00je7tq arfg74bv qs9ysxi8 k77z8yql l9j0dhe7 abiwlrkh p8dawk7l lzcic4wl gmql0nx0 ce9h75a5 ni8dbmo4 stjgntxs tkr6xdv7 a8c37x1j\" tabindex=\"0\" role=\"button\"><span class=\"bzsjyuwj ni8dbmo4 stjgntxs ltmttdrg gjzvkazv\" aria-hidden=\"true\"><span class=\"gpro0wi8 pcp91wgn\">3<\/span><\/span><span class=\"gpro0wi8 cwj9ozl2 bzsjyuwj ja2t1vim\"><span class=\"pcp91wgn\">3<\/span><\/span><\/div>\n<\/div>\n<\/div>\n<div class=\"kb5gq1qc pfnyh3mw c0wkt4kp\"><\/div>\n<\/div>\n<\/div>\n<\/div>\n<\/div>\n<\/div>\n<\/div>\n<\/div>\n","protected":false},"excerpt":{"rendered":"<p>Integrantes de la Red por los Derechos de las Personas en Situaci\u00f3n de Calle, \u00e1mbito que integra la Defensor\u00eda del Pueblo de Paran\u00e1 junto a una veintena de instituciones y organizaciones de la ciudad, se reunieron este martes con funcionarios municipales con el fin de analizar y coordinar medidas en conjunto ante la proximidad del [&hellip;]<\/p>\n","protected":false},"author":2,"featured_media":2843,"comment_status":"open","ping_status":"open","sticky":false,"template":"","format":"standard","meta":{"om_disable_all_campaigns":false,"_monsterinsights_skip_tracking":false,"_monsterinsights_sitenote_active":false,"_monsterinsights_sitenote_note":"","_monsterinsights_sitenote_category":0},"categories":[1],"tags":[],"_links":{"self":[{"href":"https:\/\/defensoriaparana.com.ar\/index.php\/wp-json\/wp\/v2\/posts\/2842"}],"collection":[{"href":"https:\/\/defensoriaparana.com.ar\/index.php\/wp-json\/wp\/v2\/posts"}],"about":[{"href":"https:\/\/defensoriaparana.com.ar\/index.php\/wp-json\/wp\/v2\/types\/post"}],"author":[{"embeddable":true,"href":"https:\/\/defensoriaparana.com.ar\/index.php\/wp-json\/wp\/v2\/users\/2"}],"replies":[{"embeddable":true,"href":"https:\/\/defensoriaparana.com.ar\/index.php\/wp-json\/wp\/v2\/comments?post=2842"}],"version-history":[{"count":1,"href":"https:\/\/defensoriaparana.com.ar\/index.php\/wp-json\/wp\/v2\/posts\/2842\/revisions"}],"predecessor-version":[{"id":2844,"href":"https:\/\/defensoriaparana.com.ar\/index.php\/wp-json\/wp\/v2\/posts\/2842\/revisions\/2844"}],"wp:featuredmedia":[{"embeddable":true,"href":"https:\/\/defensoriaparana.com.ar\/index.php\/wp-json\/wp\/v2\/media\/2843"}],"wp:attachment":[{"href":"https:\/\/defensoriaparana.com.ar\/index.php\/wp-json\/wp\/v2\/media?parent=2842"}],"wp:term":[{"taxonomy":"category","embeddable":true,"href":"https:\/\/defensoriaparana.com.ar\/index.php\/wp-json\/wp\/v2\/categories?post=2842"},{"taxonomy":"post_tag","embeddable":true,"href":"https:\/\/defensoriaparana.com.ar\/index.php\/wp-json\/wp\/v2\/tags?post=2842"}],"curies":[{"name":"wp","href":"https:\/\/api.w.org\/{rel}","templated":true}]}}