{"id":2854,"date":"2022-04-01T11:42:09","date_gmt":"2022-04-01T11:42:09","guid":{"rendered":"http:\/\/defensoriaparana.com.ar\/?p=2854"},"modified":"2022-08-08T11:50:21","modified_gmt":"2022-08-08T11:50:21","slug":"las-defensoras-de-parana-en-la-reunion-de-la-region-centro","status":"publish","type":"post","link":"https:\/\/defensoriaparana.com.ar\/index.php\/2022\/04\/01\/las-defensoras-de-parana-en-la-reunion-de-la-region-centro\/","title":{"rendered":"Las Defensoras de Paran\u00e1 en la reuni\u00f3n de la Regi\u00f3n Centro"},"content":{"rendered":"<div dir=\"auto\">Las Defensoras del Pueblo de la Ciudad de Paran\u00e1, Marcia L\u00f3pez y Cecilia Pautaso (Adjunta) participaron este viernes de la primera reuni\u00f3n del Comit\u00e9 de Defensor\u00edas del Pueblo de la Regi\u00f3n Centro.<\/div>\n<div dir=\"auto\">Durante el encuentro se trat\u00f3 una nutrida agenda de temas: uno de ellos fue el relacionado al transporte interurbano entre Paran\u00e1 y Santa Fe.<\/div>\n<div dir=\"auto\">La actividad se realiz\u00f3 en la sede de la Defensor\u00eda del Pueblo de Santa Fe y cont\u00f3 con la presencia de representantes de ocho instituciones del bloque regional y del titular de la Asociaci\u00f3n de Defensor\u00edas del Pueblo de la Rep\u00fablica Argentina (Adpra).<\/div>\n<div dir=\"auto\"><a href=\"https:\/\/www.facebook.com\/defensoriadelpuebloparana\/videos\/495371185579570\">https:\/\/www.facebook.com\/defensoriadelpuebloparana\/videos\/495371185579570<\/a><\/div>\n","protected":false},"excerpt":{"rendered":"<p>Las Defensoras del Pueblo de la Ciudad de Paran\u00e1, Marcia L\u00f3pez y Cecilia Pautaso (Adjunta) participaron este viernes de la primera reuni\u00f3n del Comit\u00e9 de Defensor\u00edas del Pueblo de la Regi\u00f3n Centro. Durante el encuentro se trat\u00f3 una nutrida agenda de temas: uno de ellos fue el relacionado al transporte interurbano entre Paran\u00e1 y Santa [&hellip;]<\/p>\n","protected":false},"author":2,"featured_media":2855,"comment_status":"open","ping_status":"open","sticky":false,"template":"","format":"standard","meta":{"om_disable_all_campaigns":false,"_monsterinsights_skip_tracking":false,"_monsterinsights_sitenote_active":false,"_monsterinsights_sitenote_note":"","_monsterinsights_sitenote_category":0},"categories":[1],"tags":[],"_links":{"self":[{"href":"https:\/\/defensoriaparana.com.ar\/index.php\/wp-json\/wp\/v2\/posts\/2854"}],"collection":[{"href":"https:\/\/defensoriaparana.com.ar\/index.php\/wp-json\/wp\/v2\/posts"}],"about":[{"href":"https:\/\/defensoriaparana.com.ar\/index.php\/wp-json\/wp\/v2\/types\/post"}],"author":[{"embeddable":true,"href":"https:\/\/defensoriaparana.com.ar\/index.php\/wp-json\/wp\/v2\/users\/2"}],"replies":[{"embeddable":true,"href":"https:\/\/defensoriaparana.com.ar\/index.php\/wp-json\/wp\/v2\/comments?post=2854"}],"version-history":[{"count":1,"href":"https:\/\/defensoriaparana.com.ar\/index.php\/wp-json\/wp\/v2\/posts\/2854\/revisions"}],"predecessor-version":[{"id":2856,"href":"https:\/\/defensoriaparana.com.ar\/index.php\/wp-json\/wp\/v2\/posts\/2854\/revisions\/2856"}],"wp:featuredmedia":[{"embeddable":true,"href":"https:\/\/defensoriaparana.com.ar\/index.php\/wp-json\/wp\/v2\/media\/2855"}],"wp:attachment":[{"href":"https:\/\/defensoriaparana.com.ar\/index.php\/wp-json\/wp\/v2\/media?parent=2854"}],"wp:term":[{"taxonomy":"category","embeddable":true,"href":"https:\/\/defensoriaparana.com.ar\/index.php\/wp-json\/wp\/v2\/categories?post=2854"},{"taxonomy":"post_tag","embeddable":true,"href":"https:\/\/defensoriaparana.com.ar\/index.php\/wp-json\/wp\/v2\/tags?post=2854"}],"curies":[{"name":"wp","href":"https:\/\/api.w.org\/{rel}","templated":true}]}}