{"id":2866,"date":"2022-03-28T12:03:51","date_gmt":"2022-03-28T12:03:51","guid":{"rendered":"http:\/\/defensoriaparana.com.ar\/?p=2866"},"modified":"2022-08-08T12:05:59","modified_gmt":"2022-08-08T12:05:59","slug":"la-defensora-del-pueblo-adjunta-participo-del-acto-de-la-semana-aniversario-de-la-gesta-de-malvinas","status":"publish","type":"post","link":"https:\/\/defensoriaparana.com.ar\/index.php\/2022\/03\/28\/la-defensora-del-pueblo-adjunta-participo-del-acto-de-la-semana-aniversario-de-la-gesta-de-malvinas\/","title":{"rendered":"La Defensora del Pueblo Adjunta particip\u00f3 del acto de la semana aniversario de la gesta de Malvinas"},"content":{"rendered":"<div>\n<div class=\"du4w35lb k4urcfbm l9j0dhe7 sjgh65i0\">\n<div class=\"du4w35lb l9j0dhe7\">\n<div class=\"\">\n<div class=\"\">\n<div class=\"lzcic4wl\" role=\"article\" aria-posinset=\"108\" aria-describedby=\"jsc_c_6ak jsc_c_6al jsc_c_6am jsc_c_6ao jsc_c_6an\" aria-labelledby=\"jsc_c_6aj\">\n<div class=\"j83agx80 cbu4d94t\">\n<div class=\"rq0escxv l9j0dhe7 du4w35lb\">\n<div class=\"j83agx80 l9j0dhe7 k4urcfbm\">\n<div class=\"rq0escxv l9j0dhe7 du4w35lb hybvsw6c io0zqebd m5lcvass fbipl8qg nwvqtn77 k4urcfbm ni8dbmo4 stjgntxs sbcfpzgs\">\n<div>\n<div class=\"\" dir=\"auto\">\n<div id=\"jsc_c_6al\" class=\"ecm0bbzt hv4rvrfc ihqw7lf3 dati1w0a\" data-ad-comet-preview=\"message\" data-ad-preview=\"message\">\n<div class=\"j83agx80 cbu4d94t ew0dbk1b irj2b8pg\">\n<div class=\"qzhwtbm6 knvmm38d\">\n<div class=\"kvgmc6g5 cxmmr5t8 oygrvhab hcukyx3x c1et5uql ii04i59q\">\n<div dir=\"auto\"><\/div>\n<\/div>\n<div class=\"cxmmr5t8 oygrvhab hcukyx3x c1et5uql o9v6fnle ii04i59q\">\n<div dir=\"auto\">La Defensora del Pueblo Adjunta de la Ciudad de Paran\u00e1, Cecilia Pautaso, particip\u00f3 este lunes, en representaci\u00f3n de la instituci\u00f3n, del izamiento de la bandera en conmemoraci\u00f3n del 40\u00b0 Aniversario de la Gesta de Malvinas.<\/div>\n<div dir=\"auto\">El acto, con el que se abri\u00f3 una agenda de actividades que se extender\u00e1 durante la semana, hasta el viernes 1 de abril, se realiz\u00f3 en la Estaci\u00f3n de trenes de calle Racedo y cont\u00f3 con la presencia de veteranos, familiares y estudiantes del nivel secundario.<\/div>\n<div dir=\"auto\">La Defensora del Pueblo Cecilia Pautaso manifest\u00f3 que la instituci\u00f3n rinde homenaje a los ca\u00eddos en Malvinas y acompa\u00f1a a sus familiares en estos d\u00edas, que recuerdan un momento tan sentido y doloroso de nuestra historia.<\/div>\n<div dir=\"auto\">La agenda contempla una serie de actividades generadas desde el Centro de Veteranos de Guerra, la Municipalidad de Paran\u00e1, el Ministerio de Gobierno y Justicia de la Provincia y el Consejo General de Educaci\u00f3n. Todas las actividades fueron consensuadas en el marco de la Comisi\u00f3n Especial de Homenaje por Malvinas, seg\u00fan se informa desde el sitio web de la Comuna.<\/div>\n<\/div>\n<\/div>\n<\/div>\n<\/div>\n<\/div>\n<div id=\"jsc_c_6am\" class=\"l9j0dhe7\">\n<div class=\"l9j0dhe7\">\n<div>\n<div>\n<div class=\"l9j0dhe7\">\n<div class=\"l9j0dhe7\">\n<div class=\"ni8dbmo4 stjgntxs pmk7jnqg\">\n<div class=\"stjgntxs ni8dbmo4\">\n<div class=\"do00u71z ni8dbmo4 stjgntxs l9j0dhe7\">\n<div class=\"pmk7jnqg kr520xx4\"><img class=\"i09qtzwb n7fi1qx3 datstx6m pmk7jnqg j9ispegn kr520xx4 k4urcfbm\" src=\"https:\/\/scontent.fros2-2.fna.fbcdn.net\/v\/t39.30808-6\/277161474_2160572414097005_6409322110143792281_n.jpg?stp=dst-jpg_s600x600&amp;_nc_cat=110&amp;ccb=1-7&amp;_nc_sid=730e14&amp;_nc_ohc=jY8GAcHOcx8AX8jgQIu&amp;_nc_ht=scontent.fros2-2.fna&amp;oh=00_AT-Tclt_3SPLrlFKhhDEOk54tHEXI6ZeZgV2TWuJz3qpBA&amp;oe=62F546CF\" alt=\"\" \/><\/div>\n<\/div>\n<div class=\"kr520xx4 j9ispegn pmk7jnqg hzruof5a n7fi1qx3 rq0escxv i09qtzwb opwvks06 linmgsc8\"><\/div>\n<\/div>\n<div class=\"n00je7tq arfg74bv qs9ysxi8 k77z8yql i09qtzwb n7fi1qx3 b5wmifdl hzruof5a pmk7jnqg j9ispegn kr520xx4 c5ndavph art1omkt ot9fgl3s\" data-visualcompletion=\"ignore\"><\/div>\n<\/div>\n<div class=\"ni8dbmo4 stjgntxs pmk7jnqg\">\n<div class=\"stjgntxs ni8dbmo4\">\n<div class=\"do00u71z ni8dbmo4 stjgntxs l9j0dhe7\">\n<div class=\"pmk7jnqg kr520xx4\"><img class=\"i09qtzwb n7fi1qx3 datstx6m pmk7jnqg j9ispegn kr520xx4 k4urcfbm\" src=\"https:\/\/scontent.fros2-2.fna.fbcdn.net\/v\/t39.30808-6\/277558239_2160572610763652_869490847049852777_n.jpg?stp=dst-jpg_p480x480&amp;_nc_cat=103&amp;ccb=1-7&amp;_nc_sid=730e14&amp;_nc_ohc=PjXiNRxnqScAX965cqi&amp;_nc_ht=scontent.fros2-2.fna&amp;oh=00_AT_jGqHEGcF7hLR7MmcECC_VXsVQWH7mTjO7hlrvqjCXFA&amp;oe=62F53E1A\" alt=\"\" \/><\/div>\n<\/div>\n<div class=\"kr520xx4 j9ispegn pmk7jnqg hzruof5a n7fi1qx3 rq0escxv i09qtzwb opwvks06 linmgsc8\"><\/div>\n<\/div>\n<div class=\"n00je7tq arfg74bv qs9ysxi8 k77z8yql i09qtzwb n7fi1qx3 b5wmifdl hzruof5a pmk7jnqg j9ispegn kr520xx4 c5ndavph art1omkt ot9fgl3s\" data-visualcompletion=\"ignore\"><\/div>\n<\/div>\n<div class=\"ni8dbmo4 stjgntxs pmk7jnqg\">\n<div class=\"stjgntxs ni8dbmo4\">\n<div class=\"do00u71z ni8dbmo4 stjgntxs l9j0dhe7\">\n<div class=\"pmk7jnqg kr520xx4\"><img class=\"i09qtzwb n7fi1qx3 datstx6m pmk7jnqg j9ispegn kr520xx4 k4urcfbm\" src=\"https:\/\/scontent.fros2-2.fna.fbcdn.net\/v\/t39.30808-6\/277499650_2160572687430311_6197255151351592725_n.jpg?stp=dst-jpg_p235x350&amp;_nc_cat=110&amp;ccb=1-7&amp;_nc_sid=730e14&amp;_nc_ohc=hEEg8W3HHycAX-WTD1L&amp;_nc_ht=scontent.fros2-2.fna&amp;oh=00_AT_qDHrTxoA0CiuVtGnItnLSB4Rq82Z_ZN1FpO806t3Diw&amp;oe=62F5E7C1\" alt=\"\" \/><\/div>\n<\/div>\n<div class=\"kr520xx4 j9ispegn pmk7jnqg hzruof5a n7fi1qx3 rq0escxv i09qtzwb opwvks06 linmgsc8\"><\/div>\n<\/div>\n<div class=\"n00je7tq arfg74bv qs9ysxi8 k77z8yql i09qtzwb n7fi1qx3 b5wmifdl hzruof5a pmk7jnqg j9ispegn kr520xx4 c5ndavph art1omkt ot9fgl3s\" data-visualcompletion=\"ignore\"><\/div>\n<\/div>\n<\/div>\n<\/div>\n<\/div>\n<\/div>\n<\/div>\n<div class=\"stjgntxs ni8dbmo4\"><\/div>\n<\/div>\n<\/div>\n<div class=\"bq4bzpyk s1tcr66n l6v480f0 j83agx80 btwxx1t3 i1fnvgqd pybr56ya d1544ag0 f10w8fjw c4f5jtg6\">\n<div class=\"bp9cbjyn j83agx80 jifvfom9\"><\/div>\n<\/div>\n<\/div>\n<\/div>\n<\/div>\n<\/div>\n<\/div>\n<\/div>\n<\/div>\n<\/div>\n<\/div>\n<\/div>\n<div>\n<div class=\"du4w35lb k4urcfbm l9j0dhe7 sjgh65i0\">\n<div class=\"du4w35lb l9j0dhe7\">\n<div class=\"\">\n<div class=\"\">\n<div class=\"lzcic4wl\" role=\"article\" aria-posinset=\"109\" aria-describedby=\"jsc_c_6ay jsc_c_6az jsc_c_6b0 jsc_c_6b2 jsc_c_6b1\" aria-labelledby=\"jsc_c_6ax\">\n<div class=\"j83agx80 cbu4d94t\">\n<div class=\"rq0escxv l9j0dhe7 du4w35lb\">\n<div class=\"j83agx80 l9j0dhe7 k4urcfbm\">\n<div class=\"rq0escxv l9j0dhe7 du4w35lb hybvsw6c io0zqebd m5lcvass fbipl8qg nwvqtn77 k4urcfbm ni8dbmo4 stjgntxs sbcfpzgs\">\n<div>\n<div>\n<div>\n<div>\n<div class=\"ll8tlv6m j83agx80 btwxx1t3 n851cfcs hv4rvrfc dati1w0a pybr56ya\">\n<div class=\"oi9244e8 do00u71z j83agx80\">\n<div class=\"q676j6op qypqp5cg\"><object type=\"nested\/pressable\" width=\"300\" height=\"150\" data-mce-fragment=\"1\"><a aria-label=\"Defensor\u00eda del Pueblo de Paran\u00e1\" class=\"oajrlxb2 gs1a9yip g5ia77u1 mtkw9kbi tlpljxtp qensuy8j ppp5ayq2 goun2846 ccm00jje s44p3ltw mk2mc5f4 rt8b4zig n8ej3o3l agehan2d sk4xxmp2 rq0escxv nhd2j8a9 mg4g778l pfnyh3mw p7hjln8o kvgmc6g5 cxmmr5t8 oygrvhab hcukyx3x tgvbjcpo hpfvmrgz jb3vyjys rz4wbd8a qt6c0cv9 a8nywdso l9j0dhe7 i1ao9s8h esuyzwwr f1sip0of du4w35lb n00je7tq arfg74bv qs9ysxi8 k77z8yql btwxx1t3 abiwlrkh p8dawk7l lzcic4wl oo9gr5id q9uorilb\" href=\"https:\/\/www.facebook.com\/defensoriadelpuebloparana?__cft__[0]=AZWbAs15Cs8NoXnhW1E6aAI0qRN9Nbg_OgBg8vdJRNrVvPZSuhDRCXoxIjo1WbtpDavJQSsV3DDWGI2E9bYhzQin-IF6yfRxMEShC1Aa2zkXyUXIk5uYjAlwi7q1x9Z0JgoRgHglqZkwrIiUwcS6vEb-b71p4wwn7biF4A8M5DUse7vXXR9ruuhSEZA7koulanI&amp;__tn__=%3C%3C%2CP-R\" role=\"link\" tabindex=\"0\"><\/p>\n<div class=\"q9uorilb l9j0dhe7 pzggbiyp du4w35lb\"><mask id=\"jsc_c_6b3\"><circle cx=\"20\" cy=\"20\" fill=\"white\" r=\"20\"><\/circle><\/mask><g mask=\"url(#jsc_c_6b3)\"><image x=\"0\" y=\"0\" height=\"100%\" preserveaspectratio=\"xMidYMid slice\" width=\"100%\" xlink:href=\"https:\/\/scontent.fros2-2.fna.fbcdn.net\/v\/t39.30808-1\/294343523_391872619705395_5662464767625840018_n.jpg?stp=cp0_dst-jpg_p40x40&amp;_nc_cat=103&amp;ccb=1-7&amp;_nc_sid=c6021c&amp;_nc_ohc=3DlsCWApH0AAX--yHyW&amp;_nc_ht=scontent.fros2-2.fna&amp;oh=00_AT88trCT5O8gAIoGClNs4wSk4t54WU8MN1jYAdGEzNacnw&amp;oe=62F571B7\"><\/image><circle class=\"mlqo0dh0 georvekb s6kb5r3f\" cx=\"20\" cy=\"20\" r=\"20\"><\/circle><\/g><\/div>\n<p><\/a><\/p>\n<div class=\"buofh1pr\">\n<div class=\"j83agx80 cbu4d94t ew0dbk1b irj2b8pg\">\n<div class=\"qzhwtbm6 knvmm38d\"><span class=\"d2edcug0 hpfvmrgz qv66sw1b c1et5uql lr9zc1uh a8c37x1j fe6kdd0r mau55g9w c8b282yb keod5gw0 nxhoafnm aigsh9s9 d3f4x2em iv3no6db jq4qci2q a3bd9o3v b1v8xokw m9osqain hzawbc8m\" dir=\"auto\"><\/span><\/div>\n<\/div>\n<\/div><\/object><\/div>\n<\/div>\n<\/div>\n<\/div>\n<\/div>\n<\/div>\n<\/div>\n<\/div>\n<\/div>\n<\/div>\n<\/div>\n<\/div>\n<\/div>\n<\/div>\n<\/div>\n<\/div>\n<\/div>\n","protected":false},"excerpt":{"rendered":"<p>La Defensora del Pueblo Adjunta de la Ciudad de Paran\u00e1, Cecilia Pautaso, particip\u00f3 este lunes, en representaci\u00f3n de la instituci\u00f3n, del izamiento de la bandera en conmemoraci\u00f3n del 40\u00b0 Aniversario de la Gesta de Malvinas. El acto, con el que se abri\u00f3 una agenda de actividades que se extender\u00e1 durante la semana, hasta el viernes [&hellip;]<\/p>\n","protected":false},"author":2,"featured_media":2867,"comment_status":"open","ping_status":"open","sticky":false,"template":"","format":"standard","meta":{"om_disable_all_campaigns":false,"_monsterinsights_skip_tracking":false,"_monsterinsights_sitenote_active":false,"_monsterinsights_sitenote_note":"","_monsterinsights_sitenote_category":0},"categories":[1],"tags":[],"_links":{"self":[{"href":"https:\/\/defensoriaparana.com.ar\/index.php\/wp-json\/wp\/v2\/posts\/2866"}],"collection":[{"href":"https:\/\/defensoriaparana.com.ar\/index.php\/wp-json\/wp\/v2\/posts"}],"about":[{"href":"https:\/\/defensoriaparana.com.ar\/index.php\/wp-json\/wp\/v2\/types\/post"}],"author":[{"embeddable":true,"href":"https:\/\/defensoriaparana.com.ar\/index.php\/wp-json\/wp\/v2\/users\/2"}],"replies":[{"embeddable":true,"href":"https:\/\/defensoriaparana.com.ar\/index.php\/wp-json\/wp\/v2\/comments?post=2866"}],"version-history":[{"count":1,"href":"https:\/\/defensoriaparana.com.ar\/index.php\/wp-json\/wp\/v2\/posts\/2866\/revisions"}],"predecessor-version":[{"id":2868,"href":"https:\/\/defensoriaparana.com.ar\/index.php\/wp-json\/wp\/v2\/posts\/2866\/revisions\/2868"}],"wp:featuredmedia":[{"embeddable":true,"href":"https:\/\/defensoriaparana.com.ar\/index.php\/wp-json\/wp\/v2\/media\/2867"}],"wp:attachment":[{"href":"https:\/\/defensoriaparana.com.ar\/index.php\/wp-json\/wp\/v2\/media?parent=2866"}],"wp:term":[{"taxonomy":"category","embeddable":true,"href":"https:\/\/defensoriaparana.com.ar\/index.php\/wp-json\/wp\/v2\/categories?post=2866"},{"taxonomy":"post_tag","embeddable":true,"href":"https:\/\/defensoriaparana.com.ar\/index.php\/wp-json\/wp\/v2\/tags?post=2866"}],"curies":[{"name":"wp","href":"https:\/\/api.w.org\/{rel}","templated":true}]}}