{"id":2896,"date":"2022-02-25T14:24:30","date_gmt":"2022-02-25T14:24:30","guid":{"rendered":"http:\/\/defensoriaparana.com.ar\/?p=2896"},"modified":"2022-08-09T14:27:58","modified_gmt":"2022-08-09T14:27:58","slug":"las-defensoria-de-santa-fe-y-parana-formalizaran-reclamos-por-las-falencias-de-la-ruta-168-y-del-servicio-de-colectivos","status":"publish","type":"post","link":"https:\/\/defensoriaparana.com.ar\/index.php\/2022\/02\/25\/las-defensoria-de-santa-fe-y-parana-formalizaran-reclamos-por-las-falencias-de-la-ruta-168-y-del-servicio-de-colectivos\/","title":{"rendered":"Las Defensor\u00eda de Santa Fe y Paran\u00e1 formalizar\u00e1n reclamos por las falencias de la Ruta 168 y del servicio de colectivos"},"content":{"rendered":"<div>\n<div class=\"\" dir=\"auto\">\n<div id=\"jsc_c_26a\" class=\"ecm0bbzt hv4rvrfc ihqw7lf3 dati1w0a\" data-ad-comet-preview=\"message\" data-ad-preview=\"message\">\n<div class=\"j83agx80 cbu4d94t ew0dbk1b irj2b8pg\">\n<div class=\"qzhwtbm6 knvmm38d\">\n<div class=\"kvgmc6g5 cxmmr5t8 oygrvhab hcukyx3x c1et5uql ii04i59q\">\n<div dir=\"auto\"><\/div>\n<\/div>\n<div class=\"cxmmr5t8 oygrvhab hcukyx3x c1et5uql o9v6fnle ii04i59q\">\n<div dir=\"auto\"><\/div>\n<div dir=\"auto\">El incremento de ataques violentos a veh\u00edculos que circulan por la Ruta 168, que van desde pedradas a robos; el estado deficiente de esa v\u00eda nacional, que une ambas capitales provinciales, con falta de iluminaci\u00f3n en algunos tramos, y las insuficiencias cr\u00f3nicas del servicio de transporte p\u00fablico interurbano de pasajeros llevaron a que ambas instituciones decidieran abordar esos reclamos con una estrategia com\u00fan.<\/div>\n<\/div>\n<div class=\"cxmmr5t8 oygrvhab hcukyx3x c1et5uql o9v6fnle ii04i59q\">\n<div dir=\"auto\">El Defensor del Pueblo de la Provincia de Santa Fe a\/c, Jorge Henn, y las Defensoras del Pueblo de la Ciudad de Paran\u00e1, Marcia L\u00f3pez y Cecilia Pautaso (Adjunta), junto a sus equipos t\u00e9cnicos, se reunieron el mi\u00e9rcoles pasado, con el fin de analizar y definir los pasos a seguir para formalizar reclamos referidos a situaciones de inseguridad y falencias en la infraestructura de la Ruta 168 e insuficiencia en el servicio de colectivos interurbanos entre las dos capitales.<\/div>\n<\/div>\n<div class=\"cxmmr5t8 oygrvhab hcukyx3x c1et5uql o9v6fnle ii04i59q\">\n<div dir=\"auto\">Las problem\u00e1ticas planteadas no son nuevas para ambas Defensor\u00edas del Pueblo, ya que cada a\u00f1o -fundamentalmente con el inicio del ciclo lectivo, que suma centenares de alumnos terciarios y universitarios a las numerosas personas que a diario se desplazan entre Paran\u00e1 y Santa Fe y viceversa-, se agravan por la profundizaci\u00f3n de la inseguridad, la falta de mantenimiento de la ruta \u2013actualmente la carencia de iluminaci\u00f3n en algunos tramos- y las deficiencias del servicio de colectivos.<\/div>\n<\/div>\n<div class=\"cxmmr5t8 oygrvhab hcukyx3x c1et5uql o9v6fnle ii04i59q\">\n<div dir=\"auto\">Tras la etapa de aislamiento establecido debido a la pandemia y en v\u00edsperas de la vuelta a clases presenciales, las falencias del transporte p\u00fablico interurbano ya se han evidenciado -en d\u00edas pasados y de acuerdo a reclamos de usuarios- en largas colas de pasajeros, con esperas prolongadas en las terminales de \u00f3mnibus y paradas de ambas ciudades.<\/div>\n<\/div>\n<div class=\"cxmmr5t8 oygrvhab hcukyx3x c1et5uql o9v6fnle ii04i59q\">\n<div dir=\"auto\">As\u00ed las cosas, se consider\u00f3 en la reuni\u00f3n que si existiesen nuevas olas de Covid 19 que obligaran a restituir protocolos con aforos de restricciones en las unidades de colectivos, la medida profundizar\u00eda la insuficiencia del servicio para atender el nivel de demanda.<\/div>\n<\/div>\n<div class=\"cxmmr5t8 oygrvhab hcukyx3x c1et5uql o9v6fnle ii04i59q\">\n<div dir=\"auto\">En a\u00f1os anteriores, antes de la pandemia, ambas Defensor\u00edas intervinieron ante autoridades provinciales y nacionales debido a que numerosos pasajeros quedaban varados, con esperas que llegaban a ser horas. Entre los principales afectados, las instituciones atendieron el reclamo de estudiantes que sol\u00edan quedar sin poder viajar y asistir a clases. Otra demanda de los j\u00f3venes consist\u00eda en lograr que el servicio ingresara en la ciudad universitaria y de ese modo evitar riesgos para los estudiantes que deb\u00edan esperar el colectivo en la garita, a la vera de la ruta en horas tempranas o de noche.<\/div>\n<\/div>\n<div class=\"cxmmr5t8 oygrvhab hcukyx3x c1et5uql o9v6fnle ii04i59q\">\n<div dir=\"auto\">Tras analizar los temas, las autoridades de ambas Defensor\u00edas del Pueblo acordaron delinear y gestionar en conjunto la presentaci\u00f3n de sendos reclamos, teniendo como objetivo primordial la defensa de los derechos de los usuarios de colectivo y de la Ruta 168. Paralelamente, acordaron involucrar a las distintas partes concernientes con los temas -organizaciones de estudiantes, autoridades de universidades y a funcionarios de \u00e1reas nacionales y provinciales y de los Ejecutivos locales y provinciales-, con la intenci\u00f3n de buscar las respuestas m\u00e1s integrales posibles.<\/div>\n<\/div>\n<div class=\"cxmmr5t8 oygrvhab hcukyx3x c1et5uql o9v6fnle ii04i59q\">\n<div dir=\"auto\">Al respecto, las Defensoras de Paran\u00e1 y el Defensor de Santa Fe coincidieron en la necesidad imperiosa de encontrar soluciones de fondo en ambas problem\u00e1ticas. Con esa intenci\u00f3n, se definir\u00e1n una serie de acciones, la mayor\u00eda, dirigida a organismo de control de jurisdicci\u00f3n nacional, y se llevar\u00e1 la cuesti\u00f3n al orden del d\u00eda de la pr\u00f3xima reuni\u00f3n del Comit\u00e9 de Defensores del Pueblo de la Regi\u00f3n Centro, que se realizar\u00e1 en Santa Fe en marzo. Tambi\u00e9n, se pedir\u00e1 la intervenci\u00f3n de la Defensor\u00eda del Pueblo de la Naci\u00f3n para que sume su respaldo a las presentaciones que deban hacerse antes autoridades federales.<\/div>\n<\/div>\n<\/div>\n<\/div>\n<\/div>\n<\/div>\n<div id=\"jsc_c_26b\" class=\"l9j0dhe7\">\n<div class=\"l9j0dhe7\">\n<div>\n<div class=\"bp9cbjyn cwj9ozl2 j83agx80 cbu4d94t ni8dbmo4 stjgntxs l9j0dhe7 k4urcfbm\">\n<div>\n<div class=\"do00u71z ni8dbmo4 stjgntxs l9j0dhe7\">\n<div class=\"pmk7jnqg kr520xx4\"><img loading=\"lazy\" class=\"i09qtzwb n7fi1qx3 datstx6m pmk7jnqg j9ispegn kr520xx4 k4urcfbm bixrwtb6\" src=\"https:\/\/scontent.fros2-2.fna.fbcdn.net\/v\/t39.30808-6\/274074805_2136817616472485_2192539075459586916_n.jpg?stp=dst-jpg_p180x540&amp;_nc_cat=105&amp;ccb=1-7&amp;_nc_sid=730e14&amp;_nc_ohc=yjGwKklijU4AX-rPmco&amp;_nc_ht=scontent.fros2-2.fna&amp;oh=00_AT8c_lANlVSIuGz_UZ9Mcei-I5nwSj7EK24HTYsMPl9oVg&amp;oe=62F69E25\" alt=\"Puede ser una imagen de 3 personas, personas sentadas e interior\" width=\"720\" height=\"540\" \/><\/div>\n<\/div>\n<\/div>\n<\/div>\n<div class=\"linmgsc8 opwvks06 i09qtzwb n7fi1qx3 hzruof5a pmk7jnqg j9ispegn kr520xx4\"><\/div>\n<div class=\"n00je7tq arfg74bv qs9ysxi8 k77z8yql i09qtzwb n7fi1qx3 b5wmifdl hzruof5a pmk7jnqg j9ispegn kr520xx4 c5ndavph art1omkt ot9fgl3s\" data-visualcompletion=\"ignore\"><\/div>\n<\/div>\n<\/div>\n<div class=\"stjgntxs ni8dbmo4\"><\/div>\n<\/div>\n<\/div>\n<div class=\"bq4bzpyk s1tcr66n l6v480f0 j83agx80 btwxx1t3 i1fnvgqd pybr56ya d1544ag0 f10w8fjw c4f5jtg6\">\n<div class=\"bp9cbjyn j83agx80 jifvfom9\">\n<div class=\"oajrlxb2 g5ia77u1 mtkw9kbi tlpljxtp qensuy8j ppp5ayq2 goun2846 ccm00jje s44p3ltw mk2mc5f4 rt8b4zig n8ej3o3l agehan2d sk4xxmp2 rq0escxv nhd2j8a9 mg4g778l pfnyh3mw p7hjln8o kvgmc6g5 cxmmr5t8 oygrvhab hcukyx3x tgvbjcpo hpfvmrgz jb3vyjys rz4wbd8a qt6c0cv9 a8nywdso l9j0dhe7 i1ao9s8h esuyzwwr f1sip0of du4w35lb n00je7tq arfg74bv qs9ysxi8 k77z8yql btwxx1t3 abiwlrkh p8dawk7l lzcic4wl bp9cbjyn pq6dq46d taijpn5t\" tabindex=\"0\" role=\"button\" aria-label=\"button\"><span class=\"d2edcug0 hpfvmrgz qv66sw1b c1et5uql lr9zc1uh a8c37x1j fe6kdd0r mau55g9w c8b282yb keod5gw0 nxhoafnm aigsh9s9 d3f4x2em iv3no6db jq4qci2q a3bd9o3v lrazzd5p py34i1dx oqcyycmt\" dir=\"auto\">Ver estad\u00edsticas y anuncios<\/span><\/div>\n<\/div>\n<div class=\"j83agx80 bkfpd7mw\">\n<div class=\"l9j0dhe7 du4w35lb j83agx80 pfnyh3mw taijpn5t bp9cbjyn owycx6da btwxx1t3 kt9q3ron ak7q8e6j isp2s0ed ri5dt5u2 rt8b4zig n8ej3o3l agehan2d sk4xxmp2 rq0escxv d1544ag0 tw6a2znq s1i5eluu dwjjeivp\">\n<div class=\"bp9cbjyn j83agx80 taijpn5t c4xchbtz by2jbhx6 a0jftqn4\">\n<div class=\"rq0escxv l9j0dhe7 du4w35lb d2edcug0 hpfvmrgz bp9cbjyn j83agx80 pfnyh3mw j5wkysh0 hytbnt81\"><span class=\"d2edcug0 hpfvmrgz qv66sw1b c1et5uql lr9zc1uh a8c37x1j fe6kdd0r mau55g9w c8b282yb keod5gw0 nxhoafnm aigsh9s9 d3f4x2em iv3no6db a5q79mjw g1cxx5fr lrazzd5p bwm1u5wc\" dir=\"auto\"><span class=\"a8c37x1j ni8dbmo4 stjgntxs l9j0dhe7 ltmttdrg g0qnabr5 ojkyduve\">Promocionar publicaci\u00f3n<\/span><\/span><\/div>\n<\/div>\n<div class=\"n00je7tq arfg74bv qs9ysxi8 k77z8yql i09qtzwb n7fi1qx3 b5wmifdl hzruof5a pmk7jnqg j9ispegn kr520xx4 c5ndavph art1omkt ot9fgl3s\" data-visualcompletion=\"ignore\"><\/div>\n<\/div>\n<\/div>\n<\/div>\n<div>\n<div class=\"stjgntxs ni8dbmo4 l82x9zwi uo3d90p7 h905i5nu monazrh9\" data-visualcompletion=\"ignore-dynamic\">\n<div>\n<div>\n<div>\n<div class=\"l9j0dhe7\">\n<div class=\"bp9cbjyn m9osqain j83agx80 jq4qci2q bkfpd7mw a3bd9o3v kvgmc6g5 wkznzc2l oygrvhab dhix69tm jktsbyx5 rz4wbd8a osnr6wyh a8nywdso s1tcr66n\">\n<div class=\"bp9cbjyn j83agx80 buofh1pr ni8dbmo4 stjgntxs\">\n<div class=\"oajrlxb2 gs1a9yip g5ia77u1 mtkw9kbi tlpljxtp qensuy8j ppp5ayq2 goun2846 ccm00jje s44p3ltw mk2mc5f4 rt8b4zig n8ej3o3l agehan2d sk4xxmp2 rq0escxv nhd2j8a9 mg4g778l pfnyh3mw p7hjln8o kvgmc6g5 cxmmr5t8 oygrvhab hcukyx3x tgvbjcpo hpfvmrgz jb3vyjys rz4wbd8a qt6c0cv9 a8nywdso l9j0dhe7 i1ao9s8h esuyzwwr f1sip0of du4w35lb n00je7tq arfg74bv qs9ysxi8 k77z8yql pq6dq46d btwxx1t3 abiwlrkh p8dawk7l lzcic4wl\" tabindex=\"0\" role=\"button\" aria-label=\"Me gusta: 2 personas\"><img class=\"j1lvzwm4\" role=\"presentation\" src=\"data:;base64,<svg xmlns='http:\/\/www.w3.org\/2000\/svg' xmlns:xlink='http:\/\/www.w3.org\/1999\/xlink' viewBox='0 0 16 16'><defs> \t<linearGradient id='a' x1='50%' x2='50%' y1='0%' y2='100%'><stop offset='0%' stop-color='#18AFFF'\/><stop offset='100%' stop-color='#0062DF'\/><\/linearGradient><filter id='c' width='118.8%' height='118.8%' x='-9.4%' y='-9.4%' filterUnits='objectBoundingBox'><feGaussianBlur in='SourceAlpha' result='shadowBlurInner1' stdDeviation='1'\/><feOffset dy='-1' in='shadowBlurInner1' result='shadowOffsetInner1'\/><feComposite in='shadowOffsetInner1' in2='SourceAlpha' k2='-1' k3='1' operator='arithmetic' result='shadowInnerInner1'\/><feColorMatrix in='shadowInnerInner1' values='0 0 0 0 0 0 0 0 0 0.299356041 0 0 0 0 0.681187726 0 0 0 0.3495684 0'\/><\/filter><path id='b' d='M8 0a8 8 0 00-8 8 8 8 0 1016 0 8 8 0 00-8-8z'\/><\/defs><g fill='none'><use fill='url(#a)' xlink:href='#b'\/><use fill='black' filter='url(#c)' xlink:href='#b'\/><path fill='white' d='M12.162 7.338c.176.123.338.245.338.674 0 .43-.229.604-.474.725a.73.73 0 01.089.546c-.077.344-.392.611-.672.69.121.194.159.385.015.62-.185.295-.346.407-1.058.407H7.5c-.988 0-1.5-.546-1.5-1V7.665c0-1.23 1.467-2.275 1.467-3.13L7.361 3.47c-.005-.065.008-.224.058-.27.08-.079.301-.2.635-.2.218 0 .363.041.534.123.581.277.732.978.732 1.542 0 .271-.414 1.083-.47 1.364 0 0 .867-.192 1.879-.199 1.061-.006 1.749.19 1.749.842 0 .261-.219.523-.316.666zM3.6 7h.8a.6.6 0 01.6.6v3.8a.6.6 0 01-.6.6h-.8a.6.6 0 01-.6-.6V7.6a.6.6 0 01.6-.6z'\/><\/g><\/svg>&#8221; width=&#8221;18&#8243; height=&#8221;18&#8243; \/><\/div>\n<div class=\"\">\n<div class=\"oajrlxb2 g5ia77u1 qu0x051f esr5mh6w e9989ue4 r7d6kgcz rq0escxv nhd2j8a9 p7hjln8o kvgmc6g5 cxmmr5t8 oygrvhab hcukyx3x jb3vyjys rz4wbd8a qt6c0cv9 a8nywdso i1ao9s8h esuyzwwr f1sip0of n00je7tq arfg74bv qs9ysxi8 k77z8yql l9j0dhe7 abiwlrkh p8dawk7l lzcic4wl gmql0nx0 ce9h75a5 ni8dbmo4 stjgntxs tkr6xdv7 a8c37x1j\" tabindex=\"0\" role=\"button\"><span class=\"bzsjyuwj ni8dbmo4 stjgntxs ltmttdrg gjzvkazv\" aria-hidden=\"true\"><span class=\"gpro0wi8 pcp91wgn\">2<\/span><\/span><span class=\"gpro0wi8 cwj9ozl2 bzsjyuwj ja2t1vim\"><span class=\"pcp91wgn\">2<\/span><\/span><\/div>\n<\/div>\n<\/div>\n<div class=\"kb5gq1qc pfnyh3mw c0wkt4kp\"><\/div>\n<\/div>\n<\/div>\n<\/div>\n<\/div>\n<\/div>\n<\/div>\n<\/div>\n","protected":false},"excerpt":{"rendered":"<p>El incremento de ataques violentos a veh\u00edculos que circulan por la Ruta 168, que van desde pedradas a robos; el estado deficiente de esa v\u00eda nacional, que une ambas capitales provinciales, con falta de iluminaci\u00f3n en algunos tramos, y las insuficiencias cr\u00f3nicas del servicio de transporte p\u00fablico interurbano de pasajeros llevaron a que ambas instituciones [&hellip;]<\/p>\n","protected":false},"author":2,"featured_media":2897,"comment_status":"open","ping_status":"open","sticky":false,"template":"","format":"standard","meta":{"om_disable_all_campaigns":false,"_monsterinsights_skip_tracking":false,"_monsterinsights_sitenote_active":false,"_monsterinsights_sitenote_note":"","_monsterinsights_sitenote_category":0},"categories":[1],"tags":[],"_links":{"self":[{"href":"https:\/\/defensoriaparana.com.ar\/index.php\/wp-json\/wp\/v2\/posts\/2896"}],"collection":[{"href":"https:\/\/defensoriaparana.com.ar\/index.php\/wp-json\/wp\/v2\/posts"}],"about":[{"href":"https:\/\/defensoriaparana.com.ar\/index.php\/wp-json\/wp\/v2\/types\/post"}],"author":[{"embeddable":true,"href":"https:\/\/defensoriaparana.com.ar\/index.php\/wp-json\/wp\/v2\/users\/2"}],"replies":[{"embeddable":true,"href":"https:\/\/defensoriaparana.com.ar\/index.php\/wp-json\/wp\/v2\/comments?post=2896"}],"version-history":[{"count":1,"href":"https:\/\/defensoriaparana.com.ar\/index.php\/wp-json\/wp\/v2\/posts\/2896\/revisions"}],"predecessor-version":[{"id":2898,"href":"https:\/\/defensoriaparana.com.ar\/index.php\/wp-json\/wp\/v2\/posts\/2896\/revisions\/2898"}],"wp:featuredmedia":[{"embeddable":true,"href":"https:\/\/defensoriaparana.com.ar\/index.php\/wp-json\/wp\/v2\/media\/2897"}],"wp:attachment":[{"href":"https:\/\/defensoriaparana.com.ar\/index.php\/wp-json\/wp\/v2\/media?parent=2896"}],"wp:term":[{"taxonomy":"category","embeddable":true,"href":"https:\/\/defensoriaparana.com.ar\/index.php\/wp-json\/wp\/v2\/categories?post=2896"},{"taxonomy":"post_tag","embeddable":true,"href":"https:\/\/defensoriaparana.com.ar\/index.php\/wp-json\/wp\/v2\/tags?post=2896"}],"curies":[{"name":"wp","href":"https:\/\/api.w.org\/{rel}","templated":true}]}}