{"id":2905,"date":"2022-02-15T23:30:52","date_gmt":"2022-02-15T23:30:52","guid":{"rendered":"http:\/\/defensoriaparana.com.ar\/?p=2905"},"modified":"2022-09-02T12:02:17","modified_gmt":"2022-09-02T12:02:17","slug":"la-red-de-los-derechos-de-las-personas-en-situacion-de-calle-se-reunio-para-definir-objetivos-y-acciones-para-este-ano","status":"publish","type":"post","link":"https:\/\/defensoriaparana.com.ar\/index.php\/2022\/02\/15\/la-red-de-los-derechos-de-las-personas-en-situacion-de-calle-se-reunio-para-definir-objetivos-y-acciones-para-este-ano\/","title":{"rendered":"La Red de los Derechos de las Personas en Situaci\u00f3n de Calle se reuni\u00f3 para definir objetivos y acciones para este a\u00f1o"},"content":{"rendered":"<div>\n<div class=\"\" dir=\"auto\">\n<div id=\"jsc_c_4qe\" class=\"ecm0bbzt hv4rvrfc ihqw7lf3 dati1w0a\" data-ad-comet-preview=\"message\" data-ad-preview=\"message\">\n<div class=\"j83agx80 cbu4d94t ew0dbk1b irj2b8pg\">\n<div class=\"qzhwtbm6 knvmm38d\">\n<div class=\"kvgmc6g5 cxmmr5t8 oygrvhab hcukyx3x c1et5uql ii04i59q\">\n<div dir=\"auto\"><\/div>\n<\/div>\n<div class=\"cxmmr5t8 oygrvhab hcukyx3x c1et5uql o9v6fnle ii04i59q\">\n<div dir=\"auto\">Integrantes de la Red por los Derechos de las Persona en Situaci\u00f3n de Calle participaron del primer encuentro de este a\u00f1o con el fin, principalmente, de definir objetivos y acciones de trabajo para 2022.<\/div>\n<div dir=\"auto\"><img loading=\"lazy\" class=\"alignnone size-medium wp-image-3337\" src=\"http:\/\/defensoriaparana.com.ar\/wp-content\/uploads\/2022\/02\/febrero1-300x225.jpg\" alt=\"\" width=\"300\" height=\"225\" srcset=\"https:\/\/defensoriaparana.com.ar\/wp-content\/uploads\/2022\/02\/febrero1-300x225.jpg 300w, https:\/\/defensoriaparana.com.ar\/wp-content\/uploads\/2022\/02\/febrero1.jpg 600w\" sizes=\"(max-width: 300px) 100vw, 300px\" \/><\/div>\n<\/div>\n<div class=\"cxmmr5t8 oygrvhab hcukyx3x c1et5uql o9v6fnle ii04i59q\">\n<div dir=\"auto\">La reuni\u00f3n se realiz\u00f3 el jueves 10 de febrero, en la sede de la Defensor\u00eda del Pueblo de la Ciudad de Paran\u00e1, en calle H. Yrigoyen 236.<\/div>\n<\/div>\n<div class=\"cxmmr5t8 oygrvhab hcukyx3x c1et5uql o9v6fnle ii04i59q\">\n<div dir=\"auto\">Cabe recordar que la Defensor\u00eda integra la Red, junto a instituciones y organizaciones p\u00fablicas y privadas de la ciudad, \u00e1mbito que fue creado en septiembre de 2019 ante la cr\u00f3nica y dolorosa realidad de las personas que viven en la calle en Paran\u00e1. El fin esencial propuesto en la conformaci\u00f3n del espacio consiste en visibilizar la situaci\u00f3n y reclamar acciones concretas y pol\u00edticas de Estado que aborden desde una perspectiva de derechos, efectivamente y de manera integral, la problem\u00e1tica.<\/div>\n<\/div>\n<div class=\"cxmmr5t8 oygrvhab hcukyx3x c1et5uql o9v6fnle ii04i59q\">\n<div dir=\"auto\">Entre los temas del primer encuentro del a\u00f1o, se abord\u00f3 el plan de trabajo a desarrollar, teniendo como antecedente la labor realizada durante a\u00f1os anteriores en los que la pandemia marc\u00f3 las actividades y la manera de comunicaci\u00f3n. De ese per\u00edodo, se destaca la variedad y volumen de lo realizado, as\u00ed como la valoraci\u00f3n de los resultados de los propios protagonistas.<\/div>\n<div dir=\"auto\"><img loading=\"lazy\" class=\"alignnone size-medium wp-image-3336\" src=\"http:\/\/defensoriaparana.com.ar\/wp-content\/uploads\/2022\/02\/febrerp-300x225.jpg\" alt=\"\" width=\"300\" height=\"225\" srcset=\"https:\/\/defensoriaparana.com.ar\/wp-content\/uploads\/2022\/02\/febrerp-300x225.jpg 300w, https:\/\/defensoriaparana.com.ar\/wp-content\/uploads\/2022\/02\/febrerp.jpg 600w\" sizes=\"(max-width: 300px) 100vw, 300px\" \/><\/div>\n<\/div>\n<div class=\"cxmmr5t8 oygrvhab hcukyx3x c1et5uql o9v6fnle ii04i59q\">\n<div dir=\"auto\">En ese marco, se plante\u00f3 como uno de los objetivos principales el hecho de \u201cmantener el acompa\u00f1amiento al dispositivo de protecci\u00f3n de los derechos de las personas en situaci\u00f3n de calle\u201d, implementado por la Municipalidad de Paran\u00e1 con el inicio de la cuarentena, en marzo de 2020. Desde entonces, funciona un albergue, con atenci\u00f3n las 24 horas del d\u00eda, en el Centro Integrador Comunitario CIC II Este, junto al Hogar Madre Teresa de Calcuta que aloja a personas mayores.<\/div>\n<\/div>\n<div class=\"cxmmr5t8 oygrvhab hcukyx3x c1et5uql o9v6fnle ii04i59q\">\n<div dir=\"auto\">En estos espacios, como en a\u00f1os anteriores, se prev\u00e9 continuar con una variedad de talleres que busca captar los intereses y expectativas de las personas alojadas. Tambi\u00e9n las Casas de estudio de nivel universitario que integran la Red planifican actividades relacionadas a las materias y especialidades de cada una.<\/div>\n<\/div>\n<div class=\"cxmmr5t8 oygrvhab hcukyx3x c1et5uql o9v6fnle ii04i59q\">\n<div dir=\"auto\">Otro objetivo propuesto consiste en realizar un relevamiento de organizaciones que trabajen la tem\u00e1tica en la provincia con el fin de articular acciones. Por \u00faltimo, se analizaron situaciones particulares que se est\u00e1n abordando y otras que se programan trabajar.<\/div>\n<div dir=\"auto\">Integran la Red la Facultad de Trabajo Social (UNER), la Facultad Teresa de \u00c1vila (UCA), el Banco de Alimentos Paran\u00e1, C\u00e1ritas Arquidiocesana Paran\u00e1, la Red Puentes, Suma de Voluntades, el Grupo Compartir, el Grupo Un Cielo Nuevo de la Parroquia Nuestra Se\u00f1ora de la Piedad, la Iglesia Evang\u00e9lica Valdense del R\u00edo de la Plata, la Asociaci\u00f3n Israelita de Paran\u00e1, la Facultad de Humanidades, Artes y Ciencias Sociales (UADER), el Hogar de Cristo Paran\u00e1, Barrios de Pie \u2013 Libres del Sur, la Facultad de Ciencias Econ\u00f3micas (UNER), la Casa de Acompa\u00f1amiento y Asistencia Comunitaria: Vientos de Libertad, el Instituto Latinoamericano del Ombudsman, la CTEP \u2013 Uni\u00f3n Trabajadores de la Econom\u00eda Popular y la Defensor\u00eda del Pueblo de la Ciudad de Paran\u00e1.<\/div>\n<\/div>\n<\/div>\n<\/div>\n<\/div>\n<\/div>\n<div id=\"jsc_c_4qf\" class=\"l9j0dhe7\">\n<div class=\"l9j0dhe7\">\n<div>\n<div>\n<div class=\"l9j0dhe7\">\n<div class=\"l9j0dhe7\">\n<div class=\"ni8dbmo4 stjgntxs pmk7jnqg\">\n<div class=\"stjgntxs ni8dbmo4\">\n<div class=\"do00u71z ni8dbmo4 stjgntxs l9j0dhe7\">\n<div class=\"pmk7jnqg kr520xx4\"><img class=\"i09qtzwb n7fi1qx3 datstx6m pmk7jnqg j9ispegn kr520xx4 k4urcfbm\" src=\"https:\/\/scontent.fros2-1.fna.fbcdn.net\/v\/t39.30808-6\/273752889_2129252040562376_5052717567029675386_n.jpg?stp=dst-jpg_s600x600&amp;_nc_cat=100&amp;ccb=1-7&amp;_nc_sid=730e14&amp;_nc_ohc=mDm9eIRcVJYAX8xxeWg&amp;_nc_ht=scontent.fros2-1.fna&amp;oh=00_AT8Os4-d7oDaYkc9Kd46iv8BtreIxz5bL-gOaC0X1847Gw&amp;oe=62F6CEE0\" alt=\"\" \/><\/div>\n<\/div>\n<div class=\"kr520xx4 j9ispegn pmk7jnqg hzruof5a n7fi1qx3 rq0escxv i09qtzwb opwvks06 linmgsc8\"><\/div>\n<\/div>\n<div class=\"n00je7tq arfg74bv qs9ysxi8 k77z8yql i09qtzwb n7fi1qx3 b5wmifdl hzruof5a pmk7jnqg j9ispegn kr520xx4 c5ndavph art1omkt ot9fgl3s\" data-visualcompletion=\"ignore\"><\/div>\n<\/div>\n<div class=\"ni8dbmo4 stjgntxs pmk7jnqg\">\n<div class=\"stjgntxs ni8dbmo4\">\n<div class=\"do00u71z ni8dbmo4 stjgntxs l9j0dhe7\">\n<div class=\"pmk7jnqg kr520xx4\"><img class=\"i09qtzwb n7fi1qx3 datstx6m pmk7jnqg j9ispegn kr520xx4 k4urcfbm\" src=\"https:\/\/scontent.fros2-1.fna.fbcdn.net\/v\/t39.30808-6\/273036626_2129252390562341_749522041143725720_n.jpg?stp=dst-jpg_s600x600&amp;_nc_cat=102&amp;ccb=1-7&amp;_nc_sid=730e14&amp;_nc_ohc=-BfKlbDL4RkAX8pWu-X&amp;_nc_oc=AQnqgDqqjQnXyVHDfGoR9mNONwXHgUqFEZ_tQiZ-t1IZYrrJRHqhA7svkc4BnMPxz2c&amp;_nc_ht=scontent.fros2-1.fna&amp;oh=00_AT_hosXX22kn5izaUO4y7TZsAosmoeAxg6Stvcn9CIZnHw&amp;oe=62F6D88B\" alt=\"\" \/><\/div>\n<\/div>\n<div class=\"kr520xx4 j9ispegn pmk7jnqg hzruof5a n7fi1qx3 rq0escxv i09qtzwb opwvks06 linmgsc8\"><\/div>\n<\/div>\n<div class=\"n00je7tq arfg74bv qs9ysxi8 k77z8yql i09qtzwb n7fi1qx3 b5wmifdl hzruof5a pmk7jnqg j9ispegn kr520xx4 c5ndavph art1omkt ot9fgl3s\" data-visualcompletion=\"ignore\"><\/div>\n<\/div>\n<\/div>\n<\/div>\n<\/div>\n<\/div>\n<\/div>\n<\/div>\n<\/div>\n<div>\n<div class=\"stjgntxs ni8dbmo4 l82x9zwi uo3d90p7 h905i5nu monazrh9\" data-visualcompletion=\"ignore-dynamic\">\n<div>\n<div>\n<div>\n<div class=\"l9j0dhe7\">\n<div class=\"bp9cbjyn m9osqain j83agx80 jq4qci2q bkfpd7mw a3bd9o3v kvgmc6g5 wkznzc2l oygrvhab dhix69tm jktsbyx5 rz4wbd8a osnr6wyh a8nywdso s1tcr66n\">\n<div class=\"bp9cbjyn j83agx80 buofh1pr ni8dbmo4 stjgntxs\">\n<div class=\"\">\n<div class=\"oajrlxb2 g5ia77u1 qu0x051f esr5mh6w e9989ue4 r7d6kgcz rq0escxv nhd2j8a9 p7hjln8o kvgmc6g5 cxmmr5t8 oygrvhab hcukyx3x jb3vyjys rz4wbd8a qt6c0cv9 a8nywdso i1ao9s8h esuyzwwr f1sip0of n00je7tq arfg74bv qs9ysxi8 k77z8yql l9j0dhe7 abiwlrkh p8dawk7l lzcic4wl gmql0nx0 ce9h75a5 ni8dbmo4 stjgntxs tkr6xdv7 a8c37x1j\" tabindex=\"0\" role=\"button\"><\/div>\n<\/div>\n<\/div>\n<div class=\"kb5gq1qc pfnyh3mw c0wkt4kp\"><\/div>\n<\/div>\n<\/div>\n<\/div>\n<\/div>\n<\/div>\n<\/div>\n<\/div>\n","protected":false},"excerpt":{"rendered":"<p>Integrantes de la Red por los Derechos de las Persona en Situaci\u00f3n de Calle participaron del primer encuentro de este a\u00f1o con el fin, principalmente, de definir objetivos y acciones de trabajo para 2022. La reuni\u00f3n se realiz\u00f3 el jueves 10 de febrero, en la sede de la Defensor\u00eda del Pueblo de la Ciudad de [&hellip;]<\/p>\n","protected":false},"author":2,"featured_media":3336,"comment_status":"open","ping_status":"open","sticky":false,"template":"","format":"standard","meta":{"om_disable_all_campaigns":false,"_monsterinsights_skip_tracking":false,"_monsterinsights_sitenote_active":false,"_monsterinsights_sitenote_note":"","_monsterinsights_sitenote_category":0},"categories":[1],"tags":[],"_links":{"self":[{"href":"https:\/\/defensoriaparana.com.ar\/index.php\/wp-json\/wp\/v2\/posts\/2905"}],"collection":[{"href":"https:\/\/defensoriaparana.com.ar\/index.php\/wp-json\/wp\/v2\/posts"}],"about":[{"href":"https:\/\/defensoriaparana.com.ar\/index.php\/wp-json\/wp\/v2\/types\/post"}],"author":[{"embeddable":true,"href":"https:\/\/defensoriaparana.com.ar\/index.php\/wp-json\/wp\/v2\/users\/2"}],"replies":[{"embeddable":true,"href":"https:\/\/defensoriaparana.com.ar\/index.php\/wp-json\/wp\/v2\/comments?post=2905"}],"version-history":[{"count":3,"href":"https:\/\/defensoriaparana.com.ar\/index.php\/wp-json\/wp\/v2\/posts\/2905\/revisions"}],"predecessor-version":[{"id":3339,"href":"https:\/\/defensoriaparana.com.ar\/index.php\/wp-json\/wp\/v2\/posts\/2905\/revisions\/3339"}],"wp:featuredmedia":[{"embeddable":true,"href":"https:\/\/defensoriaparana.com.ar\/index.php\/wp-json\/wp\/v2\/media\/3336"}],"wp:attachment":[{"href":"https:\/\/defensoriaparana.com.ar\/index.php\/wp-json\/wp\/v2\/media?parent=2905"}],"wp:term":[{"taxonomy":"category","embeddable":true,"href":"https:\/\/defensoriaparana.com.ar\/index.php\/wp-json\/wp\/v2\/categories?post=2905"},{"taxonomy":"post_tag","embeddable":true,"href":"https:\/\/defensoriaparana.com.ar\/index.php\/wp-json\/wp\/v2\/tags?post=2905"}],"curies":[{"name":"wp","href":"https:\/\/api.w.org\/{rel}","templated":true}]}}