{"id":2921,"date":"2022-01-27T23:49:54","date_gmt":"2022-01-27T23:49:54","guid":{"rendered":"http:\/\/defensoriaparana.com.ar\/?p=2921"},"modified":"2022-08-09T23:52:51","modified_gmt":"2022-08-09T23:52:51","slug":"se-invita-a-instituciones-y-organizaciones-a-participar-de-una-mesa-de-politicas-publicas-por-los-derechos-de-las-personas-mayores-2","status":"publish","type":"post","link":"https:\/\/defensoriaparana.com.ar\/index.php\/2022\/01\/27\/se-invita-a-instituciones-y-organizaciones-a-participar-de-una-mesa-de-politicas-publicas-por-los-derechos-de-las-personas-mayores-2\/","title":{"rendered":"Se invita a instituciones y organizaciones a participar de una mesa de pol\u00edticas p\u00fablicas por los derechos de las personas mayores"},"content":{"rendered":"<div>\n<div class=\"\" dir=\"auto\">\n<div id=\"jsc_c_4xb\" class=\"ecm0bbzt hv4rvrfc ihqw7lf3 dati1w0a\" data-ad-comet-preview=\"message\" data-ad-preview=\"message\">\n<div class=\"j83agx80 cbu4d94t ew0dbk1b irj2b8pg\">\n<div class=\"qzhwtbm6 knvmm38d\">\n<div class=\"kvgmc6g5 cxmmr5t8 oygrvhab hcukyx3x c1et5uql ii04i59q\">\n<div dir=\"auto\"><\/div>\n<\/div>\n<div class=\"cxmmr5t8 oygrvhab hcukyx3x c1et5uql o9v6fnle ii04i59q\">\n<div dir=\"auto\">La Defensora de los Derechos de las Personas Mayores de la Defensor\u00eda del Pueblo de Paran\u00e1, Ligia Blanco, est\u00e1 abocada por estos d\u00edas a la convocatoria de instituciones y organizaciones afines a la tem\u00e1tica para que se sumen a participar de un espacio amplio y abierto a la comunidad, conformado en septiembre del a\u00f1o pasado. Se trata de la Mesa de Pol\u00edticas P\u00fablicas Municipales para Personas Mayores, cuya conformaci\u00f3n est\u00e1 prevista en la ordenanza N\u00ba 9389, norma sancionada en 2016 por la que se instaur\u00f3 la figura del Defensor\/a de los Derechos de las Personas Mayores en Paran\u00e1. Para ocupar ese cargo result\u00f3 electa por el Concejo Deliberante de Paran\u00e1 Ligia Blanco, quien inici\u00f3 su mandato el 1 de octubre de 2020.<\/div>\n<div dir=\"auto\">Los art\u00edculos 11 y 12 de la ordenanza 9389 establecen la creaci\u00f3n y funcionamiento de la mesa con el fin de \u201cproponer y discutir las medidas a implementar para velar por la defensa y protecci\u00f3n de los intereses de los adultos mayores\u201d, consigna la norma.<\/div>\n<div dir=\"auto\">En cuanto a la conformaci\u00f3n prev\u00e9 que estar\u00e1 integrada por la Defensora de los Derechos de los Adultos Mayores, \u201cconcejales de la totalidad de los bloques con representaci\u00f3n legislativa, m\u00e9dicos Geront\u00f3logos, Defensora del Pueblo, integrantes de la Direcci\u00f3n de Tercera Edad, Secretar\u00eda de Derechos Humanos, profesionales de atenci\u00f3n primaria, representantes del Pami, Anses, ong\u2019s, geri\u00e1tricos p\u00fablicos y privados y toda persona o instituci\u00f3n cuyo aporte se considere relevante para el objetivo y esp\u00edritu de la ordenanza\u201d.<\/div>\n<div dir=\"auto\">La mesa comenz\u00f3 a reunirse en septiembre pasado y se llevan realizados seis encuentros con la modalidad online. Vienen participando m\u00e1s de una decena de integrantes de instituciones y organizaciones paranaenses, quienes han propuesto para la agenda de trabajo una variedad de temas de inter\u00e9s para las personas mayores. Entre ellos se pueden mencionar: la atenci\u00f3n en obras sociales y bancos, el servicio de colectivos, el estado de las veredas, la situaci\u00f3n de geri\u00e1tricos, la necesidad de encarar campa\u00f1as de sensibilizaci\u00f3n y capacitaci\u00f3n sobre la tem\u00e1tica.<\/div>\n<div dir=\"auto\">Tras estos primeros pasos, la intenci\u00f3n es continuar sumando instituciones y organizaciones con el fin de enriquecer el espacio con aportes, opiniones, miradas y as\u00ed obtener un panorama lo m\u00e1s amplio posible sobre la realidad, situaci\u00f3n e intereses de las personas mayores de la ciudad.<\/div>\n<div dir=\"auto\">Para ello, se invita a los interesados en integrar la mesa a comunicarse por alguna de las siguientes v\u00edas de contacto de la Defensor\u00eda del Pueblo de Paran\u00e1: a los n\u00fameros 4202322 y 08007771112, tel\u00e9fonos de l\u00ednea cuya atenci\u00f3n es de lunes a viernes de 8 a 13; por mensajes de texto y whatsapp, al 03436226414 o por mail a defensoriaparana@gmail.com.<\/div>\n<div dir=\"auto\">La fecha estimada de la pr\u00f3xima reuni\u00f3n es el jueves 24 de febrero, de 10 a 11.30, mediante la modalidad virtual por la plataforma de Google Mee.<\/div>\n<\/div>\n<\/div>\n<\/div>\n<\/div>\n<\/div>\n<div id=\"jsc_c_4xc\" class=\"l9j0dhe7\">\n<div class=\"l9j0dhe7\">\n<div>\n<div class=\"bp9cbjyn cwj9ozl2 j83agx80 cbu4d94t ni8dbmo4 stjgntxs l9j0dhe7 k4urcfbm\">\n<div>\n<div class=\"do00u71z ni8dbmo4 stjgntxs l9j0dhe7\">\n<div class=\"pmk7jnqg kr520xx4\"><img loading=\"lazy\" class=\"i09qtzwb n7fi1qx3 datstx6m pmk7jnqg j9ispegn kr520xx4 k4urcfbm bixrwtb6\" src=\"https:\/\/scontent.fros2-1.fna.fbcdn.net\/v\/t39.30808-6\/272815268_2114987985322115_1261772736046032370_n.jpg?stp=dst-jpg_s720x720&amp;_nc_cat=104&amp;ccb=1-7&amp;_nc_sid=730e14&amp;_nc_ohc=UDt3WWtj5GQAX-049_R&amp;tn=cEqwy9F0LoDt58Me&amp;_nc_ht=scontent.fros2-1.fna&amp;oh=00_AT8uyzZ0ok9iL5BrWa1y3C9-yHwN479ULpGnTAC5EEadDg&amp;oe=62F827E4\" alt=\"Puede ser una imagen de 1 persona y texto que dice &quot;Por los derechos de las personas mayores Defensor\u00eda del Pueblo Ciudad de Paran\u00e1&quot;\" width=\"720\" height=\"511\" \/><\/div>\n<\/div>\n<\/div>\n<\/div>\n<div class=\"linmgsc8 opwvks06 i09qtzwb n7fi1qx3 hzruof5a pmk7jnqg j9ispegn kr520xx4\"><\/div>\n<div class=\"n00je7tq arfg74bv qs9ysxi8 k77z8yql i09qtzwb n7fi1qx3 b5wmifdl hzruof5a pmk7jnqg j9ispegn kr520xx4 c5ndavph art1omkt ot9fgl3s\" data-visualcompletion=\"ignore\"><\/div>\n<\/div>\n<\/div>\n<div class=\"stjgntxs ni8dbmo4\"><\/div>\n<\/div>\n<\/div>\n<div class=\"bq4bzpyk s1tcr66n l6v480f0 j83agx80 btwxx1t3 i1fnvgqd pybr56ya d1544ag0 f10w8fjw c4f5jtg6\">\n<div class=\"bp9cbjyn j83agx80 jifvfom9\"><\/div>\n<\/div>\n<div>\n<div class=\"stjgntxs ni8dbmo4 l82x9zwi uo3d90p7 h905i5nu monazrh9\" data-visualcompletion=\"ignore-dynamic\">\n<div>\n<div>\n<div>\n<div class=\"tvfksri0 ozuftl9m\">\n<div class=\"rq0escxv l9j0dhe7 du4w35lb j83agx80 pfnyh3mw i1fnvgqd gs1a9yip owycx6da btwxx1t3 ph5uu5jm b3onmgus e5nlhep0 ecm0bbzt nkwizq5d roh60bw9 mysgfdmx hddg9phg\">\n<div class=\"rq0escxv l9j0dhe7 du4w35lb j83agx80 cbu4d94t d2edcug0 hpfvmrgz rj1gh0hx buofh1pr g5gj957u n8tt0mok hyh9befq iuny7tx3 ipjc6fyt\">\n<div class=\"oajrlxb2 gs1a9yip g5ia77u1 mtkw9kbi tlpljxtp qensuy8j ppp5ayq2 goun2846 ccm00jje s44p3ltw mk2mc5f4 rt8b4zig n8ej3o3l agehan2d sk4xxmp2 rq0escxv nhd2j8a9 mg4g778l pfnyh3mw p7hjln8o kvgmc6g5 cxmmr5t8 oygrvhab hcukyx3x tgvbjcpo hpfvmrgz i1ao9s8h esuyzwwr du4w35lb n00je7tq arfg74bv qs9ysxi8 k77z8yql pq6dq46d btwxx1t3 abiwlrkh p8dawk7l lzcic4wl pphx12oy b4ylihy8 rz4wbd8a b40mr0ww a8nywdso hmalg0qr q45zohi1 g0aa4cga pmk7jnqg gokke00a\" tabindex=\"0\" role=\"button\" aria-label=\"Reaccionar\">\n<div class=\"n00je7tq arfg74bv qs9ysxi8 k77z8yql i09qtzwb n7fi1qx3 b5wmifdl hzruof5a pmk7jnqg j9ispegn kr520xx4 c5ndavph art1omkt ot9fgl3s\" data-visualcompletion=\"ignore\"><\/div>\n<\/div>\n<\/div>\n<div class=\"rq0escxv l9j0dhe7 du4w35lb j83agx80 cbu4d94t d2edcug0 hpfvmrgz rj1gh0hx buofh1pr g5gj957u n8tt0mok hyh9befq iuny7tx3 ipjc6fyt\">\n<div class=\"oajrlxb2 gs1a9yip g5ia77u1 mtkw9kbi tlpljxtp qensuy8j ppp5ayq2 goun2846 ccm00jje s44p3ltw mk2mc5f4 rt8b4zig n8ej3o3l agehan2d sk4xxmp2 rq0escxv nhd2j8a9 mg4g778l pfnyh3mw p7hjln8o kvgmc6g5 cxmmr5t8 oygrvhab hcukyx3x tgvbjcpo hpfvmrgz jb3vyjys rz4wbd8a qt6c0cv9 a8nywdso l9j0dhe7 i1ao9s8h esuyzwwr f1sip0of du4w35lb n00je7tq arfg74bv qs9ysxi8 k77z8yql pq6dq46d btwxx1t3 abiwlrkh p8dawk7l lzcic4wl\" tabindex=\"0\" role=\"button\" aria-label=\"Dejar un comentario\">\n<div class=\"rq0escxv l9j0dhe7 du4w35lb j83agx80 rj1gh0hx buofh1pr g5gj957u hpfvmrgz taijpn5t bp9cbjyn owycx6da btwxx1t3 d1544ag0 tw6a2znq jb3vyjys dlv3wnog rl04r1d5 mysgfdmx hddg9phg qu8okrzs g0qnabr5\">\n<div class=\"rq0escxv l9j0dhe7 du4w35lb j83agx80 cbu4d94t pfnyh3mw d2edcug0 hpfvmrgz ph5uu5jm b3onmgus iuny7tx3 ipjc6fyt\"><\/div>\n<\/div>\n<\/div>\n<\/div>\n<div class=\"rq0escxv l9j0dhe7 du4w35lb j83agx80 cbu4d94t d2edcug0 hpfvmrgz rj1gh0hx buofh1pr g5gj957u n8tt0mok hyh9befq iuny7tx3 ipjc6fyt\">\n<div class=\"oajrlxb2 gs1a9yip g5ia77u1 mtkw9kbi tlpljxtp qensuy8j ppp5ayq2 goun2846 ccm00jje s44p3ltw mk2mc5f4 rt8b4zig n8ej3o3l agehan2d sk4xxmp2 rq0escxv nhd2j8a9 mg4g778l pfnyh3mw p7hjln8o kvgmc6g5 cxmmr5t8 oygrvhab hcukyx3x tgvbjcpo hpfvmrgz jb3vyjys rz4wbd8a qt6c0cv9 a8nywdso l9j0dhe7 i1ao9s8h esuyzwwr f1sip0of du4w35lb n00je7tq arfg74bv qs9ysxi8 k77z8yql pq6dq46d btwxx1t3 abiwlrkh p8dawk7l lzcic4wl\" tabindex=\"0\" role=\"button\" aria-label=\"Enviar esto a tus amigos o publicarlo en tu biograf\u00eda\">\n<div class=\"rq0escxv l9j0dhe7 du4w35lb j83agx80 rj1gh0hx buofh1pr g5gj957u hpfvmrgz taijpn5t bp9cbjyn owycx6da btwxx1t3 d1544ag0 tw6a2znq jb3vyjys dlv3wnog rl04r1d5 mysgfdmx hddg9phg qu8okrzs g0qnabr5\">\n<div class=\"rq0escxv l9j0dhe7 du4w35lb j83agx80 cbu4d94t pfnyh3mw d2edcug0 hpfvmrgz ph5uu5jm b3onmgus iuny7tx3 ipjc6fyt\"><\/div>\n<\/div>\n<div class=\"n00je7tq arfg74bv qs9ysxi8 k77z8yql i09qtzwb n7fi1qx3 b5wmifdl hzruof5a pmk7jnqg j9ispegn kr520xx4 c5ndavph art1omkt ot9fgl3s\" data-visualcompletion=\"ignore\"><\/div>\n<\/div>\n<\/div>\n<\/div>\n<\/div>\n<\/div>\n<\/div>\n<div class=\"cwj9ozl2 tvmbv18p\"><\/div>\n<\/div>\n<\/div>\n<\/div>\n","protected":false},"excerpt":{"rendered":"<p>La Defensora de los Derechos de las Personas Mayores de la Defensor\u00eda del Pueblo de Paran\u00e1, Ligia Blanco, est\u00e1 abocada por estos d\u00edas a la convocatoria de instituciones y organizaciones afines a la tem\u00e1tica para que se sumen a participar de un espacio amplio y abierto a la comunidad, conformado en septiembre del a\u00f1o pasado. [&hellip;]<\/p>\n","protected":false},"author":2,"featured_media":2922,"comment_status":"open","ping_status":"open","sticky":false,"template":"","format":"standard","meta":{"om_disable_all_campaigns":false,"_monsterinsights_skip_tracking":false,"_monsterinsights_sitenote_active":false,"_monsterinsights_sitenote_note":"","_monsterinsights_sitenote_category":0},"categories":[1],"tags":[],"_links":{"self":[{"href":"https:\/\/defensoriaparana.com.ar\/index.php\/wp-json\/wp\/v2\/posts\/2921"}],"collection":[{"href":"https:\/\/defensoriaparana.com.ar\/index.php\/wp-json\/wp\/v2\/posts"}],"about":[{"href":"https:\/\/defensoriaparana.com.ar\/index.php\/wp-json\/wp\/v2\/types\/post"}],"author":[{"embeddable":true,"href":"https:\/\/defensoriaparana.com.ar\/index.php\/wp-json\/wp\/v2\/users\/2"}],"replies":[{"embeddable":true,"href":"https:\/\/defensoriaparana.com.ar\/index.php\/wp-json\/wp\/v2\/comments?post=2921"}],"version-history":[{"count":1,"href":"https:\/\/defensoriaparana.com.ar\/index.php\/wp-json\/wp\/v2\/posts\/2921\/revisions"}],"predecessor-version":[{"id":2923,"href":"https:\/\/defensoriaparana.com.ar\/index.php\/wp-json\/wp\/v2\/posts\/2921\/revisions\/2923"}],"wp:featuredmedia":[{"embeddable":true,"href":"https:\/\/defensoriaparana.com.ar\/index.php\/wp-json\/wp\/v2\/media\/2922"}],"wp:attachment":[{"href":"https:\/\/defensoriaparana.com.ar\/index.php\/wp-json\/wp\/v2\/media?parent=2921"}],"wp:term":[{"taxonomy":"category","embeddable":true,"href":"https:\/\/defensoriaparana.com.ar\/index.php\/wp-json\/wp\/v2\/categories?post=2921"},{"taxonomy":"post_tag","embeddable":true,"href":"https:\/\/defensoriaparana.com.ar\/index.php\/wp-json\/wp\/v2\/tags?post=2921"}],"curies":[{"name":"wp","href":"https:\/\/api.w.org\/{rel}","templated":true}]}}