{"id":2924,"date":"2022-01-22T23:53:00","date_gmt":"2022-01-22T23:53:00","guid":{"rendered":"http:\/\/defensoriaparana.com.ar\/?p=2924"},"modified":"2022-08-09T23:55:48","modified_gmt":"2022-08-09T23:55:48","slug":"defensoria-del-pueblo-elevo-reclamos-a-enersa-y-al-epre-por-los-cortes-de-energia","status":"publish","type":"post","link":"https:\/\/defensoriaparana.com.ar\/index.php\/2022\/01\/22\/defensoria-del-pueblo-elevo-reclamos-a-enersa-y-al-epre-por-los-cortes-de-energia\/","title":{"rendered":"Defensor\u00eda del Pueblo elev\u00f3 reclamos a Enersa y al Epre por los cortes de energ\u00eda"},"content":{"rendered":"<div>\n<div class=\"\" dir=\"auto\">\n<div id=\"jsc_c_4ze\" class=\"ecm0bbzt hv4rvrfc ihqw7lf3 dati1w0a\" data-ad-comet-preview=\"message\" data-ad-preview=\"message\">\n<div class=\"j83agx80 cbu4d94t ew0dbk1b irj2b8pg\">\n<div class=\"qzhwtbm6 knvmm38d\">\n<div class=\"kvgmc6g5 cxmmr5t8 oygrvhab hcukyx3x c1et5uql ii04i59q\">\n<div dir=\"auto\"><\/div>\n<\/div>\n<div class=\"cxmmr5t8 oygrvhab hcukyx3x c1et5uql o9v6fnle ii04i59q\">\n<div dir=\"auto\">Ante las numerosas consultas de usuarios de energ\u00eda el\u00e9ctrica recibidas debido a los cortes del servicio en los \u00faltimos d\u00edas, la Defensor\u00eda del Pueblo de la Ciudad de Paran\u00e1 hizo sendas presentaciones ante las autoridades de la empresa distribuidora Enersa y del Ente Provincial Regulador de la Energ\u00eda de Entre R\u00edos (Epre), organismo estatal a cargo del control de la prestaci\u00f3n.<\/div>\n<\/div>\n<div class=\"cxmmr5t8 oygrvhab hcukyx3x c1et5uql o9v6fnle ii04i59q\">\n<div dir=\"auto\">Las notas fueron elevadas este viernes 21 y se sustentan en la cantidad de consultas receptadas por la instituci\u00f3n, con innumerables pedidos de informaci\u00f3n respecto de qu\u00e9 hacer y d\u00f3nde recurrir ante las interrupciones imprevistas de energ\u00eda. La mayor\u00eda de los cortes \u201cno han sido comunicados ni planificados con anticipaci\u00f3n, lo que deja a la poblaci\u00f3n en desamparo repentino\u201d, se consigna en ambas notas, tras lo que se remarca que en casos, los usuarios \u201chan estado horas sin el suministro el\u00e9ctrico, creando un estado de incertidumbre alarmante, m\u00e1s all\u00e1 de las posibles p\u00e9rdidas econ\u00f3micas y da\u00f1os a las salud\u201d.<\/div>\n<div dir=\"auto\">Paralelamente, se recuerda que \u201cel acceso a la energ\u00eda constituye un derecho elemental y un presupuesto necesario e ineludible para el bienestar y confort de los seres humanos, amparado en la Constituci\u00f3n Nacional dentro del cap\u00edtulo Nuevos derechos y garant\u00edas\u201d.<\/div>\n<div dir=\"auto\"><\/div>\n<\/div>\n<div class=\"cxmmr5t8 oygrvhab hcukyx3x c1et5uql o9v6fnle ii04i59q\">\n<div dir=\"auto\"><strong><span class=\"pq6dq46d tbxw36s4 knj5qynh kvgmc6g5 ditlmg2l oygrvhab nvdbi5me sf5mxxl7 gl3lb2sf hhz5lgdu\"><img loading=\"lazy\" src=\"https:\/\/static.xx.fbcdn.net\/images\/emoji.php\/v9\/t7b\/1\/16\/1f7e1.png\" alt=\"\ud83d\udfe1\" width=\"16\" height=\"16\" \/><\/span>Requerimiento al Epre: aviso y descuento<\/strong><\/div>\n<div dir=\"auto\"><\/div>\n<\/div>\n<div class=\"cxmmr5t8 oygrvhab hcukyx3x c1et5uql o9v6fnle ii04i59q\">\n<div dir=\"auto\">En cuanto a los puntos espec\u00edficos, desde la Defensor\u00eda se solicita al Epre que en vista de lo acontecido y en el marco de las funciones y atribuciones que posee el Ente, se \u201cobligue a la empresa prestataria a comunicar los cortes con suficiente antelaci\u00f3n y en el mismo orden solicite las causales (de las interrupciones), prerrogativas que son protegidas por la propia Constituci\u00f3n Nacional -art. 42- y la Ley 24.240 de Defensa del Consumidor y Usuario\u201d.<\/div>\n<\/div>\n<div class=\"cxmmr5t8 oygrvhab hcukyx3x c1et5uql o9v6fnle ii04i59q\">\n<div dir=\"auto\">Seguidamente, se consigna que resulta necesario que ante los cortes efectuados en el suministro, durante horas en algunos casos, se solicite a la empresa proveedora de energ\u00eda que se \u201cpractique el correspondiente descuento a cada uno de los usuarios por el tiempo en que no se brind\u00f3 el servicio, sin necesidad de que cada usuario lo requiera espec\u00edficamente\u201d. Esto \u201cdeber\u00e1 ser recurrente e informado ante posibles cortes futuros\u201d, se a\u00f1ade. En el mismo orden, la distribuidora se deber\u00eda \u201chacer responsable de las p\u00e9rdidas materiales que hubiesen o pudieren sufrir los usuarios como consecuencia del deficiente servicio prestado\u201d.<\/div>\n<div dir=\"auto\">Por \u00faltimo y en raz\u00f3n de que el Epre es un \u00f3rgano de control y regulaci\u00f3n de la distribuci\u00f3n de la energ\u00eda con un rol preponderante en la defensa de los intereses de los usuarios, se se\u00f1ala la posibilidad de que se eval\u00fae la instancia de la aplicaci\u00f3n de sanciones que por ley correspondan para el caso. Asimismo, se insta a que se \u201csolicite un plan de contingencia para cubrir posibles inconvenientes que pudieran ocurrir en los pr\u00f3ximos d\u00edas\u201d.<\/div>\n<div dir=\"auto\"><\/div>\n<\/div>\n<div class=\"cxmmr5t8 oygrvhab hcukyx3x c1et5uql o9v6fnle ii04i59q\">\n<div dir=\"auto\"><strong><span class=\"pq6dq46d tbxw36s4 knj5qynh kvgmc6g5 ditlmg2l oygrvhab nvdbi5me sf5mxxl7 gl3lb2sf hhz5lgdu\"><img loading=\"lazy\" src=\"https:\/\/static.xx.fbcdn.net\/images\/emoji.php\/v9\/t7b\/1\/16\/1f7e1.png\" alt=\"\ud83d\udfe1\" width=\"16\" height=\"16\" \/><\/span>Pedido de informaci\u00f3n a Enersa<\/strong><\/div>\n<div dir=\"auto\"><\/div>\n<\/div>\n<div class=\"cxmmr5t8 oygrvhab hcukyx3x c1et5uql o9v6fnle ii04i59q\">\n<div dir=\"auto\">En la nota dirigida a Enersa, en los puntos espec\u00edficos, la instituci\u00f3n solicita a la empresa distribuidora informaci\u00f3n detallada respecto de \u201cla cantidad de las interrupciones del servicio que acontecieron en la ciudad de Paran\u00e1 en las \u00faltimas semanas y su correspondiente duraci\u00f3n; los fundamentos t\u00e9cnicos o causas que dieron lugar a esas interrupciones; el n\u00famero de usuarios perjudicados y la cantidad de reclamos que se recibieron por parte de usuarios de esta ciudad en raz\u00f3n de los cortes y la naturaleza de los mismos, es decir, si produjeron da\u00f1os materiales o en la salud de la poblaci\u00f3n\u201d.<\/div>\n<div dir=\"auto\">A continuaci\u00f3n, se requiere informaci\u00f3n sobre \u201csi se cuenta con un plan de contingencia para los pr\u00f3ximos d\u00edas, considerando las altas temperaturas reinantes, con el fin de prevenir cortes.<\/div>\n<\/div>\n<\/div>\n<\/div>\n<\/div>\n<\/div>\n<div id=\"jsc_c_4zf\" class=\"l9j0dhe7\">\n<div class=\"l9j0dhe7\">\n<div>\n<div class=\"bp9cbjyn cwj9ozl2 j83agx80 cbu4d94t ni8dbmo4 stjgntxs l9j0dhe7 k4urcfbm\">\n<div>\n<div class=\"do00u71z ni8dbmo4 stjgntxs l9j0dhe7\">\n<div class=\"pmk7jnqg kr520xx4\"><img loading=\"lazy\" class=\"i09qtzwb n7fi1qx3 datstx6m pmk7jnqg j9ispegn kr520xx4 k4urcfbm bixrwtb6\" src=\"https:\/\/scontent.fros2-2.fna.fbcdn.net\/v\/t39.30808-6\/272055359_2111325585688355_8684473220507552430_n.jpg?stp=dst-jpg_s720x720&amp;_nc_cat=105&amp;ccb=1-7&amp;_nc_sid=730e14&amp;_nc_ohc=-dFmXRQyHpUAX9iap9y&amp;_nc_ht=scontent.fros2-2.fna&amp;oh=00_AT-J46-0fJqPOxnasYYVZv2dXYf9CpY3acG-lK0-pTTAcQ&amp;oe=62F77789\" alt=\"Puede ser una imagen de una o varias personas, fuego y texto que dice &quot;La Defensor\u00eda del Pueblo de Paran\u00e1 elev\u00f3 reclamos a Enersa y al Epre por los cortes de energ\u00eda&quot;\" width=\"720\" height=\"511\" \/><\/div>\n<\/div>\n<\/div>\n<\/div>\n<div class=\"linmgsc8 opwvks06 i09qtzwb n7fi1qx3 hzruof5a pmk7jnqg j9ispegn kr520xx4\"><\/div>\n<div class=\"n00je7tq arfg74bv qs9ysxi8 k77z8yql i09qtzwb n7fi1qx3 b5wmifdl hzruof5a pmk7jnqg j9ispegn kr520xx4 c5ndavph art1omkt ot9fgl3s\" data-visualcompletion=\"ignore\"><\/div>\n<\/div>\n<\/div>\n<div class=\"stjgntxs ni8dbmo4\"><\/div>\n<\/div>\n<\/div>\n<div class=\"bq4bzpyk s1tcr66n l6v480f0 j83agx80 btwxx1t3 i1fnvgqd pybr56ya d1544ag0 f10w8fjw c4f5jtg6\">\n<div class=\"bp9cbjyn j83agx80 jifvfom9\"><\/div>\n<\/div>\n<div>\n<div class=\"stjgntxs ni8dbmo4 l82x9zwi uo3d90p7 h905i5nu monazrh9\" data-visualcompletion=\"ignore-dynamic\">\n<div>\n<div>\n<div>\n<div class=\"l9j0dhe7\">\n<div class=\"bp9cbjyn m9osqain j83agx80 jq4qci2q bkfpd7mw a3bd9o3v kvgmc6g5 wkznzc2l oygrvhab dhix69tm jktsbyx5 rz4wbd8a osnr6wyh a8nywdso s1tcr66n\">\n<div class=\"bp9cbjyn j83agx80 buofh1pr ni8dbmo4 stjgntxs\">\n<div class=\"\">\n<div class=\"oajrlxb2 g5ia77u1 qu0x051f esr5mh6w e9989ue4 r7d6kgcz rq0escxv nhd2j8a9 p7hjln8o kvgmc6g5 cxmmr5t8 oygrvhab hcukyx3x jb3vyjys rz4wbd8a qt6c0cv9 a8nywdso i1ao9s8h esuyzwwr f1sip0of n00je7tq arfg74bv qs9ysxi8 k77z8yql l9j0dhe7 abiwlrkh p8dawk7l lzcic4wl gmql0nx0 ce9h75a5 ni8dbmo4 stjgntxs tkr6xdv7 a8c37x1j\" tabindex=\"0\" role=\"button\"><\/div>\n<\/div>\n<\/div>\n<div class=\"kb5gq1qc pfnyh3mw c0wkt4kp\"><\/div>\n<\/div>\n<\/div>\n<\/div>\n<\/div>\n<\/div>\n<\/div>\n<\/div>\n","protected":false},"excerpt":{"rendered":"<p>Ante las numerosas consultas de usuarios de energ\u00eda el\u00e9ctrica recibidas debido a los cortes del servicio en los \u00faltimos d\u00edas, la Defensor\u00eda del Pueblo de la Ciudad de Paran\u00e1 hizo sendas presentaciones ante las autoridades de la empresa distribuidora Enersa y del Ente Provincial Regulador de la Energ\u00eda de Entre R\u00edos (Epre), organismo estatal a [&hellip;]<\/p>\n","protected":false},"author":2,"featured_media":2926,"comment_status":"open","ping_status":"open","sticky":false,"template":"","format":"standard","meta":{"om_disable_all_campaigns":false,"_monsterinsights_skip_tracking":false,"_monsterinsights_sitenote_active":false,"_monsterinsights_sitenote_note":"","_monsterinsights_sitenote_category":0},"categories":[1],"tags":[],"_links":{"self":[{"href":"https:\/\/defensoriaparana.com.ar\/index.php\/wp-json\/wp\/v2\/posts\/2924"}],"collection":[{"href":"https:\/\/defensoriaparana.com.ar\/index.php\/wp-json\/wp\/v2\/posts"}],"about":[{"href":"https:\/\/defensoriaparana.com.ar\/index.php\/wp-json\/wp\/v2\/types\/post"}],"author":[{"embeddable":true,"href":"https:\/\/defensoriaparana.com.ar\/index.php\/wp-json\/wp\/v2\/users\/2"}],"replies":[{"embeddable":true,"href":"https:\/\/defensoriaparana.com.ar\/index.php\/wp-json\/wp\/v2\/comments?post=2924"}],"version-history":[{"count":1,"href":"https:\/\/defensoriaparana.com.ar\/index.php\/wp-json\/wp\/v2\/posts\/2924\/revisions"}],"predecessor-version":[{"id":2925,"href":"https:\/\/defensoriaparana.com.ar\/index.php\/wp-json\/wp\/v2\/posts\/2924\/revisions\/2925"}],"wp:featuredmedia":[{"embeddable":true,"href":"https:\/\/defensoriaparana.com.ar\/index.php\/wp-json\/wp\/v2\/media\/2926"}],"wp:attachment":[{"href":"https:\/\/defensoriaparana.com.ar\/index.php\/wp-json\/wp\/v2\/media?parent=2924"}],"wp:term":[{"taxonomy":"category","embeddable":true,"href":"https:\/\/defensoriaparana.com.ar\/index.php\/wp-json\/wp\/v2\/categories?post=2924"},{"taxonomy":"post_tag","embeddable":true,"href":"https:\/\/defensoriaparana.com.ar\/index.php\/wp-json\/wp\/v2\/tags?post=2924"}],"curies":[{"name":"wp","href":"https:\/\/api.w.org\/{rel}","templated":true}]}}