{"id":2930,"date":"2022-01-03T23:58:44","date_gmt":"2022-01-03T23:58:44","guid":{"rendered":"http:\/\/defensoriaparana.com.ar\/?p=2930"},"modified":"2022-08-10T00:04:38","modified_gmt":"2022-08-10T00:04:38","slug":"balance-de-gestion-en-publicaciones-periodisticas","status":"publish","type":"post","link":"https:\/\/defensoriaparana.com.ar\/index.php\/2022\/01\/03\/balance-de-gestion-en-publicaciones-periodisticas\/","title":{"rendered":"Balance de gesti\u00f3n en publicaciones period\u00edsticas"},"content":{"rendered":"<div class=\"kvgmc6g5 cxmmr5t8 oygrvhab hcukyx3x c1et5uql ii04i59q\">\n<div dir=\"auto\">La Defensora del Pueblo de la Ciudad de Paran\u00e1, Marcia L\u00f3pez, hizo un balance sobre el trabajo realizado en 2021, en la primera etapa de la gesti\u00f3n que inici\u00f3 junto a la Defensora Adjunta, Cecilia Pautaso, el 1 de octubre de 2020. &#8220;Estamos muy conformes, creemos que hemos estado cerca de la comunidad&#8221;, dijo, tras lo que afirm\u00f3 que &#8220;es important\u00edsimo haber podido acercar los servicios (que brinda la instituci\u00f3n) a los vecinos&#8221;.<\/div>\n<\/div>\n<div class=\"cxmmr5t8 oygrvhab hcukyx3x c1et5uql o9v6fnle ii04i59q\">\n<div dir=\"auto\">La Defensora se refiri\u00f3 al balance de gesti\u00f3n en distintas consultas period\u00edsticas. A continuaci\u00f3n, las\u00a0 notas publicadas por El Diario y el diario UNO de Entre R\u00edos.<\/div>\n<div dir=\"auto\"><\/div>\n<div dir=\"auto\"><a href=\"https:\/\/www.eldiario.com.ar\/176646-problemas-con-servicios-publicos-lideran-los-reclamos-a-la-defensoria\/?fbclid=IwAR1xDrp30aiRzkRJX3Ed3oxwTcTmQFkD6tR8wdmX6B4oh0WAh5yDrqSLTJo\">https:\/\/www.eldiario.com.ar\/176646-problemas-con-servicios-publicos-lideran-los-reclamos-a-la-defensoria\/?fbclid=IwAR1xDrp30aiRzkRJX3Ed3oxwTcTmQFkD6tR8wdmX6B4oh0WAh5yDrqSLTJo<\/a><\/div>\n<div dir=\"auto\"><a href=\"https:\/\/www.unoentrerios.com.ar\/la-provincia\/defensoria-del-pueblo-40-los-reclamos-son-servicios-municipales-n2705135.html?fbclid=IwAR080u_75zZqFmYEIfTGqFv-o2KIFrrd4yB5UhMEobpF7v1GUAWX7gqGm4g\">https:\/\/www.unoentrerios.com.ar\/la-provincia\/defensoria-del-pueblo-40-los-reclamos-son-servicios-municipales-n2705135.html?fbclid=IwAR080u_75zZqFmYEIfTGqFv-o2KIFrrd4yB5UhMEobpF7v1GUAWX7gqGm4g<\/a><\/div>\n<div dir=\"auto\"><\/div>\n<\/div>\n","protected":false},"excerpt":{"rendered":"<p>La Defensora del Pueblo de la Ciudad de Paran\u00e1, Marcia L\u00f3pez, hizo un balance sobre el trabajo realizado en 2021, en la primera etapa de la gesti\u00f3n que inici\u00f3 junto a la Defensora Adjunta, Cecilia Pautaso, el 1 de octubre de 2020. &#8220;Estamos muy conformes, creemos que hemos estado cerca de la comunidad&#8221;, dijo, tras [&hellip;]<\/p>\n","protected":false},"author":2,"featured_media":2931,"comment_status":"open","ping_status":"open","sticky":false,"template":"","format":"standard","meta":{"om_disable_all_campaigns":false,"_monsterinsights_skip_tracking":false,"_monsterinsights_sitenote_active":false,"_monsterinsights_sitenote_note":"","_monsterinsights_sitenote_category":0},"categories":[1],"tags":[],"_links":{"self":[{"href":"https:\/\/defensoriaparana.com.ar\/index.php\/wp-json\/wp\/v2\/posts\/2930"}],"collection":[{"href":"https:\/\/defensoriaparana.com.ar\/index.php\/wp-json\/wp\/v2\/posts"}],"about":[{"href":"https:\/\/defensoriaparana.com.ar\/index.php\/wp-json\/wp\/v2\/types\/post"}],"author":[{"embeddable":true,"href":"https:\/\/defensoriaparana.com.ar\/index.php\/wp-json\/wp\/v2\/users\/2"}],"replies":[{"embeddable":true,"href":"https:\/\/defensoriaparana.com.ar\/index.php\/wp-json\/wp\/v2\/comments?post=2930"}],"version-history":[{"count":1,"href":"https:\/\/defensoriaparana.com.ar\/index.php\/wp-json\/wp\/v2\/posts\/2930\/revisions"}],"predecessor-version":[{"id":2932,"href":"https:\/\/defensoriaparana.com.ar\/index.php\/wp-json\/wp\/v2\/posts\/2930\/revisions\/2932"}],"wp:featuredmedia":[{"embeddable":true,"href":"https:\/\/defensoriaparana.com.ar\/index.php\/wp-json\/wp\/v2\/media\/2931"}],"wp:attachment":[{"href":"https:\/\/defensoriaparana.com.ar\/index.php\/wp-json\/wp\/v2\/media?parent=2930"}],"wp:term":[{"taxonomy":"category","embeddable":true,"href":"https:\/\/defensoriaparana.com.ar\/index.php\/wp-json\/wp\/v2\/categories?post=2930"},{"taxonomy":"post_tag","embeddable":true,"href":"https:\/\/defensoriaparana.com.ar\/index.php\/wp-json\/wp\/v2\/tags?post=2930"}],"curies":[{"name":"wp","href":"https:\/\/api.w.org\/{rel}","templated":true}]}}