{"id":2941,"date":"2021-12-15T22:59:08","date_gmt":"2021-12-15T22:59:08","guid":{"rendered":"http:\/\/defensoriaparana.com.ar\/?p=2941"},"modified":"2022-08-10T23:03:18","modified_gmt":"2022-08-10T23:03:18","slug":"se-pinto-un-mural-por-los-18-anos-del-centro-de-mediacion-de-la-defensoria-del-pueblo","status":"publish","type":"post","link":"https:\/\/defensoriaparana.com.ar\/index.php\/2021\/12\/15\/se-pinto-un-mural-por-los-18-anos-del-centro-de-mediacion-de-la-defensoria-del-pueblo\/","title":{"rendered":"Se pint\u00f3 un mural por los 18 a\u00f1os del Centro de Mediaci\u00f3n de la Defensor\u00eda del Pueblo"},"content":{"rendered":"<div>\n<div class=\"\" dir=\"auto\">\n<div id=\"jsc_c_58m\" class=\"ecm0bbzt hv4rvrfc ihqw7lf3 dati1w0a\" data-ad-comet-preview=\"message\" data-ad-preview=\"message\">\n<div class=\"j83agx80 cbu4d94t ew0dbk1b irj2b8pg\">\n<div class=\"qzhwtbm6 knvmm38d\">\n<div class=\"kvgmc6g5 cxmmr5t8 oygrvhab hcukyx3x c1et5uql ii04i59q\">\n<div dir=\"auto\"><\/div>\n<\/div>\n<div class=\"cxmmr5t8 oygrvhab hcukyx3x c1et5uql o9v6fnle ii04i59q\">\n<div dir=\"auto\">Con un mural amplio y colorido, que se extiende en un buen tramo del pared\u00f3n de Avenida RamIrez y Toscanini de la ciudad, se celebraron los 18 a\u00f1os de existencia del Centro de Mediaci\u00f3n de la Defensor\u00eda del Pueblo de Paran\u00e1 y la vocaci\u00f3n solidaria de los mediadores comunitarios por generar encuentros y entendimientos entre las personas en pos de una sociedad m\u00e1s arm\u00f3nica.<\/div>\n<\/div>\n<div class=\"cxmmr5t8 oygrvhab hcukyx3x c1et5uql o9v6fnle ii04i59q\">\n<div dir=\"auto\">Las palabras encuentro, paz y di\u00e1logos aparecen impresas entre im\u00e1genes de puentes, manos, cielos estrellados, arco iris y muchas otras con las que se refleja el anhelo por una mejor convivencia.<\/div>\n<\/div>\n<div class=\"cxmmr5t8 oygrvhab hcukyx3x c1et5uql o9v6fnle ii04i59q\">\n<div dir=\"auto\">El 1 de noviembre, D\u00eda del Mediador Comunitario de Paran\u00e1 y fecha de inicio en 2003 del funcionamiento del Centro de Mediaci\u00f3n, empez\u00f3 el trabajo de dise\u00f1o del mural, en una instancia participativa, que posteriormente comenz\u00f3 a plasmarse en la pared del Rectorado de la Universidad Aut\u00f3noma de Entre R\u00edos (Uader) el 7 de diciembre con la especial convocatoria a los mediadores voluntarios integrantes del Registro de la Defensor\u00eda.<\/div>\n<\/div>\n<div class=\"cxmmr5t8 oygrvhab hcukyx3x c1et5uql o9v6fnle ii04i59q\">\n<div dir=\"auto\">La obra estuvo guiada, desde la elaboraci\u00f3n de los bocetos en la propuesta inicial hasta la concreci\u00f3n de dise\u00f1o y pintura en la pared, por el artista pl\u00e1stico y muralista Andr\u00e9s Leiva, quien es parte del equipo de trabajo del Centro de Mediaci\u00f3n. La actividad se enmarca en el Programa Arte y Convivencia de la instituci\u00f3n, el que a\u00f1o a a\u00f1o proyecta diversos murales comunitarios en distintos barrios de la ciudad.<\/div>\n<\/div>\n<div class=\"cxmmr5t8 oygrvhab hcukyx3x c1et5uql o9v6fnle ii04i59q\">\n<div dir=\"auto\">En esta ocasi\u00f3n el mural se constituye tambi\u00e9n en un modo de reconocimiento y visibilizaci\u00f3n del trabajo voluntario y comprometido de los mediadores comunitarios, que expresa la &#8220;alegr\u00eda y pasi\u00f3n compartida por el ejercicio de la mediaci\u00f3n&#8221;, expresaron los participantes.<\/div>\n<\/div>\n<div class=\"cxmmr5t8 oygrvhab hcukyx3x c1et5uql o9v6fnle ii04i59q\">\n<div dir=\"auto\">&#8220;Constructores de paz en acci\u00f3n&#8221; es el nombre del mural, el cual fue tomando forma de la mano de unas cincuenta personas que dejaron su huella con el pincel y los colores. Cabe recordar que el Registro de Mediadores Comunitarios voluntarios y ad honorem del Centro cuenta con m\u00e1s de 110 integrantes, quienes intervienen en el trabajo que realiza la instituci\u00f3n. En el \u00faltimo a\u00f1o, el volumen de casos atendidos por conflictos comunitarios ascendi\u00f3 a 580.<\/div>\n<div dir=\"auto\"><\/div>\n<\/div>\n<div class=\"cxmmr5t8 oygrvhab hcukyx3x c1et5uql o9v6fnle ii04i59q\">\n<div dir=\"auto\"><strong>Participaci\u00f3n de mediadores de Bolivia<\/strong><\/div>\n<div dir=\"auto\"><\/div>\n<\/div>\n<div class=\"cxmmr5t8 oygrvhab hcukyx3x c1et5uql o9v6fnle ii04i59q\">\n<div dir=\"auto\">El lunes 6 de diciembre lleg\u00f3 a Paran\u00e1 una delegaci\u00f3n de mediadores procedentes de Bolivia con el fin de conocer de primera mano el funcionamiento del Centro de Mediaci\u00f3n Comunitaria de la Defensor\u00eda del Pueblo. Ocho mediadores de ese pa\u00eds estuvieron hasta el mi\u00e9rcoles, tiempo en que realizaron diferentes actividades organizadas por el Centro de Mediaci\u00f3n, entre las que estuvo la invitaci\u00f3n a participar del mural de Avenida Ram\u00edrez.<\/div>\n<\/div>\n<div dir=\"auto\">En el siguiente link, un video sobre el mural\u00a0<a href=\"https:\/\/www.facebook.com\/defensoriadelpuebloparana\/videos\/1351576702024146\">https:\/\/www.facebook.com\/defensoriadelpuebloparana\/videos\/1351576702024146<\/a><\/div>\n<\/div>\n<div dir=\"auto\"><\/div>\n<\/div>\n<\/div>\n<\/div>\n<div id=\"jsc_c_58n\" class=\"l9j0dhe7\">\n<div class=\"l9j0dhe7\">\n<div>\n<div>\n<div class=\"l9j0dhe7\">\n<div class=\"l9j0dhe7\">\n<div class=\"ni8dbmo4 stjgntxs pmk7jnqg\">\n<div class=\"stjgntxs ni8dbmo4\">\n<div class=\"do00u71z ni8dbmo4 stjgntxs l9j0dhe7\">\n<div class=\"pmk7jnqg kr520xx4\"><img class=\"i09qtzwb n7fi1qx3 datstx6m pmk7jnqg j9ispegn kr520xx4 k4urcfbm\" src=\"https:\/\/scontent.fros2-1.fna.fbcdn.net\/v\/t39.30808-6\/266501032_2082828788538035_425575332077179564_n.jpg?stp=dst-jpg_s600x600&amp;_nc_cat=104&amp;ccb=1-7&amp;_nc_sid=730e14&amp;_nc_ohc=IakaaJ_y1GsAX_eampw&amp;_nc_ht=scontent.fros2-1.fna&amp;oh=00_AT-CsNgA_fBmVPIKt5USf8Xwe00oP95kxc7Y0MJHjnOvmA&amp;oe=62F88414\" alt=\"\" \/><\/div>\n<\/div>\n<div class=\"kr520xx4 j9ispegn pmk7jnqg hzruof5a n7fi1qx3 rq0escxv i09qtzwb opwvks06 linmgsc8\"><\/div>\n<\/div>\n<div class=\"n00je7tq arfg74bv qs9ysxi8 k77z8yql i09qtzwb n7fi1qx3 b5wmifdl hzruof5a pmk7jnqg j9ispegn kr520xx4 c5ndavph art1omkt ot9fgl3s\" data-visualcompletion=\"ignore\"><\/div>\n<\/div>\n<div class=\"ni8dbmo4 stjgntxs pmk7jnqg\">\n<div class=\"stjgntxs ni8dbmo4\">\n<div class=\"do00u71z ni8dbmo4 stjgntxs l9j0dhe7\">\n<div class=\"pmk7jnqg kr520xx4\"><img class=\"i09qtzwb n7fi1qx3 datstx6m pmk7jnqg j9ispegn kr520xx4 k4urcfbm\" src=\"https:\/\/scontent.fros2-1.fna.fbcdn.net\/v\/t39.30808-6\/266364389_2082829165204664_5809679226150416936_n.jpg?stp=dst-jpg_s600x600&amp;_nc_cat=100&amp;ccb=1-7&amp;_nc_sid=730e14&amp;_nc_ohc=TdImrKW-v9QAX8_JxNG&amp;_nc_ht=scontent.fros2-1.fna&amp;oh=00_AT--JFGzDM827-pevP3dfi604wFMuMjUAlPOCUJ6eDhYfQ&amp;oe=62F85A28\" alt=\"\" \/><\/div>\n<\/div>\n<div class=\"kr520xx4 j9ispegn pmk7jnqg hzruof5a n7fi1qx3 rq0escxv i09qtzwb opwvks06 linmgsc8\"><\/div>\n<\/div>\n<div class=\"n00je7tq arfg74bv qs9ysxi8 k77z8yql i09qtzwb n7fi1qx3 b5wmifdl hzruof5a pmk7jnqg j9ispegn kr520xx4 c5ndavph art1omkt ot9fgl3s\" data-visualcompletion=\"ignore\"><\/div>\n<\/div>\n<div class=\"ni8dbmo4 stjgntxs pmk7jnqg\">\n<div class=\"stjgntxs ni8dbmo4\">\n<div class=\"do00u71z ni8dbmo4 stjgntxs l9j0dhe7\">\n<div class=\"pmk7jnqg kr520xx4\"><img class=\"i09qtzwb n7fi1qx3 datstx6m pmk7jnqg j9ispegn kr520xx4 k4urcfbm\" src=\"https:\/\/scontent.fros2-1.fna.fbcdn.net\/v\/t39.30808-6\/266369190_2082829291871318_7398502652915703951_n.jpg?stp=dst-jpg_s600x600&amp;_nc_cat=102&amp;ccb=1-7&amp;_nc_sid=730e14&amp;_nc_ohc=Lz0nB314QEcAX8kPKqP&amp;_nc_oc=AQnyk3wueMDrxuXfqw7AtjatVZmKfC1Sk_pHQ0iblJ8J9ifY4B710ZIW_VAPbG6YFyc&amp;_nc_ht=scontent.fros2-1.fna&amp;oh=00_AT-DPkZY6bAQ4petJhYTOkGa5rYNzng6MUEdWKDucrn6dQ&amp;oe=62F87469\" alt=\"\" \/><\/div>\n<\/div>\n<div class=\"kr520xx4 j9ispegn pmk7jnqg hzruof5a n7fi1qx3 rq0escxv i09qtzwb opwvks06 linmgsc8\"><\/div>\n<\/div>\n<div class=\"n00je7tq arfg74bv qs9ysxi8 k77z8yql i09qtzwb n7fi1qx3 b5wmifdl hzruof5a pmk7jnqg j9ispegn kr520xx4 c5ndavph art1omkt ot9fgl3s\" data-visualcompletion=\"ignore\"><\/div>\n<\/div>\n<div class=\"ni8dbmo4 stjgntxs pmk7jnqg\">\n<div class=\"stjgntxs ni8dbmo4\">\n<div class=\"do00u71z ni8dbmo4 stjgntxs l9j0dhe7\">\n<div class=\"pmk7jnqg kr520xx4\"><img class=\"i09qtzwb n7fi1qx3 datstx6m pmk7jnqg j9ispegn kr520xx4 k4urcfbm\" src=\"https:\/\/scontent.fros2-1.fna.fbcdn.net\/v\/t39.30808-6\/266215871_2082829391871308_8432948749659262879_n.jpg?stp=dst-jpg_s600x600&amp;_nc_cat=107&amp;ccb=1-7&amp;_nc_sid=730e14&amp;_nc_ohc=u3pTOQMY1-MAX_x0Yrn&amp;tn=cEqwy9F0LoDt58Me&amp;_nc_ht=scontent.fros2-1.fna&amp;oh=00_AT_lUK3iXvYXDtHtzyCu0obGlzMgoCRwhQ3nLdNe5ugLUw&amp;oe=62F9C8F3\" alt=\"\" \/><\/div>\n<\/div>\n<div class=\"kr520xx4 j9ispegn pmk7jnqg hzruof5a n7fi1qx3 rq0escxv i09qtzwb opwvks06 linmgsc8\"><\/div>\n<\/div>\n<div class=\"n00je7tq arfg74bv qs9ysxi8 k77z8yql i09qtzwb n7fi1qx3 b5wmifdl hzruof5a pmk7jnqg j9ispegn kr520xx4 c5ndavph art1omkt ot9fgl3s\" data-visualcompletion=\"ignore\"><\/div>\n<\/div>\n<div class=\"ni8dbmo4 stjgntxs pmk7jnqg\">\n<div class=\"stjgntxs ni8dbmo4\">\n<div class=\"do00u71z ni8dbmo4 stjgntxs l9j0dhe7\">\n<div class=\"pmk7jnqg kr520xx4\"><img class=\"i09qtzwb n7fi1qx3 datstx6m pmk7jnqg j9ispegn kr520xx4 k4urcfbm\" src=\"https:\/\/scontent.fros2-2.fna.fbcdn.net\/v\/t39.30808-6\/266559640_2082829478537966_4540207735573562256_n.jpg?stp=dst-jpg_s600x600&amp;_nc_cat=111&amp;ccb=1-7&amp;_nc_sid=730e14&amp;_nc_ohc=WJ6SwVy0b8oAX-CIllQ&amp;tn=cEqwy9F0LoDt58Me&amp;_nc_ht=scontent.fros2-2.fna&amp;oh=00_AT-Pk-wd1znTOjL4EcMnmjsisQdMN7cBuUO8atPaFDqQpg&amp;oe=62F9C56F\" alt=\"\" \/><\/div>\n<\/div>\n<div class=\"kr520xx4 j9ispegn pmk7jnqg hzruof5a n7fi1qx3 rq0escxv i09qtzwb opwvks06 linmgsc8\"><\/div>\n<\/div>\n<div class=\"bp9cbjyn d6rk862h i09qtzwb j83agx80 n7fi1qx3 cbu4d94t taijpn5t hzruof5a pmk7jnqg j9ispegn kr520xx4\"><\/div>\n<\/div>\n<\/div>\n<\/div>\n<\/div>\n<\/div>\n<\/div>\n<\/div>\n<\/div>\n<div>\n<div class=\"stjgntxs ni8dbmo4 l82x9zwi uo3d90p7 h905i5nu monazrh9\" data-visualcompletion=\"ignore-dynamic\">\n<div>\n<div class=\"cwj9ozl2 tvmbv18p\"><\/div>\n<\/div>\n<\/div>\n<\/div>\n","protected":false},"excerpt":{"rendered":"<p>Con un mural amplio y colorido, que se extiende en un buen tramo del pared\u00f3n de Avenida RamIrez y Toscanini de la ciudad, se celebraron los 18 a\u00f1os de existencia del Centro de Mediaci\u00f3n de la Defensor\u00eda del Pueblo de Paran\u00e1 y la vocaci\u00f3n solidaria de los mediadores comunitarios por generar encuentros y entendimientos entre [&hellip;]<\/p>\n","protected":false},"author":2,"featured_media":2942,"comment_status":"open","ping_status":"open","sticky":false,"template":"","format":"standard","meta":{"om_disable_all_campaigns":false,"_monsterinsights_skip_tracking":false,"_monsterinsights_sitenote_active":false,"_monsterinsights_sitenote_note":"","_monsterinsights_sitenote_category":0},"categories":[1],"tags":[],"_links":{"self":[{"href":"https:\/\/defensoriaparana.com.ar\/index.php\/wp-json\/wp\/v2\/posts\/2941"}],"collection":[{"href":"https:\/\/defensoriaparana.com.ar\/index.php\/wp-json\/wp\/v2\/posts"}],"about":[{"href":"https:\/\/defensoriaparana.com.ar\/index.php\/wp-json\/wp\/v2\/types\/post"}],"author":[{"embeddable":true,"href":"https:\/\/defensoriaparana.com.ar\/index.php\/wp-json\/wp\/v2\/users\/2"}],"replies":[{"embeddable":true,"href":"https:\/\/defensoriaparana.com.ar\/index.php\/wp-json\/wp\/v2\/comments?post=2941"}],"version-history":[{"count":1,"href":"https:\/\/defensoriaparana.com.ar\/index.php\/wp-json\/wp\/v2\/posts\/2941\/revisions"}],"predecessor-version":[{"id":2943,"href":"https:\/\/defensoriaparana.com.ar\/index.php\/wp-json\/wp\/v2\/posts\/2941\/revisions\/2943"}],"wp:featuredmedia":[{"embeddable":true,"href":"https:\/\/defensoriaparana.com.ar\/index.php\/wp-json\/wp\/v2\/media\/2942"}],"wp:attachment":[{"href":"https:\/\/defensoriaparana.com.ar\/index.php\/wp-json\/wp\/v2\/media?parent=2941"}],"wp:term":[{"taxonomy":"category","embeddable":true,"href":"https:\/\/defensoriaparana.com.ar\/index.php\/wp-json\/wp\/v2\/categories?post=2941"},{"taxonomy":"post_tag","embeddable":true,"href":"https:\/\/defensoriaparana.com.ar\/index.php\/wp-json\/wp\/v2\/tags?post=2941"}],"curies":[{"name":"wp","href":"https:\/\/api.w.org\/{rel}","templated":true}]}}