{"id":2944,"date":"2021-12-13T23:03:25","date_gmt":"2021-12-13T23:03:25","guid":{"rendered":"http:\/\/defensoriaparana.com.ar\/?p=2944"},"modified":"2022-08-10T23:06:09","modified_gmt":"2022-08-10T23:06:09","slug":"reunion-con-autoridades-de-radios-publicas-de-la-ciudad","status":"publish","type":"post","link":"https:\/\/defensoriaparana.com.ar\/index.php\/2021\/12\/13\/reunion-con-autoridades-de-radios-publicas-de-la-ciudad\/","title":{"rendered":"Reuni\u00f3n con autoridades de radios p\u00fablicas de la ciudad"},"content":{"rendered":"<div>\n<div class=\"\" dir=\"auto\">\n<div id=\"jsc_c_599\" class=\"ecm0bbzt hv4rvrfc ihqw7lf3 dati1w0a\" data-ad-comet-preview=\"message\" data-ad-preview=\"message\">\n<div class=\"j83agx80 cbu4d94t ew0dbk1b irj2b8pg\">\n<div class=\"qzhwtbm6 knvmm38d\">\n<div class=\"kvgmc6g5 cxmmr5t8 oygrvhab hcukyx3x c1et5uql ii04i59q\">\n<div dir=\"auto\"><\/div>\n<\/div>\n<div class=\"cxmmr5t8 oygrvhab hcukyx3x c1et5uql o9v6fnle ii04i59q\">\n<div dir=\"auto\">La Defensora del Pueblo Adjunta de la Ciudad de Paran\u00e1, Cecilia Pautaso, y la Defensora de los Derechos de las Personas Mayores, Ligia Blanco, se reunieron con las directoras de las radios p\u00fablicas LT14 General Urquiza, Silvina R\u00edos, y de Costa Paran\u00e1, Mar\u00eda Waigandt.<\/div>\n<\/div>\n<div class=\"cxmmr5t8 oygrvhab hcukyx3x c1et5uql o9v6fnle ii04i59q\">\n<div dir=\"auto\">En el encuentro, que tuvo lugar en el edificio hist\u00f3rico de la AM, en calle Alameda de la Federaci\u00f3n 126, las Defensoras se refirieron a la funci\u00f3n de la instituci\u00f3n iniciada en 2003, en su rol de promotora y defensora de los derechos ciudadanos, y espec\u00edficamente conversaron sobre la nueva \u00e1rea, a cargo de Ligia Blanco, que lleva poco m\u00e1s de un a\u00f1o de funcionamiento.<\/div>\n<\/div>\n<div class=\"cxmmr5t8 oygrvhab hcukyx3x c1et5uql o9v6fnle ii04i59q\">\n<div dir=\"auto\">Cabe recordar que el \u00e1rea de defensa de los derechos de las personas mayores se instrument\u00f3 el 1 de octubre de 2020, cuando asumi\u00f3 el cargo Ligia Blanco, tras resultar electa por el Concejo Deliberante de la ciudad en el marco de un concurso p\u00fablico.<\/div>\n<\/div>\n<div class=\"cxmmr5t8 oygrvhab hcukyx3x c1et5uql o9v6fnle ii04i59q\">\n<div dir=\"auto\">Entre los objetivos del organismo que establece la ordenanza 9389 de 2016, se encuentra la conformaci\u00f3n de una Mesa de Pol\u00edticas P\u00fablicas, \u00e1mbito que comenz\u00f3 a funcionar en septiembre pasado y suma a integrantes de organizaciones e instituciones de la ciudad que trabajan en la tem\u00e1tica. Desde ese espacio vienen surgiendo, en cada encuentro, una serie de inquietudes: algunas relacionadas a cuestiones cotidianas que dan cuenta de la necesidad de un mejor acceso a servicios y a informaci\u00f3n \u00fatil y otras referidas a aspectos m\u00e1s de fondo que redundan en la profundizaci\u00f3n de derechos.<\/div>\n<\/div>\n<div class=\"cxmmr5t8 oygrvhab hcukyx3x c1et5uql o9v6fnle ii04i59q\">\n<div dir=\"auto\">Ante estos resultados, y en vista de que una de las funciones b\u00e1sicas del \u00e1rea conducida por Ligia Blanco consiste en la promoci\u00f3n y difusi\u00f3n de todos aquellos temas y modalidades de comunicaci\u00f3n que puedan contribuir a mejorar la calidad de vida de las personas mayores y a erradicar formas de exclusi\u00f3n y prejuicios instalados en la sociedad referidos a la vejez, se concret\u00f3, en una primera instancia, la reuni\u00f3n con autoridades de medios radiales p\u00fablicos.<\/div>\n<div dir=\"auto\">Tras una charla amena y enriquecedora, las directoras de ambas emisoras y las Defensoras acordaron seguir trabajando en proyectos comunes con la convicci\u00f3n compartida de generar aportes que redunden en beneficios y facilitaci\u00f3n al acceso de derechos.<\/div>\n<div dir=\"auto\"><\/div>\n<\/div>\n<\/div>\n<\/div>\n<\/div>\n<\/div>\n<div id=\"jsc_c_59a\" class=\"l9j0dhe7\">\n<div class=\"l9j0dhe7\">\n<div>\n<div class=\"bp9cbjyn cwj9ozl2 j83agx80 cbu4d94t ni8dbmo4 stjgntxs l9j0dhe7 k4urcfbm\">\n<div>\n<div class=\"do00u71z ni8dbmo4 stjgntxs l9j0dhe7\">\n<div class=\"pmk7jnqg kr520xx4\"><img loading=\"lazy\" class=\"i09qtzwb n7fi1qx3 datstx6m pmk7jnqg j9ispegn kr520xx4 k4urcfbm bixrwtb6\" src=\"https:\/\/scontent.fros2-2.fna.fbcdn.net\/v\/t39.30808-6\/265634144_2081651395322441_4362326189106001262_n.jpg?stp=dst-jpg_p180x540&amp;_nc_cat=105&amp;ccb=1-7&amp;_nc_sid=730e14&amp;_nc_ohc=F9RZe-ViKM0AX-IKAKP&amp;_nc_ht=scontent.fros2-2.fna&amp;oh=00_AT9j973gZSEXloRyRoD0e45G_zwGotsuc2NFQeHmx84TDg&amp;oe=62F9E8BA\" alt=\"Puede ser una imagen de 4 personas, personas sentadas e interior\" width=\"720\" height=\"540\" \/><\/div>\n<\/div>\n<\/div>\n<\/div>\n<div class=\"linmgsc8 opwvks06 i09qtzwb n7fi1qx3 hzruof5a pmk7jnqg j9ispegn kr520xx4\"><\/div>\n<div class=\"n00je7tq arfg74bv qs9ysxi8 k77z8yql i09qtzwb n7fi1qx3 b5wmifdl hzruof5a pmk7jnqg j9ispegn kr520xx4 c5ndavph art1omkt ot9fgl3s\" data-visualcompletion=\"ignore\"><\/div>\n<\/div>\n<\/div>\n<\/div>\n<\/div>\n<div>\n<div class=\"stjgntxs ni8dbmo4 l82x9zwi uo3d90p7 h905i5nu monazrh9\" data-visualcompletion=\"ignore-dynamic\">\n<div>\n<div class=\"cwj9ozl2 tvmbv18p\"><\/div>\n<\/div>\n<\/div>\n<\/div>\n","protected":false},"excerpt":{"rendered":"<p>La Defensora del Pueblo Adjunta de la Ciudad de Paran\u00e1, Cecilia Pautaso, y la Defensora de los Derechos de las Personas Mayores, Ligia Blanco, se reunieron con las directoras de las radios p\u00fablicas LT14 General Urquiza, Silvina R\u00edos, y de Costa Paran\u00e1, Mar\u00eda Waigandt. En el encuentro, que tuvo lugar en el edificio hist\u00f3rico de [&hellip;]<\/p>\n","protected":false},"author":2,"featured_media":2945,"comment_status":"open","ping_status":"open","sticky":false,"template":"","format":"standard","meta":{"om_disable_all_campaigns":false,"_monsterinsights_skip_tracking":false,"_monsterinsights_sitenote_active":false,"_monsterinsights_sitenote_note":"","_monsterinsights_sitenote_category":0},"categories":[1],"tags":[],"_links":{"self":[{"href":"https:\/\/defensoriaparana.com.ar\/index.php\/wp-json\/wp\/v2\/posts\/2944"}],"collection":[{"href":"https:\/\/defensoriaparana.com.ar\/index.php\/wp-json\/wp\/v2\/posts"}],"about":[{"href":"https:\/\/defensoriaparana.com.ar\/index.php\/wp-json\/wp\/v2\/types\/post"}],"author":[{"embeddable":true,"href":"https:\/\/defensoriaparana.com.ar\/index.php\/wp-json\/wp\/v2\/users\/2"}],"replies":[{"embeddable":true,"href":"https:\/\/defensoriaparana.com.ar\/index.php\/wp-json\/wp\/v2\/comments?post=2944"}],"version-history":[{"count":1,"href":"https:\/\/defensoriaparana.com.ar\/index.php\/wp-json\/wp\/v2\/posts\/2944\/revisions"}],"predecessor-version":[{"id":2946,"href":"https:\/\/defensoriaparana.com.ar\/index.php\/wp-json\/wp\/v2\/posts\/2944\/revisions\/2946"}],"wp:featuredmedia":[{"embeddable":true,"href":"https:\/\/defensoriaparana.com.ar\/index.php\/wp-json\/wp\/v2\/media\/2945"}],"wp:attachment":[{"href":"https:\/\/defensoriaparana.com.ar\/index.php\/wp-json\/wp\/v2\/media?parent=2944"}],"wp:term":[{"taxonomy":"category","embeddable":true,"href":"https:\/\/defensoriaparana.com.ar\/index.php\/wp-json\/wp\/v2\/categories?post=2944"},{"taxonomy":"post_tag","embeddable":true,"href":"https:\/\/defensoriaparana.com.ar\/index.php\/wp-json\/wp\/v2\/tags?post=2944"}],"curies":[{"name":"wp","href":"https:\/\/api.w.org\/{rel}","templated":true}]}}