{"id":2947,"date":"2021-12-09T23:06:19","date_gmt":"2021-12-09T23:06:19","guid":{"rendered":"http:\/\/defensoriaparana.com.ar\/?p=2947"},"modified":"2022-08-10T23:08:53","modified_gmt":"2022-08-10T23:08:53","slug":"la-oficina-movil-de-la-defensoria-atendio-consultas-de-vecinos","status":"publish","type":"post","link":"https:\/\/defensoriaparana.com.ar\/index.php\/2021\/12\/09\/la-oficina-movil-de-la-defensoria-atendio-consultas-de-vecinos\/","title":{"rendered":"La oficina m\u00f3vil de la Defensor\u00eda atendi\u00f3 consultas de vecinos"},"content":{"rendered":"<div>\n<div class=\"\" dir=\"auto\">\n<div id=\"jsc_c_5ad\" class=\"ecm0bbzt hv4rvrfc ihqw7lf3 dati1w0a\" data-ad-comet-preview=\"message\" data-ad-preview=\"message\">\n<div class=\"j83agx80 cbu4d94t ew0dbk1b irj2b8pg\">\n<div class=\"qzhwtbm6 knvmm38d\">\n<div class=\"kvgmc6g5 cxmmr5t8 oygrvhab hcukyx3x c1et5uql ii04i59q\">\n<div dir=\"auto\"><\/div>\n<div dir=\"auto\">La Defensor\u00eda del Pueblo de Paran\u00e1 particip\u00f3 de una nueva jornada de atenci\u00f3n a la comunidad en barrios de la ciudad.<\/div>\n<div dir=\"auto\">Este jueves estuvo, junto a \u00e1reas de Estado municipal, provincial y nacional, en el Centro de Referencia para Adolescentes, ubicado en la calle Jorge Newbery 1834.<\/div>\n<div dir=\"auto\">Hasta las oficinas, instaladas al aire libre en las inmediaciones del Centro, lleg\u00f3 un importante n\u00famero de vecinos que se acerc\u00f3 a realizar distintas consultas, tr\u00e1mites y solicitudes.<\/div>\n<div dir=\"auto\">La Defensora del Pueblo, Marcia L\u00f3pez, estuvo al frente de la atenci\u00f3n de la oficina m\u00f3vil de la instituci\u00f3n, junto a personal de la Defensor\u00eda.<\/div>\n<div dir=\"auto\">Participaron de la jornada oficinas de Anses, Pami, Inadi y Registro Civil sede San Agust\u00edn, adem\u00e1s de \u00e1reas municipales y nacionales de \u00edndole social.<\/div>\n<\/div>\n<\/div>\n<\/div>\n<\/div>\n<\/div>\n<div id=\"jsc_c_5ae\" class=\"l9j0dhe7\">\n<div class=\"l9j0dhe7\">\n<div>\n<div>\n<div class=\"l9j0dhe7\">\n<div class=\"l9j0dhe7\">\n<div class=\"ni8dbmo4 stjgntxs pmk7jnqg\">\n<div class=\"stjgntxs ni8dbmo4\">\n<div class=\"do00u71z ni8dbmo4 stjgntxs l9j0dhe7\">\n<div class=\"pmk7jnqg kr520xx4\"><img class=\"i09qtzwb n7fi1qx3 datstx6m pmk7jnqg j9ispegn kr520xx4 k4urcfbm\" src=\"https:\/\/scontent.fros2-1.fna.fbcdn.net\/v\/t39.30808-6\/263955750_2078445008976413_5694467285051082092_n.jpg?stp=dst-jpg_s600x600&amp;_nc_cat=100&amp;ccb=1-7&amp;_nc_sid=730e14&amp;_nc_ohc=tPG4C11XLdQAX9ai5VG&amp;tn=cEqwy9F0LoDt58Me&amp;_nc_ht=scontent.fros2-1.fna&amp;oh=00_AT_vwYrj84YrqqQ3EeoWwfjle7cN9VqP1Gsx8Nfwk4A4jg&amp;oe=62FA2467\" alt=\"\" \/><\/div>\n<\/div>\n<div class=\"kr520xx4 j9ispegn pmk7jnqg hzruof5a n7fi1qx3 rq0escxv i09qtzwb opwvks06 linmgsc8\"><\/div>\n<\/div>\n<div class=\"n00je7tq arfg74bv qs9ysxi8 k77z8yql i09qtzwb n7fi1qx3 b5wmifdl hzruof5a pmk7jnqg j9ispegn kr520xx4 c5ndavph art1omkt ot9fgl3s\" data-visualcompletion=\"ignore\"><\/div>\n<\/div>\n<div class=\"ni8dbmo4 stjgntxs pmk7jnqg\">\n<div class=\"stjgntxs ni8dbmo4\">\n<div class=\"do00u71z ni8dbmo4 stjgntxs l9j0dhe7\">\n<div class=\"pmk7jnqg kr520xx4\"><img class=\"i09qtzwb n7fi1qx3 datstx6m pmk7jnqg j9ispegn kr520xx4 k4urcfbm\" src=\"https:\/\/scontent.fros2-1.fna.fbcdn.net\/v\/t39.30808-6\/264084417_2078445442309703_7575878590173421633_n.jpg?stp=dst-jpg_s600x600&amp;_nc_cat=101&amp;ccb=1-7&amp;_nc_sid=730e14&amp;_nc_ohc=v-o_Y8p7kFQAX-6omeK&amp;_nc_ht=scontent.fros2-1.fna&amp;oh=00_AT9rRVriZ3W7gF5KqaGZWBpmTGZDwVW8qrq2hV6TKYcW7g&amp;oe=62F89499\" alt=\"\" \/><\/div>\n<\/div>\n<div class=\"kr520xx4 j9ispegn pmk7jnqg hzruof5a n7fi1qx3 rq0escxv i09qtzwb opwvks06 linmgsc8\"><\/div>\n<\/div>\n<div class=\"n00je7tq arfg74bv qs9ysxi8 k77z8yql i09qtzwb n7fi1qx3 b5wmifdl hzruof5a pmk7jnqg j9ispegn kr520xx4 c5ndavph art1omkt ot9fgl3s\" data-visualcompletion=\"ignore\"><\/div>\n<\/div>\n<\/div>\n<\/div>\n<\/div>\n<\/div>\n<\/div>\n<\/div>\n<\/div>\n<div>\n<div class=\"stjgntxs ni8dbmo4 l82x9zwi uo3d90p7 h905i5nu monazrh9\" data-visualcompletion=\"ignore-dynamic\">\n<div>\n<div class=\"cwj9ozl2 tvmbv18p\"><\/div>\n<\/div>\n<\/div>\n<\/div>\n","protected":false},"excerpt":{"rendered":"<p>La Defensor\u00eda del Pueblo de Paran\u00e1 particip\u00f3 de una nueva jornada de atenci\u00f3n a la comunidad en barrios de la ciudad. Este jueves estuvo, junto a \u00e1reas de Estado municipal, provincial y nacional, en el Centro de Referencia para Adolescentes, ubicado en la calle Jorge Newbery 1834. Hasta las oficinas, instaladas al aire libre en [&hellip;]<\/p>\n","protected":false},"author":2,"featured_media":2948,"comment_status":"open","ping_status":"open","sticky":false,"template":"","format":"standard","meta":{"om_disable_all_campaigns":false,"_monsterinsights_skip_tracking":false,"_monsterinsights_sitenote_active":false,"_monsterinsights_sitenote_note":"","_monsterinsights_sitenote_category":0},"categories":[1],"tags":[],"_links":{"self":[{"href":"https:\/\/defensoriaparana.com.ar\/index.php\/wp-json\/wp\/v2\/posts\/2947"}],"collection":[{"href":"https:\/\/defensoriaparana.com.ar\/index.php\/wp-json\/wp\/v2\/posts"}],"about":[{"href":"https:\/\/defensoriaparana.com.ar\/index.php\/wp-json\/wp\/v2\/types\/post"}],"author":[{"embeddable":true,"href":"https:\/\/defensoriaparana.com.ar\/index.php\/wp-json\/wp\/v2\/users\/2"}],"replies":[{"embeddable":true,"href":"https:\/\/defensoriaparana.com.ar\/index.php\/wp-json\/wp\/v2\/comments?post=2947"}],"version-history":[{"count":1,"href":"https:\/\/defensoriaparana.com.ar\/index.php\/wp-json\/wp\/v2\/posts\/2947\/revisions"}],"predecessor-version":[{"id":2949,"href":"https:\/\/defensoriaparana.com.ar\/index.php\/wp-json\/wp\/v2\/posts\/2947\/revisions\/2949"}],"wp:featuredmedia":[{"embeddable":true,"href":"https:\/\/defensoriaparana.com.ar\/index.php\/wp-json\/wp\/v2\/media\/2948"}],"wp:attachment":[{"href":"https:\/\/defensoriaparana.com.ar\/index.php\/wp-json\/wp\/v2\/media?parent=2947"}],"wp:term":[{"taxonomy":"category","embeddable":true,"href":"https:\/\/defensoriaparana.com.ar\/index.php\/wp-json\/wp\/v2\/categories?post=2947"},{"taxonomy":"post_tag","embeddable":true,"href":"https:\/\/defensoriaparana.com.ar\/index.php\/wp-json\/wp\/v2\/tags?post=2947"}],"curies":[{"name":"wp","href":"https:\/\/api.w.org\/{rel}","templated":true}]}}