{"id":2950,"date":"2021-12-06T23:09:00","date_gmt":"2021-12-06T23:09:00","guid":{"rendered":"http:\/\/defensoriaparana.com.ar\/?p=2950"},"modified":"2022-08-10T23:11:15","modified_gmt":"2022-08-10T23:11:15","slug":"mediadores-comunitarios-de-bolivia-llegaron-a-parana-e-iniciaron-una-serie-de-actividades","status":"publish","type":"post","link":"https:\/\/defensoriaparana.com.ar\/index.php\/2021\/12\/06\/mediadores-comunitarios-de-bolivia-llegaron-a-parana-e-iniciaron-una-serie-de-actividades\/","title":{"rendered":"Mediadores comunitarios de Bolivia llegaron a Paran\u00e1 e iniciaron una serie de actividades"},"content":{"rendered":"<div>\n<div class=\"\" dir=\"auto\">\n<div id=\"jsc_c_5dr\" class=\"ecm0bbzt hv4rvrfc ihqw7lf3 dati1w0a\" data-ad-comet-preview=\"message\" data-ad-preview=\"message\">\n<div class=\"j83agx80 cbu4d94t ew0dbk1b irj2b8pg\">\n<div class=\"qzhwtbm6 knvmm38d\">\n<div class=\"kvgmc6g5 cxmmr5t8 oygrvhab hcukyx3x c1et5uql ii04i59q\">\n<div dir=\"auto\"><\/div>\n<\/div>\n<div class=\"cxmmr5t8 oygrvhab hcukyx3x c1et5uql o9v6fnle ii04i59q\">\n<div dir=\"auto\">Un grupo de ocho mediadores comunitarios de Bolivia llegaron este lunes a la ciudad e iniciaron una serie de actividades en la sede de la Defensor\u00eda del Pueblo de Paran\u00e1. La jornada comenz\u00f3 con la recepci\u00f3n y bienvenida a cargo de las Defensoras del Pueblo Marcia L\u00f3pez y Cecilia Pautaso (Adjunta), la Defensora de los Derechos de las Personas Mayores, Ligia Blanco, la Coordinadora del Centro de Mediaci\u00f3n, Irina Chausovsky, y personal de la instituci\u00f3n. Luego, realizaron una recorrida por la las distintas \u00e1reas, ubicadas en la casa de la Defensor\u00eda, en calle Yrigoyen 236, y seguidamente hubo una primera reuni\u00f3n con el equipo del Centro de Mediaci\u00f3n Comunitario.<\/div>\n<div dir=\"auto\">Justamente, la delegaci\u00f3n lleg\u00f3 a Paran\u00e1 interesada en conocer de primera mano el funcionamiento del Centro y, principalmente, el Registro de Mediadores Comunitarios Voluntarios y ad honorem que re\u00fane \u2013de acuerdo a la \u00faltima conformaci\u00f3n de noviembre pasado- 112 integrantes.<\/div>\n<\/div>\n<div class=\"cxmmr5t8 oygrvhab hcukyx3x c1et5uql o9v6fnle ii04i59q\">\n<div dir=\"auto\">La delegaci\u00f3n llega de la mano de la Fundaci\u00f3n UNIR Bolivia, una organizaci\u00f3n privada, independiente y sin fines de lucro, que en base a un proyecto de acceso a la justicia financiado por la Cooperaci\u00f3n Suiza, ha formado conciliadores comunitarios, tal como se le denominan a los mediadores en ese pa\u00eds. En ese marco se program\u00f3 el viaje de intercambio \u201ccon el prop\u00f3sito de conocer la experiencia exitosa del Centro de Mediaci\u00f3n Comunitaria de la Defensor\u00eda del Pueblo de Paran\u00e1 en base a un sistema de mediadores comunitarios voluntarios\u201d, se consign\u00f3 desde el grupo.<\/div>\n<div dir=\"auto\">Durante la ma\u00f1ana, luego de un primer encuentro con el equipo del Centro de Mediaci\u00f3n, la delegaci\u00f3n fue recibida por la titular del Concejo Deliberante, Andrea Zoff, quien a trav\u00e9s de un decreto, declar\u00f3 de inter\u00e9s la visita y obsequi\u00f3 la bandera de la ciudad.<\/div>\n<div dir=\"auto\">Por la tarde, est\u00e1 prevista una reuni\u00f3n de intercambio de experiencias con mediadores comunitarios del Centro.<\/div>\n<div dir=\"auto\">Para el martes, entre otras actividades, participar\u00e1n de la pintura de un mural en reconocimiento a las personas mediadoras, en el marco de la celebraci\u00f3n de los 18 a\u00f1os del Centro de Mediaci\u00f3n y del Registro. Ser\u00e1 en un pared\u00f3n ubicado en Avenida Ram\u00edrez y Toscanini, perteneciente al Rectorado de la Universidad Aut\u00f3noma de Entre R\u00edos (Uader). M\u00e1s tarde, asistir\u00e1n al primer Taller de Reflexi\u00f3n del Registro 2022.<\/div>\n<\/div>\n<div class=\"cxmmr5t8 oygrvhab hcukyx3x c1et5uql o9v6fnle ii04i59q\">\n<div dir=\"auto\">(Foto: Gentileza de Radio LT14)<\/div>\n<\/div>\n<\/div>\n<\/div>\n<\/div>\n<\/div>\n<div id=\"jsc_c_5ds\" class=\"l9j0dhe7\">\n<div class=\"l9j0dhe7\">\n<div>\n<div class=\"bp9cbjyn cwj9ozl2 j83agx80 cbu4d94t ni8dbmo4 stjgntxs l9j0dhe7 k4urcfbm\">\n<div>\n<div class=\"do00u71z ni8dbmo4 stjgntxs l9j0dhe7\">\n<div class=\"pmk7jnqg kr520xx4\"><img loading=\"lazy\" class=\"i09qtzwb n7fi1qx3 datstx6m pmk7jnqg j9ispegn kr520xx4 k4urcfbm bixrwtb6\" src=\"https:\/\/scontent.fros2-2.fna.fbcdn.net\/v\/t39.30808-6\/264794323_2076057522548495_6449267383691445117_n.jpg?_nc_cat=111&amp;ccb=1-7&amp;_nc_sid=730e14&amp;_nc_ohc=4VzD2MdSQLgAX_AhBpk&amp;_nc_ht=scontent.fros2-2.fna&amp;oh=00_AT99JldIe4SuJI_r4dQ0W0nsJpfRc3sRie52cA4qlj3Mkg&amp;oe=62F9C4A5\" alt=\"Puede ser una imagen de 11 personas, personas de pie y al aire libre\" width=\"446\" height=\"214\" \/><\/div>\n<\/div>\n<\/div>\n<\/div>\n<div class=\"linmgsc8 opwvks06 i09qtzwb n7fi1qx3 hzruof5a pmk7jnqg j9ispegn kr520xx4\"><\/div>\n<div class=\"n00je7tq arfg74bv qs9ysxi8 k77z8yql i09qtzwb n7fi1qx3 b5wmifdl hzruof5a pmk7jnqg j9ispegn kr520xx4 c5ndavph art1omkt ot9fgl3s\" data-visualcompletion=\"ignore\"><\/div>\n<\/div>\n<\/div>\n<div class=\"stjgntxs ni8dbmo4\"><\/div>\n<\/div>\n<\/div>\n<div class=\"bq4bzpyk s1tcr66n l6v480f0 j83agx80 btwxx1t3 i1fnvgqd pybr56ya d1544ag0 f10w8fjw c4f5jtg6\">\n<div class=\"bp9cbjyn j83agx80 jifvfom9\"><\/div>\n<\/div>\n<div>\n<div class=\"stjgntxs ni8dbmo4 l82x9zwi uo3d90p7 h905i5nu monazrh9\" data-visualcompletion=\"ignore-dynamic\">\n<div>\n<div class=\"cwj9ozl2 tvmbv18p\"><\/div>\n<\/div>\n<\/div>\n<\/div>\n","protected":false},"excerpt":{"rendered":"<p>Un grupo de ocho mediadores comunitarios de Bolivia llegaron este lunes a la ciudad e iniciaron una serie de actividades en la sede de la Defensor\u00eda del Pueblo de Paran\u00e1. La jornada comenz\u00f3 con la recepci\u00f3n y bienvenida a cargo de las Defensoras del Pueblo Marcia L\u00f3pez y Cecilia Pautaso (Adjunta), la Defensora de los [&hellip;]<\/p>\n","protected":false},"author":2,"featured_media":2951,"comment_status":"open","ping_status":"open","sticky":false,"template":"","format":"standard","meta":{"om_disable_all_campaigns":false,"_monsterinsights_skip_tracking":false,"_monsterinsights_sitenote_active":false,"_monsterinsights_sitenote_note":"","_monsterinsights_sitenote_category":0},"categories":[1],"tags":[],"_links":{"self":[{"href":"https:\/\/defensoriaparana.com.ar\/index.php\/wp-json\/wp\/v2\/posts\/2950"}],"collection":[{"href":"https:\/\/defensoriaparana.com.ar\/index.php\/wp-json\/wp\/v2\/posts"}],"about":[{"href":"https:\/\/defensoriaparana.com.ar\/index.php\/wp-json\/wp\/v2\/types\/post"}],"author":[{"embeddable":true,"href":"https:\/\/defensoriaparana.com.ar\/index.php\/wp-json\/wp\/v2\/users\/2"}],"replies":[{"embeddable":true,"href":"https:\/\/defensoriaparana.com.ar\/index.php\/wp-json\/wp\/v2\/comments?post=2950"}],"version-history":[{"count":1,"href":"https:\/\/defensoriaparana.com.ar\/index.php\/wp-json\/wp\/v2\/posts\/2950\/revisions"}],"predecessor-version":[{"id":2952,"href":"https:\/\/defensoriaparana.com.ar\/index.php\/wp-json\/wp\/v2\/posts\/2950\/revisions\/2952"}],"wp:featuredmedia":[{"embeddable":true,"href":"https:\/\/defensoriaparana.com.ar\/index.php\/wp-json\/wp\/v2\/media\/2951"}],"wp:attachment":[{"href":"https:\/\/defensoriaparana.com.ar\/index.php\/wp-json\/wp\/v2\/media?parent=2950"}],"wp:term":[{"taxonomy":"category","embeddable":true,"href":"https:\/\/defensoriaparana.com.ar\/index.php\/wp-json\/wp\/v2\/categories?post=2950"},{"taxonomy":"post_tag","embeddable":true,"href":"https:\/\/defensoriaparana.com.ar\/index.php\/wp-json\/wp\/v2\/tags?post=2950"}],"curies":[{"name":"wp","href":"https:\/\/api.w.org\/{rel}","templated":true}]}}