{"id":2984,"date":"2021-11-18T23:45:49","date_gmt":"2021-11-18T23:45:49","guid":{"rendered":"http:\/\/defensoriaparana.com.ar\/?p=2984"},"modified":"2022-08-10T23:48:22","modified_gmt":"2022-08-10T23:48:22","slug":"la-defensoria-del-pueblo-participa-de-la-segunda-edicion-de-la-agenda-vidas-libres-de-violencia-y-discriminacion","status":"publish","type":"post","link":"https:\/\/defensoriaparana.com.ar\/index.php\/2021\/11\/18\/la-defensoria-del-pueblo-participa-de-la-segunda-edicion-de-la-agenda-vidas-libres-de-violencia-y-discriminacion\/","title":{"rendered":"La Defensor\u00eda del Pueblo participa de la segunda edici\u00f3n de la agenda Vidas Libres de Violencia y Discriminaci\u00f3n"},"content":{"rendered":"<div>\n<div class=\"\" dir=\"auto\">\n<div id=\"jsc_c_5or\" class=\"ecm0bbzt hv4rvrfc ihqw7lf3 dati1w0a\" data-ad-comet-preview=\"message\" data-ad-preview=\"message\">\n<div class=\"j83agx80 cbu4d94t ew0dbk1b irj2b8pg\">\n<div class=\"qzhwtbm6 knvmm38d\">\n<div class=\"kvgmc6g5 cxmmr5t8 oygrvhab hcukyx3x c1et5uql ii04i59q\">\n<div dir=\"auto\"><\/div>\n<\/div>\n<div class=\"cxmmr5t8 oygrvhab hcukyx3x c1et5uql o9v6fnle ii04i59q\">\n<div dir=\"auto\">La Defensora del Pueblo de Paran\u00e1, Marcia L\u00f3pez, particip\u00f3 este jueves del lanzamiento de la segunda edici\u00f3n de la Agenda Vidas Libres de Violencia y Discriminaci\u00f3n, actividad organizada por la Facultad de Ciencias de la Vida y la Salud (FCVYS) de la Universidad Aut\u00f3noma de Entre R\u00edos (Uader) que involucra a instituciones y entidades de la ciudad.<\/div>\n<\/div>\n<div class=\"cxmmr5t8 oygrvhab hcukyx3x c1et5uql o9v6fnle ii04i59q\">\n<div dir=\"auto\">De la agenda de trabajo, cuyo objetivo consiste en visibilizar desigualdades en base al g\u00e9nero y promover la garant\u00eda y reivindicaci\u00f3n de los derechos humanos, participar\u00e1 la Defensor\u00eda del Pueblo de Paran\u00e1. La primera actividad est\u00e1 prevista para este viernes, 16 a 18, en el barrio Los Hornos. Tambi\u00e9n, en el marco de esta agenda, en los \u00faltimos d\u00edas de noviembre se firmar\u00e1 un convenio de colaboraci\u00f3n entre la Defensor\u00eda y Uader que incluir\u00e1 capacitaciones por parte de ambas instituciones.<\/div>\n<\/div>\n<div class=\"cxmmr5t8 oygrvhab hcukyx3x c1et5uql o9v6fnle ii04i59q\">\n<div dir=\"auto\">Los organizadores informaron que en esta segunda edici\u00f3n de la Agenda se vinculan cuatro fechas del a\u00f1o que resultan clave para el objetivo planteado: en noviembre, el 19 (D\u00eda de Lucha contra la Violencia Sexual contra Ni\u00f1os, Ni\u00f1as y Adolescentes) y el 25 (D\u00eda internacional de lucha contra la violencia contra las mujeres). En tanto, en diciembre, el 1 (D\u00eda Internacional de Visibilizaci\u00f3n y Concientizaci\u00f3n del VIH-SIDA) y el 10 (D\u00eda Internacional de los Derechos Humanos).<\/div>\n<\/div>\n<div class=\"cxmmr5t8 oygrvhab hcukyx3x c1et5uql o9v6fnle ii04i59q\">\n<div dir=\"auto\">Entre las actividades, la agenda comprende actividades comunitarias de promoci\u00f3n de derechos en el Barrio Los Hornos; Conferencia De Abuso Sexual a Violencia Sexual. \u00bfpor qu\u00e9?; Jornada Interbarrial de Promoci\u00f3n de derechos desde el deporte y el encuentro; reuni\u00f3n con Referentes Deportivas Comunitarias y diferentes espacios de capacitaciones, entre otras.<\/div>\n<\/div>\n<div class=\"cxmmr5t8 oygrvhab hcukyx3x c1et5uql o9v6fnle ii04i59q\">\n<div dir=\"auto\">La lista de participantes de las actividades es la siguiente: la FCVYS, las Residencias de Obstetricia Comunitaria y Programa de Salud Sexual y Reproductiva del Ministerio de Salud; la Secretar\u00eda de Mujeres, G\u00e9nero y Diversidad del Ministerio de Desarrollo Social; el Observatorio de G\u00e9neros y DDHH de la Vicegobernaci\u00f3n; el INADI, el Ministerio de Salud de la Naci\u00f3n, el Municipio de Paran\u00e1, Defensor\u00eda del Pueblo de Paran\u00e1, y organizaciones comunitarias, cooperativas, organizaciones sociales y clubes como Carpinches Equipo Deportivo LGBT, Asociaci\u00f3n Civil Yanina, Cooperativa CTC, Organizaci\u00f3n Social y Pol\u00edtica La Colectiva, Movimiento \u201cNuestra Am\u00e9rica\u201d, Organizaci\u00f3n \u201cMart\u00edn Fierro\u201d y el Club Neuqu\u00e9n, entre otras.<\/div>\n<\/div>\n<div class=\"cxmmr5t8 oygrvhab hcukyx3x c1et5uql o9v6fnle ii04i59q\">\n<div dir=\"auto\">(Con informaci\u00f3n publicada en FCVYS)<\/div>\n<\/div>\n<\/div>\n<\/div>\n<\/div>\n<\/div>\n<div id=\"jsc_c_5os\" class=\"l9j0dhe7\">\n<div class=\"l9j0dhe7\">\n<div>\n<div>\n<div class=\"l9j0dhe7\">\n<div class=\"l9j0dhe7\">\n<div class=\"ni8dbmo4 stjgntxs pmk7jnqg\">\n<div class=\"stjgntxs ni8dbmo4\">\n<div class=\"do00u71z ni8dbmo4 stjgntxs l9j0dhe7\">\n<div class=\"pmk7jnqg kr520xx4\"><img class=\"i09qtzwb n7fi1qx3 datstx6m pmk7jnqg j9ispegn kr520xx4 k4urcfbm\" src=\"https:\/\/scontent.fros2-1.fna.fbcdn.net\/v\/t39.30808-6\/256673201_2062922743861973_6850330099587573784_n.jpg?stp=dst-jpg_p526x395&amp;_nc_cat=101&amp;ccb=1-7&amp;_nc_sid=730e14&amp;_nc_ohc=maLSWMl6pbMAX9hcWy4&amp;_nc_ht=scontent.fros2-1.fna&amp;oh=00_AT9LgVwju7VTuxLkksSt5OG1RziuoVuvmepI-2e-UEBybA&amp;oe=62F9EC5D\" alt=\"\" \/><\/div>\n<\/div>\n<div class=\"kr520xx4 j9ispegn pmk7jnqg hzruof5a n7fi1qx3 rq0escxv i09qtzwb opwvks06 linmgsc8\"><\/div>\n<\/div>\n<div class=\"n00je7tq arfg74bv qs9ysxi8 k77z8yql i09qtzwb n7fi1qx3 b5wmifdl hzruof5a pmk7jnqg j9ispegn kr520xx4 c5ndavph art1omkt ot9fgl3s\" data-visualcompletion=\"ignore\"><\/div>\n<\/div>\n<div class=\"ni8dbmo4 stjgntxs pmk7jnqg\">\n<div class=\"stjgntxs ni8dbmo4\">\n<div class=\"do00u71z ni8dbmo4 stjgntxs l9j0dhe7\">\n<div class=\"pmk7jnqg kr520xx4\"><img class=\"i09qtzwb n7fi1qx3 datstx6m pmk7jnqg j9ispegn kr520xx4 k4urcfbm\" src=\"https:\/\/scontent.fros2-1.fna.fbcdn.net\/v\/t39.30808-6\/257673502_2062922820528632_4543995848855421615_n.jpg?stp=dst-jpg_p526x395&amp;_nc_cat=102&amp;ccb=1-7&amp;_nc_sid=730e14&amp;_nc_ohc=A-WdPC9iNi0AX93csRB&amp;_nc_ht=scontent.fros2-1.fna&amp;oh=00_AT8LUi5HqmkwYDeJt4x5waFqdyYV1Xkfdv2mcAnZ6k3HKw&amp;oe=62F927C1\" alt=\"\" \/><\/div>\n<\/div>\n<div class=\"kr520xx4 j9ispegn pmk7jnqg hzruof5a n7fi1qx3 rq0escxv i09qtzwb opwvks06 linmgsc8\"><\/div>\n<\/div>\n<div class=\"n00je7tq arfg74bv qs9ysxi8 k77z8yql i09qtzwb n7fi1qx3 b5wmifdl hzruof5a pmk7jnqg j9ispegn kr520xx4 c5ndavph art1omkt ot9fgl3s\" data-visualcompletion=\"ignore\"><\/div>\n<\/div>\n<div class=\"ni8dbmo4 stjgntxs pmk7jnqg\">\n<div class=\"stjgntxs ni8dbmo4\">\n<div class=\"do00u71z ni8dbmo4 stjgntxs l9j0dhe7\">\n<div class=\"pmk7jnqg kr520xx4\"><img class=\"i09qtzwb n7fi1qx3 datstx6m pmk7jnqg j9ispegn kr520xx4 k4urcfbm\" src=\"https:\/\/scontent.fros2-1.fna.fbcdn.net\/v\/t39.30808-6\/258786408_2062922970528617_8461320620155101730_n.jpg?stp=dst-jpg_p526x395&amp;_nc_cat=102&amp;ccb=1-7&amp;_nc_sid=730e14&amp;_nc_ohc=D97PAXVLj3EAX_TdAjU&amp;_nc_ht=scontent.fros2-1.fna&amp;oh=00_AT-giPQlHSg8ITq4p24LI3ywAgpBr8A5S01mDZOUc5aXwQ&amp;oe=62F8C872\" alt=\"\" \/><\/div>\n<\/div>\n<div class=\"kr520xx4 j9ispegn pmk7jnqg hzruof5a n7fi1qx3 rq0escxv i09qtzwb opwvks06 linmgsc8\"><\/div>\n<\/div>\n<div class=\"n00je7tq arfg74bv qs9ysxi8 k77z8yql i09qtzwb n7fi1qx3 b5wmifdl hzruof5a pmk7jnqg j9ispegn kr520xx4 c5ndavph art1omkt ot9fgl3s\" data-visualcompletion=\"ignore\"><\/div>\n<\/div>\n<\/div>\n<\/div>\n<\/div>\n<\/div>\n<\/div>\n<div class=\"stjgntxs ni8dbmo4\"><\/div>\n<\/div>\n<\/div>\n<div class=\"bq4bzpyk s1tcr66n l6v480f0 j83agx80 btwxx1t3 i1fnvgqd pybr56ya d1544ag0 f10w8fjw c4f5jtg6\">\n<div class=\"bp9cbjyn j83agx80 jifvfom9\"><\/div>\n<\/div>\n<div>\n<div class=\"stjgntxs ni8dbmo4 l82x9zwi uo3d90p7 h905i5nu monazrh9\" data-visualcompletion=\"ignore-dynamic\">\n<div>\n<div>\n<div>\n<div class=\"l9j0dhe7\">\n<div class=\"bp9cbjyn m9osqain j83agx80 jq4qci2q bkfpd7mw a3bd9o3v kvgmc6g5 wkznzc2l oygrvhab dhix69tm jktsbyx5 rz4wbd8a osnr6wyh a8nywdso s1tcr66n\">\n<div class=\"bp9cbjyn j83agx80 buofh1pr ni8dbmo4 stjgntxs\">\n<div class=\"\">\n<div class=\"oajrlxb2 g5ia77u1 qu0x051f esr5mh6w e9989ue4 r7d6kgcz rq0escxv nhd2j8a9 p7hjln8o kvgmc6g5 cxmmr5t8 oygrvhab hcukyx3x jb3vyjys rz4wbd8a qt6c0cv9 a8nywdso i1ao9s8h esuyzwwr f1sip0of n00je7tq arfg74bv qs9ysxi8 k77z8yql l9j0dhe7 abiwlrkh p8dawk7l lzcic4wl gmql0nx0 ce9h75a5 ni8dbmo4 stjgntxs tkr6xdv7 a8c37x1j\" tabindex=\"0\" role=\"button\"><\/div>\n<\/div>\n<\/div>\n<div class=\"kb5gq1qc pfnyh3mw c0wkt4kp\"><\/div>\n<\/div>\n<\/div>\n<\/div>\n<\/div>\n<\/div>\n<\/div>\n<\/div>\n","protected":false},"excerpt":{"rendered":"<p>La Defensora del Pueblo de Paran\u00e1, Marcia L\u00f3pez, particip\u00f3 este jueves del lanzamiento de la segunda edici\u00f3n de la Agenda Vidas Libres de Violencia y Discriminaci\u00f3n, actividad organizada por la Facultad de Ciencias de la Vida y la Salud (FCVYS) de la Universidad Aut\u00f3noma de Entre R\u00edos (Uader) que involucra a instituciones y entidades de [&hellip;]<\/p>\n","protected":false},"author":2,"featured_media":2985,"comment_status":"open","ping_status":"open","sticky":false,"template":"","format":"standard","meta":{"om_disable_all_campaigns":false,"_monsterinsights_skip_tracking":false,"_monsterinsights_sitenote_active":false,"_monsterinsights_sitenote_note":"","_monsterinsights_sitenote_category":0},"categories":[1],"tags":[],"_links":{"self":[{"href":"https:\/\/defensoriaparana.com.ar\/index.php\/wp-json\/wp\/v2\/posts\/2984"}],"collection":[{"href":"https:\/\/defensoriaparana.com.ar\/index.php\/wp-json\/wp\/v2\/posts"}],"about":[{"href":"https:\/\/defensoriaparana.com.ar\/index.php\/wp-json\/wp\/v2\/types\/post"}],"author":[{"embeddable":true,"href":"https:\/\/defensoriaparana.com.ar\/index.php\/wp-json\/wp\/v2\/users\/2"}],"replies":[{"embeddable":true,"href":"https:\/\/defensoriaparana.com.ar\/index.php\/wp-json\/wp\/v2\/comments?post=2984"}],"version-history":[{"count":1,"href":"https:\/\/defensoriaparana.com.ar\/index.php\/wp-json\/wp\/v2\/posts\/2984\/revisions"}],"predecessor-version":[{"id":2986,"href":"https:\/\/defensoriaparana.com.ar\/index.php\/wp-json\/wp\/v2\/posts\/2984\/revisions\/2986"}],"wp:featuredmedia":[{"embeddable":true,"href":"https:\/\/defensoriaparana.com.ar\/index.php\/wp-json\/wp\/v2\/media\/2985"}],"wp:attachment":[{"href":"https:\/\/defensoriaparana.com.ar\/index.php\/wp-json\/wp\/v2\/media?parent=2984"}],"wp:term":[{"taxonomy":"category","embeddable":true,"href":"https:\/\/defensoriaparana.com.ar\/index.php\/wp-json\/wp\/v2\/categories?post=2984"},{"taxonomy":"post_tag","embeddable":true,"href":"https:\/\/defensoriaparana.com.ar\/index.php\/wp-json\/wp\/v2\/tags?post=2984"}],"curies":[{"name":"wp","href":"https:\/\/api.w.org\/{rel}","templated":true}]}}