{"id":3022,"date":"2021-12-04T22:45:15","date_gmt":"2021-12-04T22:45:15","guid":{"rendered":"http:\/\/defensoriaparana.com.ar\/?p=3022"},"modified":"2022-08-17T22:46:50","modified_gmt":"2022-08-17T22:46:50","slug":"las-defensoras-del-pueblo-participaron-de-la-jornada-por-la-inclusion","status":"publish","type":"post","link":"https:\/\/defensoriaparana.com.ar\/index.php\/2021\/12\/04\/las-defensoras-del-pueblo-participaron-de-la-jornada-por-la-inclusion\/","title":{"rendered":"Las Defensoras del Pueblo participaron de la Jornada por la Inclusi\u00f3n"},"content":{"rendered":"<p>En conmemoraci\u00f3n del D\u00eda Internacional de las Personas con Discapacidad, el jueves 3 se realiz\u00f3 una Jornada por la Inclusi\u00f3n en el Centro Integrador Comunitario (CIC) II Este. Se pint\u00f3 un mural colaborativo, hubo m\u00fasica en vivo y puestos de ventas de producci\u00f3n de huertas comunitarias y de muebles de madera, hechos por personas en situaci\u00f3n de calle que residen en instalaciones del Centro desde el inicio de las medidas sanitarias por la pandemia.<\/p>\n<div id=\"attachment_7791\" class=\"wp-caption alignnone\"><img loading=\"lazy\" class=\" wp-image-7791\" src=\"http:\/\/www.defensoriaparana.gov.ar\/wp-content\/uploads\/WhatsApp-Image-2020-12-04-at-12.51.21.jpeg\" sizes=\"(max-width: 477px) 100vw, 477px\" srcset=\"https:\/\/www.defensoriaparana.gov.ar\/wp-content\/uploads\/WhatsApp-Image-2020-12-04-at-12.51.21.jpeg 1032w, https:\/\/www.defensoriaparana.gov.ar\/wp-content\/uploads\/WhatsApp-Image-2020-12-04-at-12.51.21-300x225.jpeg 300w, https:\/\/www.defensoriaparana.gov.ar\/wp-content\/uploads\/WhatsApp-Image-2020-12-04-at-12.51.21-768x576.jpeg 768w, https:\/\/www.defensoriaparana.gov.ar\/wp-content\/uploads\/WhatsApp-Image-2020-12-04-at-12.51.21-1024x768.jpeg 1024w, https:\/\/www.defensoriaparana.gov.ar\/wp-content\/uploads\/WhatsApp-Image-2020-12-04-at-12.51.21-170x128.jpeg 170w, https:\/\/www.defensoriaparana.gov.ar\/wp-content\/uploads\/WhatsApp-Image-2020-12-04-at-12.51.21-284x213.jpeg 284w\" alt=\"\" width=\"477\" height=\"358\" \/><\/p>\n<p class=\"wp-caption-text\">En el frente del edificio, en plena tarea.<\/p>\n<\/div>\n<div class=\"mceTemp\"><\/div>\n<p>Las Defensoras del Pueblo de la Ciudad de Paran\u00e1, Marcia L\u00f3pez y Cecilia Pautaso (Adjunta), participaron de la convocatoria en el predio del Centro ubicado en calles Ferm\u00edn Garay y Roque S\u00e1enz Pe\u00f1a, que reuni\u00f3 a personas de distintas organizaciones e instituciones y del barrio.<\/p>\n<div id=\"attachment_7790\" class=\"wp-caption alignnone\"><img loading=\"lazy\" class=\" wp-image-7790\" src=\"http:\/\/www.defensoriaparana.gov.ar\/wp-content\/uploads\/WhatsApp-Image-2020-12-04-at-12.51.20.jpeg\" sizes=\"(max-width: 335px) 100vw, 335px\" srcset=\"https:\/\/www.defensoriaparana.gov.ar\/wp-content\/uploads\/WhatsApp-Image-2020-12-04-at-12.51.20.jpeg 774w, https:\/\/www.defensoriaparana.gov.ar\/wp-content\/uploads\/WhatsApp-Image-2020-12-04-at-12.51.20-225x300.jpeg 225w, https:\/\/www.defensoriaparana.gov.ar\/wp-content\/uploads\/WhatsApp-Image-2020-12-04-at-12.51.20-768x1024.jpeg 768w, https:\/\/www.defensoriaparana.gov.ar\/wp-content\/uploads\/WhatsApp-Image-2020-12-04-at-12.51.20-170x227.jpeg 170w, https:\/\/www.defensoriaparana.gov.ar\/wp-content\/uploads\/WhatsApp-Image-2020-12-04-at-12.51.20-284x379.jpeg 284w\" alt=\"\" width=\"335\" height=\"446\" \/><\/p>\n<p class=\"wp-caption-text\">Las Defensoras se sumaron a la propuesta de ponerle color al mural.<\/p>\n<\/div>\n<p>La propuesta inclu\u00eda la invitaci\u00f3n a darle color al dise\u00f1o plasmado sobre paredes del frente del edificio. Hab\u00eda frascos con pinturas de diferentes colores y pinceles para todos quienes quisieran sumarse a pintar. Andr\u00e9s Leiva, artista pl\u00e1stico y muralista, integrante del Centro de Mediaci\u00f3n de la Defensor\u00eda del Pueblo de Paran\u00e1, tuvo a cargo la coordinaci\u00f3n de la obra que \u201cune los universos de la comunidad que est\u00e1 trabajando para tener la siembra y las buenas semillas y para la inclusi\u00f3n de las personas con discapacidades\u201d, resume. Parte del dise\u00f1o estuvo en manos de personas en situaci\u00f3n de calle que permanecen en el CIC a partir de las medidas de aislamiento preventivo.<\/p>\n<p>Desde entonces, la Defensor\u00eda del Pueblo -como integrante de la Red por los derechos de las personas en situaci\u00f3n de calle junto a una veintena de organizaciones e instituciones de la ciudad-, viene participando de las acciones de acompa\u00f1amiento, del desarrollo de talleres y diversas actividades de integraci\u00f3n.<\/p>\n<p>Una de las capacitaciones brindadas durante estos meses fue la de carpinter\u00eda, que permiti\u00f3 a Fabricio, Julio y Pablo encarar un emprendimiento que ya les est\u00e1 dando \u201cmuchas satisfacciones\u201d, seg\u00fan comentaron desde su puesto de venta. Hacen sillones, mesas y un original \u00e1rbol de Navidad de madera que promocionan a trav\u00e9s de las redes sociales.<\/p>\n<div id=\"attachment_7798\" class=\"wp-caption alignnone\"><img loading=\"lazy\" class=\" wp-image-7798\" src=\"http:\/\/www.defensoriaparana.gov.ar\/wp-content\/uploads\/puesto.jpeg\" sizes=\"(max-width: 407px) 100vw, 407px\" srcset=\"https:\/\/www.defensoriaparana.gov.ar\/wp-content\/uploads\/puesto.jpeg 1032w, https:\/\/www.defensoriaparana.gov.ar\/wp-content\/uploads\/puesto-300x225.jpeg 300w, https:\/\/www.defensoriaparana.gov.ar\/wp-content\/uploads\/puesto-768x576.jpeg 768w, https:\/\/www.defensoriaparana.gov.ar\/wp-content\/uploads\/puesto-1024x768.jpeg 1024w, https:\/\/www.defensoriaparana.gov.ar\/wp-content\/uploads\/puesto-170x128.jpeg 170w, https:\/\/www.defensoriaparana.gov.ar\/wp-content\/uploads\/puesto-284x213.jpeg 284w\" alt=\"\" width=\"407\" height=\"305\" \/><\/p>\n<p class=\"wp-caption-text\">Fabricio y Julio, en el puesto de venta.<\/p>\n<\/div>\n<p>El puesto era uno de los cuatro emplazados en un costado del predio. Los otros tres ofrec\u00edan verduras de huertas de los barrios El Perejil y Anacleto Medina y del Conaf.<\/p>\n<p>A lo largo de la tarde, y mientras el mural iba tomando color de mano de las personas que iban transitando por el lugar, se sumaron las canciones de Aaron Ver\u00f3n (voz) y Illihue Quiroga \u00a0(voz y teclado).<\/p>\n<div id=\"attachment_7804\" class=\"wp-caption alignnone\"><img loading=\"lazy\" class=\" wp-image-7804\" src=\"http:\/\/www.defensoriaparana.gov.ar\/wp-content\/uploads\/m%C3%BAsica-1.jpeg\" sizes=\"(max-width: 328px) 100vw, 328px\" srcset=\"https:\/\/www.defensoriaparana.gov.ar\/wp-content\/uploads\/m\u00fasica-1.jpeg 1032w, https:\/\/www.defensoriaparana.gov.ar\/wp-content\/uploads\/m\u00fasica-1-300x225.jpeg 300w, https:\/\/www.defensoriaparana.gov.ar\/wp-content\/uploads\/m\u00fasica-1-768x576.jpeg 768w, https:\/\/www.defensoriaparana.gov.ar\/wp-content\/uploads\/m\u00fasica-1-1024x768.jpeg 1024w, https:\/\/www.defensoriaparana.gov.ar\/wp-content\/uploads\/m\u00fasica-1-170x128.jpeg 170w, https:\/\/www.defensoriaparana.gov.ar\/wp-content\/uploads\/m\u00fasica-1-284x213.jpeg 284w\" alt=\"\" width=\"328\" height=\"246\" \/><\/p>\n<p class=\"wp-caption-text\">Momento en que se sumaba la m\u00fasica a la Jornada.<\/p>\n<\/div>\n<p>La intenci\u00f3n de los hacedores es que el mural contin\u00fae, se extienda por otras paredes, con otros colores y tem\u00e1ticas. El lugar ya cuenta con otras obras comunitarias, que fueron realiz\u00e1ndose durante el a\u00f1o, con la coordinaci\u00f3n de Andr\u00e9s Leiva y el apoyo de la Defensor\u00eda del Pueblo de Paran\u00e1.<\/p>\n<p><strong>Im\u00e1genes de la actividad<\/strong><\/p>\n<p><img loading=\"lazy\" class=\"alignnone  wp-image-7784\" src=\"http:\/\/www.defensoriaparana.gov.ar\/wp-content\/uploads\/WhatsApp-Image-2020-12-04-at-18.22.56.jpeg\" sizes=\"(max-width: 448px) 100vw, 448px\" srcset=\"https:\/\/www.defensoriaparana.gov.ar\/wp-content\/uploads\/WhatsApp-Image-2020-12-04-at-18.22.56.jpeg 774w, https:\/\/www.defensoriaparana.gov.ar\/wp-content\/uploads\/WhatsApp-Image-2020-12-04-at-18.22.56-225x300.jpeg 225w, https:\/\/www.defensoriaparana.gov.ar\/wp-content\/uploads\/WhatsApp-Image-2020-12-04-at-18.22.56-768x1024.jpeg 768w, https:\/\/www.defensoriaparana.gov.ar\/wp-content\/uploads\/WhatsApp-Image-2020-12-04-at-18.22.56-170x227.jpeg 170w, https:\/\/www.defensoriaparana.gov.ar\/wp-content\/uploads\/WhatsApp-Image-2020-12-04-at-18.22.56-284x379.jpeg 284w\" alt=\"\" width=\"448\" height=\"597\" \/><\/p>\n<p><img loading=\"lazy\" class=\"alignnone  wp-image-7785\" src=\"http:\/\/www.defensoriaparana.gov.ar\/wp-content\/uploads\/WhatsApp-Image-2020-12-04-at-18.22.55.jpeg\" sizes=\"(max-width: 668px) 100vw, 668px\" srcset=\"https:\/\/www.defensoriaparana.gov.ar\/wp-content\/uploads\/WhatsApp-Image-2020-12-04-at-18.22.55.jpeg 1032w, https:\/\/www.defensoriaparana.gov.ar\/wp-content\/uploads\/WhatsApp-Image-2020-12-04-at-18.22.55-300x225.jpeg 300w, https:\/\/www.defensoriaparana.gov.ar\/wp-content\/uploads\/WhatsApp-Image-2020-12-04-at-18.22.55-768x576.jpeg 768w, https:\/\/www.defensoriaparana.gov.ar\/wp-content\/uploads\/WhatsApp-Image-2020-12-04-at-18.22.55-1024x768.jpeg 1024w, https:\/\/www.defensoriaparana.gov.ar\/wp-content\/uploads\/WhatsApp-Image-2020-12-04-at-18.22.55-170x128.jpeg 170w, https:\/\/www.defensoriaparana.gov.ar\/wp-content\/uploads\/WhatsApp-Image-2020-12-04-at-18.22.55-284x213.jpeg 284w\" alt=\"\" width=\"668\" height=\"501\" \/><\/p>\n<p><img loading=\"lazy\" class=\"alignnone  wp-image-7786\" src=\"http:\/\/www.defensoriaparana.gov.ar\/wp-content\/uploads\/WhatsApp-Image-2020-12-04-at-18.22.53-1.jpeg\" sizes=\"(max-width: 493px) 100vw, 493px\" srcset=\"https:\/\/www.defensoriaparana.gov.ar\/wp-content\/uploads\/WhatsApp-Image-2020-12-04-at-18.22.53-1.jpeg 774w, https:\/\/www.defensoriaparana.gov.ar\/wp-content\/uploads\/WhatsApp-Image-2020-12-04-at-18.22.53-1-225x300.jpeg 225w, https:\/\/www.defensoriaparana.gov.ar\/wp-content\/uploads\/WhatsApp-Image-2020-12-04-at-18.22.53-1-768x1024.jpeg 768w, https:\/\/www.defensoriaparana.gov.ar\/wp-content\/uploads\/WhatsApp-Image-2020-12-04-at-18.22.53-1-170x227.jpeg 170w, https:\/\/www.defensoriaparana.gov.ar\/wp-content\/uploads\/WhatsApp-Image-2020-12-04-at-18.22.53-1-284x379.jpeg 284w\" alt=\"\" width=\"493\" height=\"657\" \/><\/p>\n<p><img loading=\"lazy\" class=\"alignnone size-full wp-image-7787\" src=\"http:\/\/www.defensoriaparana.gov.ar\/wp-content\/uploads\/WhatsApp-Image-2020-12-04-at-18.22.52-1.jpeg\" sizes=\"(max-width: 1032px) 100vw, 1032px\" srcset=\"https:\/\/www.defensoriaparana.gov.ar\/wp-content\/uploads\/WhatsApp-Image-2020-12-04-at-18.22.52-1.jpeg 1032w, https:\/\/www.defensoriaparana.gov.ar\/wp-content\/uploads\/WhatsApp-Image-2020-12-04-at-18.22.52-1-300x225.jpeg 300w, https:\/\/www.defensoriaparana.gov.ar\/wp-content\/uploads\/WhatsApp-Image-2020-12-04-at-18.22.52-1-768x576.jpeg 768w, https:\/\/www.defensoriaparana.gov.ar\/wp-content\/uploads\/WhatsApp-Image-2020-12-04-at-18.22.52-1-1024x768.jpeg 1024w, https:\/\/www.defensoriaparana.gov.ar\/wp-content\/uploads\/WhatsApp-Image-2020-12-04-at-18.22.52-1-170x128.jpeg 170w, https:\/\/www.defensoriaparana.gov.ar\/wp-content\/uploads\/WhatsApp-Image-2020-12-04-at-18.22.52-1-284x213.jpeg 284w\" alt=\"\" width=\"1032\" height=\"774\" \/><\/p>\n<p>&nbsp;<\/p>\n<p><img loading=\"lazy\" class=\"alignnone  wp-image-7788\" src=\"http:\/\/www.defensoriaparana.gov.ar\/wp-content\/uploads\/WhatsApp-Image-2020-12-04-at-18.22.51-1.jpeg\" sizes=\"(max-width: 610px) 100vw, 610px\" srcset=\"https:\/\/www.defensoriaparana.gov.ar\/wp-content\/uploads\/WhatsApp-Image-2020-12-04-at-18.22.51-1.jpeg 1032w, https:\/\/www.defensoriaparana.gov.ar\/wp-content\/uploads\/WhatsApp-Image-2020-12-04-at-18.22.51-1-300x225.jpeg 300w, https:\/\/www.defensoriaparana.gov.ar\/wp-content\/uploads\/WhatsApp-Image-2020-12-04-at-18.22.51-1-768x576.jpeg 768w, https:\/\/www.defensoriaparana.gov.ar\/wp-content\/uploads\/WhatsApp-Image-2020-12-04-at-18.22.51-1-1024x768.jpeg 1024w, https:\/\/www.defensoriaparana.gov.ar\/wp-content\/uploads\/WhatsApp-Image-2020-12-04-at-18.22.51-1-170x128.jpeg 170w, https:\/\/www.defensoriaparana.gov.ar\/wp-content\/uploads\/WhatsApp-Image-2020-12-04-at-18.22.51-1-284x213.jpeg 284w\" alt=\"\" width=\"610\" height=\"458\" \/><\/p>\n<p>&nbsp;<\/p>\n<p><img loading=\"lazy\" class=\" wp-image-7789\" src=\"http:\/\/www.defensoriaparana.gov.ar\/wp-content\/uploads\/WhatsApp-Image-2020-12-04-at-18.22.49.jpeg\" sizes=\"(max-width: 521px) 100vw, 521px\" srcset=\"https:\/\/www.defensoriaparana.gov.ar\/wp-content\/uploads\/WhatsApp-Image-2020-12-04-at-18.22.49.jpeg 774w, https:\/\/www.defensoriaparana.gov.ar\/wp-content\/uploads\/WhatsApp-Image-2020-12-04-at-18.22.49-225x300.jpeg 225w, https:\/\/www.defensoriaparana.gov.ar\/wp-content\/uploads\/WhatsApp-Image-2020-12-04-at-18.22.49-768x1024.jpeg 768w, https:\/\/www.defensoriaparana.gov.ar\/wp-content\/uploads\/WhatsApp-Image-2020-12-04-at-18.22.49-170x227.jpeg 170w, https:\/\/www.defensoriaparana.gov.ar\/wp-content\/uploads\/WhatsApp-Image-2020-12-04-at-18.22.49-284x379.jpeg 284w\" alt=\"\" width=\"521\" height=\"694\" \/><\/p>\n<p><img loading=\"lazy\" class=\"alignnone  wp-image-7793\" src=\"http:\/\/www.defensoriaparana.gov.ar\/wp-content\/uploads\/WhatsApp-Image-2020-12-04-at-18.21.27-1.jpeg\" sizes=\"(max-width: 535px) 100vw, 535px\" srcset=\"https:\/\/www.defensoriaparana.gov.ar\/wp-content\/uploads\/WhatsApp-Image-2020-12-04-at-18.21.27-1.jpeg 1032w, https:\/\/www.defensoriaparana.gov.ar\/wp-content\/uploads\/WhatsApp-Image-2020-12-04-at-18.21.27-1-300x225.jpeg 300w, https:\/\/www.defensoriaparana.gov.ar\/wp-content\/uploads\/WhatsApp-Image-2020-12-04-at-18.21.27-1-768x576.jpeg 768w, https:\/\/www.defensoriaparana.gov.ar\/wp-content\/uploads\/WhatsApp-Image-2020-12-04-at-18.21.27-1-1024x768.jpeg 1024w, https:\/\/www.defensoriaparana.gov.ar\/wp-content\/uploads\/WhatsApp-Image-2020-12-04-at-18.21.27-1-170x128.jpeg 170w, https:\/\/www.defensoriaparana.gov.ar\/wp-content\/uploads\/WhatsApp-Image-2020-12-04-at-18.21.27-1-284x213.jpeg 284w\" alt=\"\" width=\"535\" height=\"402\" \/><\/p>\n<p><img loading=\"lazy\" class=\"alignnone  wp-image-7792\" src=\"http:\/\/www.defensoriaparana.gov.ar\/wp-content\/uploads\/WhatsApp-Image-2020-12-04-at-12.51.22.jpeg\" sizes=\"(max-width: 638px) 100vw, 638px\" srcset=\"https:\/\/www.defensoriaparana.gov.ar\/wp-content\/uploads\/WhatsApp-Image-2020-12-04-at-12.51.22.jpeg 1032w, https:\/\/www.defensoriaparana.gov.ar\/wp-content\/uploads\/WhatsApp-Image-2020-12-04-at-12.51.22-300x225.jpeg 300w, https:\/\/www.defensoriaparana.gov.ar\/wp-content\/uploads\/WhatsApp-Image-2020-12-04-at-12.51.22-768x576.jpeg 768w, https:\/\/www.defensoriaparana.gov.ar\/wp-content\/uploads\/WhatsApp-Image-2020-12-04-at-12.51.22-1024x768.jpeg 1024w, https:\/\/www.defensoriaparana.gov.ar\/wp-content\/uploads\/WhatsApp-Image-2020-12-04-at-12.51.22-170x128.jpeg 170w, https:\/\/www.defensoriaparana.gov.ar\/wp-content\/uploads\/WhatsApp-Image-2020-12-04-at-12.51.22-284x213.jpeg 284w\" alt=\"\" width=\"638\" height=\"479\" \/><\/p>\n<p><img loading=\"lazy\" class=\"alignnone  wp-image-7797\" src=\"http:\/\/www.defensoriaparana.gov.ar\/wp-content\/uploads\/WhatsApp-Image-2020-12-04-at-18.21.26.jpeg\" sizes=\"(max-width: 576px) 100vw, 576px\" srcset=\"https:\/\/www.defensoriaparana.gov.ar\/wp-content\/uploads\/WhatsApp-Image-2020-12-04-at-18.21.26.jpeg 1032w, https:\/\/www.defensoriaparana.gov.ar\/wp-content\/uploads\/WhatsApp-Image-2020-12-04-at-18.21.26-300x225.jpeg 300w, https:\/\/www.defensoriaparana.gov.ar\/wp-content\/uploads\/WhatsApp-Image-2020-12-04-at-18.21.26-768x576.jpeg 768w, https:\/\/www.defensoriaparana.gov.ar\/wp-content\/uploads\/WhatsApp-Image-2020-12-04-at-18.21.26-1024x768.jpeg 1024w, https:\/\/www.defensoriaparana.gov.ar\/wp-content\/uploads\/WhatsApp-Image-2020-12-04-at-18.21.26-170x128.jpeg 170w, https:\/\/www.defensoriaparana.gov.ar\/wp-content\/uploads\/WhatsApp-Image-2020-12-04-at-18.21.26-284x213.jpeg 284w\" alt=\"\" width=\"576\" height=\"432\" \/><\/p>\n<p><img loading=\"lazy\" class=\"alignnone  wp-image-7796\" src=\"http:\/\/www.defensoriaparana.gov.ar\/wp-content\/uploads\/WhatsApp-Image-2020-12-04-at-12.51.25-2.jpeg\" sizes=\"(max-width: 478px) 100vw, 478px\" srcset=\"https:\/\/www.defensoriaparana.gov.ar\/wp-content\/uploads\/WhatsApp-Image-2020-12-04-at-12.51.25-2.jpeg 1032w, https:\/\/www.defensoriaparana.gov.ar\/wp-content\/uploads\/WhatsApp-Image-2020-12-04-at-12.51.25-2-300x225.jpeg 300w, https:\/\/www.defensoriaparana.gov.ar\/wp-content\/uploads\/WhatsApp-Image-2020-12-04-at-12.51.25-2-768x576.jpeg 768w, https:\/\/www.defensoriaparana.gov.ar\/wp-content\/uploads\/WhatsApp-Image-2020-12-04-at-12.51.25-2-1024x768.jpeg 1024w, https:\/\/www.defensoriaparana.gov.ar\/wp-content\/uploads\/WhatsApp-Image-2020-12-04-at-12.51.25-2-170x128.jpeg 170w, https:\/\/www.defensoriaparana.gov.ar\/wp-content\/uploads\/WhatsApp-Image-2020-12-04-at-12.51.25-2-284x213.jpeg 284w\" alt=\"\" width=\"478\" height=\"359\" \/><\/p>\n<p><img loading=\"lazy\" class=\"alignnone  wp-image-7795\" src=\"http:\/\/www.defensoriaparana.gov.ar\/wp-content\/uploads\/WhatsApp-Image-2020-12-04-at-18.21.27.jpeg\" sizes=\"(max-width: 466px) 100vw, 466px\" srcset=\"https:\/\/www.defensoriaparana.gov.ar\/wp-content\/uploads\/WhatsApp-Image-2020-12-04-at-18.21.27.jpeg 1032w, https:\/\/www.defensoriaparana.gov.ar\/wp-content\/uploads\/WhatsApp-Image-2020-12-04-at-18.21.27-300x225.jpeg 300w, https:\/\/www.defensoriaparana.gov.ar\/wp-content\/uploads\/WhatsApp-Image-2020-12-04-at-18.21.27-768x576.jpeg 768w, https:\/\/www.defensoriaparana.gov.ar\/wp-content\/uploads\/WhatsApp-Image-2020-12-04-at-18.21.27-1024x768.jpeg 1024w, https:\/\/www.defensoriaparana.gov.ar\/wp-content\/uploads\/WhatsApp-Image-2020-12-04-at-18.21.27-170x128.jpeg 170w, https:\/\/www.defensoriaparana.gov.ar\/wp-content\/uploads\/WhatsApp-Image-2020-12-04-at-18.21.27-284x213.jpeg 284w\" alt=\"\" width=\"466\" height=\"350\" \/><\/p>\n","protected":false},"excerpt":{"rendered":"<p>En conmemoraci\u00f3n del D\u00eda Internacional de las Personas con Discapacidad, el jueves 3 se realiz\u00f3 una Jornada por la Inclusi\u00f3n en el Centro Integrador Comunitario (CIC) II Este. Se pint\u00f3 un mural colaborativo, hubo m\u00fasica en vivo y puestos de ventas de producci\u00f3n de huertas comunitarias y de muebles de madera, hechos por personas en [&hellip;]<\/p>\n","protected":false},"author":1,"featured_media":0,"comment_status":"open","ping_status":"open","sticky":false,"template":"","format":"standard","meta":{"om_disable_all_campaigns":false,"_monsterinsights_skip_tracking":false,"_monsterinsights_sitenote_active":false,"_monsterinsights_sitenote_note":"","_monsterinsights_sitenote_category":0},"categories":[1],"tags":[],"_links":{"self":[{"href":"https:\/\/defensoriaparana.com.ar\/index.php\/wp-json\/wp\/v2\/posts\/3022"}],"collection":[{"href":"https:\/\/defensoriaparana.com.ar\/index.php\/wp-json\/wp\/v2\/posts"}],"about":[{"href":"https:\/\/defensoriaparana.com.ar\/index.php\/wp-json\/wp\/v2\/types\/post"}],"author":[{"embeddable":true,"href":"https:\/\/defensoriaparana.com.ar\/index.php\/wp-json\/wp\/v2\/users\/1"}],"replies":[{"embeddable":true,"href":"https:\/\/defensoriaparana.com.ar\/index.php\/wp-json\/wp\/v2\/comments?post=3022"}],"version-history":[{"count":1,"href":"https:\/\/defensoriaparana.com.ar\/index.php\/wp-json\/wp\/v2\/posts\/3022\/revisions"}],"predecessor-version":[{"id":3025,"href":"https:\/\/defensoriaparana.com.ar\/index.php\/wp-json\/wp\/v2\/posts\/3022\/revisions\/3025"}],"wp:attachment":[{"href":"https:\/\/defensoriaparana.com.ar\/index.php\/wp-json\/wp\/v2\/media?parent=3022"}],"wp:term":[{"taxonomy":"category","embeddable":true,"href":"https:\/\/defensoriaparana.com.ar\/index.php\/wp-json\/wp\/v2\/categories?post=3022"},{"taxonomy":"post_tag","embeddable":true,"href":"https:\/\/defensoriaparana.com.ar\/index.php\/wp-json\/wp\/v2\/tags?post=3022"}],"curies":[{"name":"wp","href":"https:\/\/api.w.org\/{rel}","templated":true}]}}