{"id":3024,"date":"2021-11-28T22:45:17","date_gmt":"2021-11-28T22:45:17","guid":{"rendered":"http:\/\/defensoriaparana.com.ar\/?p=3024"},"modified":"2022-08-17T22:47:11","modified_gmt":"2022-08-17T22:47:11","slug":"agua-preocupacion-de-la-defensoria-del-pueblo-por-la-actual-situacion","status":"publish","type":"post","link":"https:\/\/defensoriaparana.com.ar\/index.php\/2021\/11\/28\/agua-preocupacion-de-la-defensoria-del-pueblo-por-la-actual-situacion\/","title":{"rendered":"Agua: Preocupaci\u00f3n de la Defensor\u00eda del Pueblo por la actual situaci\u00f3n"},"content":{"rendered":"<p>La Defensor\u00eda del Pueblo de la Ciudad de Paran\u00e1 expresa su preocupaci\u00f3n ante la grave situaci\u00f3n de la bajante del r\u00edo y la declaraci\u00f3n de emergencia h\u00eddrica, debido a que el agua es un elemento fundamental para la vida y la salud.<\/p>\n<p>En funci\u00f3n de ello, insta a la poblaci\u00f3n al consumo responsable y solidario del agua y a dar cuenta del mal uso, de p\u00e9rdidas o roturas de ca\u00f1er\u00edas denunciando dichas situaciones ante la autoridad local. Asimismo, solicita al Municipio que realice un estricto control no solo sobre el excesivo consumo sino tambi\u00e9n por las p\u00e9rdida y\/ o roturas que pudieran existir para que este recurso llegue equitativamente a toda la ciudadan\u00eda.<\/p>\n","protected":false},"excerpt":{"rendered":"<p>La Defensor\u00eda del Pueblo de la Ciudad de Paran\u00e1 expresa su preocupaci\u00f3n ante la grave situaci\u00f3n de la bajante del r\u00edo y la declaraci\u00f3n de emergencia h\u00eddrica, debido a que el agua es un elemento fundamental para la vida y la salud. En funci\u00f3n de ello, insta a la poblaci\u00f3n al consumo responsable y solidario [&hellip;]<\/p>\n","protected":false},"author":1,"featured_media":0,"comment_status":"open","ping_status":"open","sticky":false,"template":"","format":"standard","meta":{"om_disable_all_campaigns":false,"_monsterinsights_skip_tracking":false,"_monsterinsights_sitenote_active":false,"_monsterinsights_sitenote_note":"","_monsterinsights_sitenote_category":0},"categories":[1],"tags":[],"_links":{"self":[{"href":"https:\/\/defensoriaparana.com.ar\/index.php\/wp-json\/wp\/v2\/posts\/3024"}],"collection":[{"href":"https:\/\/defensoriaparana.com.ar\/index.php\/wp-json\/wp\/v2\/posts"}],"about":[{"href":"https:\/\/defensoriaparana.com.ar\/index.php\/wp-json\/wp\/v2\/types\/post"}],"author":[{"embeddable":true,"href":"https:\/\/defensoriaparana.com.ar\/index.php\/wp-json\/wp\/v2\/users\/1"}],"replies":[{"embeddable":true,"href":"https:\/\/defensoriaparana.com.ar\/index.php\/wp-json\/wp\/v2\/comments?post=3024"}],"version-history":[{"count":2,"href":"https:\/\/defensoriaparana.com.ar\/index.php\/wp-json\/wp\/v2\/posts\/3024\/revisions"}],"predecessor-version":[{"id":3028,"href":"https:\/\/defensoriaparana.com.ar\/index.php\/wp-json\/wp\/v2\/posts\/3024\/revisions\/3028"}],"wp:attachment":[{"href":"https:\/\/defensoriaparana.com.ar\/index.php\/wp-json\/wp\/v2\/media?parent=3024"}],"wp:term":[{"taxonomy":"category","embeddable":true,"href":"https:\/\/defensoriaparana.com.ar\/index.php\/wp-json\/wp\/v2\/categories?post=3024"},{"taxonomy":"post_tag","embeddable":true,"href":"https:\/\/defensoriaparana.com.ar\/index.php\/wp-json\/wp\/v2\/tags?post=3024"}],"curies":[{"name":"wp","href":"https:\/\/api.w.org\/{rel}","templated":true}]}}