{"id":3030,"date":"2021-11-10T22:47:20","date_gmt":"2021-11-10T22:47:20","guid":{"rendered":"http:\/\/defensoriaparana.com.ar\/?p=3030"},"modified":"2022-08-17T22:48:35","modified_gmt":"2022-08-17T22:48:35","slug":"3030","status":"publish","type":"post","link":"https:\/\/defensoriaparana.com.ar\/index.php\/2021\/11\/10\/3030\/","title":{"rendered":""},"content":{"rendered":"<p>La Defensora del Pueblo de la Ciudad de Paran\u00e1, Dra. Marcia L\u00f3pez y el Rector de la Universidad Aut\u00f3noma de Entre R\u00edos (Uader), Bioing. An\u00edbal Sattler, firmaron un convenio de colaboraci\u00f3n para que la instituci\u00f3n \u00a0desempe\u00f1e el rol de veedora externa en los pr\u00f3ximos comicios electorales de renovaci\u00f3n de autoridades en la casa de altos estudios.<\/p>\n<p>La tarea se concentrar\u00e1 en las jornadas del 1 y 2 de diciembre, d\u00edas en que se realizar\u00e1 la elecci\u00f3n de representantes de los claustros ante Consejo Directivo, en la Facultad de Humanidades, Artes y Ciencias Sociales (FHAyCS) y del claustro administrativo de la Universidad. En las dem\u00e1s unidades acad\u00e9micas -Facultad de Ciencias de la Gesti\u00f3n, Facultad de Ciencia y Tecnolog\u00eda y Facultad de Ciencias de la Vida y la Salud- se proclamaron listas \u00fanicas.<\/p>\n<p>En los fundamentos del convenio, se menciona que la posibilidad de designar veedores externos est\u00e1 contemplada en la Resoluci\u00f3n CS N\u00b0246-20 de la Universidad, con el fin de velar por el cumplimiento del proceso electoral. Para ello, la Uader propuso a la Defensor\u00eda del Pueblo de Paran\u00e1, tras considerar que se trata de una instituci\u00f3n independiente de los gobiernos de turno, que act\u00faa con plena libertad de criterio y autonom\u00eda funcional, en pos de defender, proteger y promover los derechos humanos de los habitantes de la ciudad.<\/p>\n<p>Tambi\u00e9n rubric\u00f3 el acuerdo de partes la Decana de la FHAyCS, Mg. Mar\u00eda Gracia Benedetti, y participaron la Defensora del Pueblo Adjunta, Cecilia Pautaso, y \u00a0Mariano Camoirano, por Uader.<\/p>\n<div id=\"attachment_7696\" class=\"wp-caption alignnone\"><img loading=\"lazy\" class=\" wp-image-7696\" src=\"http:\/\/www.defensoriaparana.gov.ar\/wp-content\/uploads\/Firma2-1.jpg\" sizes=\"(max-width: 563px) 100vw, 563px\" srcset=\"https:\/\/www.defensoriaparana.gov.ar\/wp-content\/uploads\/Firma2-1.jpg 971w, https:\/\/www.defensoriaparana.gov.ar\/wp-content\/uploads\/Firma2-1-300x225.jpg 300w, https:\/\/www.defensoriaparana.gov.ar\/wp-content\/uploads\/Firma2-1-768x575.jpg 768w, https:\/\/www.defensoriaparana.gov.ar\/wp-content\/uploads\/Firma2-1-170x127.jpg 170w, https:\/\/www.defensoriaparana.gov.ar\/wp-content\/uploads\/Firma2-1-284x213.jpg 284w\" alt=\"\" width=\"563\" height=\"422\" \/><\/p>\n<p class=\"wp-caption-text\">Las Defensoras del Pueblo el Rector, la Decana y Mariano Camoriano.<\/p>\n<\/div>\n<p>Durante el encuentro, que tuvo lugar en la sede de la Defensor\u00eda, en calle Monte Caseros 159, se analizaron las condiciones imperantes a partir del Covid-19, con incidencia en la vida personal, comunitaria e institucional, y en medidas dispuestas para el acto eleccionario, como la instrumentaci\u00f3n de la posibilidad del voto por correo en la totalidad de los claustros.<\/p>\n","protected":false},"excerpt":{"rendered":"<p>La Defensora del Pueblo de la Ciudad de Paran\u00e1, Dra. Marcia L\u00f3pez y el Rector de la Universidad Aut\u00f3noma de Entre R\u00edos (Uader), Bioing. An\u00edbal Sattler, firmaron un convenio de colaboraci\u00f3n para que la instituci\u00f3n \u00a0desempe\u00f1e el rol de veedora externa en los pr\u00f3ximos comicios electorales de renovaci\u00f3n de autoridades en la casa de altos [&hellip;]<\/p>\n","protected":false},"author":1,"featured_media":0,"comment_status":"open","ping_status":"open","sticky":false,"template":"","format":"standard","meta":{"om_disable_all_campaigns":false,"_monsterinsights_skip_tracking":false,"_monsterinsights_sitenote_active":false,"_monsterinsights_sitenote_note":"","_monsterinsights_sitenote_category":0},"categories":[1],"tags":[],"_links":{"self":[{"href":"https:\/\/defensoriaparana.com.ar\/index.php\/wp-json\/wp\/v2\/posts\/3030"}],"collection":[{"href":"https:\/\/defensoriaparana.com.ar\/index.php\/wp-json\/wp\/v2\/posts"}],"about":[{"href":"https:\/\/defensoriaparana.com.ar\/index.php\/wp-json\/wp\/v2\/types\/post"}],"author":[{"embeddable":true,"href":"https:\/\/defensoriaparana.com.ar\/index.php\/wp-json\/wp\/v2\/users\/1"}],"replies":[{"embeddable":true,"href":"https:\/\/defensoriaparana.com.ar\/index.php\/wp-json\/wp\/v2\/comments?post=3030"}],"version-history":[{"count":1,"href":"https:\/\/defensoriaparana.com.ar\/index.php\/wp-json\/wp\/v2\/posts\/3030\/revisions"}],"predecessor-version":[{"id":3033,"href":"https:\/\/defensoriaparana.com.ar\/index.php\/wp-json\/wp\/v2\/posts\/3030\/revisions\/3033"}],"wp:attachment":[{"href":"https:\/\/defensoriaparana.com.ar\/index.php\/wp-json\/wp\/v2\/media?parent=3030"}],"wp:term":[{"taxonomy":"category","embeddable":true,"href":"https:\/\/defensoriaparana.com.ar\/index.php\/wp-json\/wp\/v2\/categories?post=3030"},{"taxonomy":"post_tag","embeddable":true,"href":"https:\/\/defensoriaparana.com.ar\/index.php\/wp-json\/wp\/v2\/tags?post=3030"}],"curies":[{"name":"wp","href":"https:\/\/api.w.org\/{rel}","templated":true}]}}