{"id":3038,"date":"2011-04-13T22:48:57","date_gmt":"2011-04-13T22:48:57","guid":{"rendered":"http:\/\/defensoriaparana.com.ar\/?p=3038"},"modified":"2022-08-17T22:50:14","modified_gmt":"2022-08-17T22:50:14","slug":"por-falta-de-condiciones-la-escuela-tabare-continuara-sin-clases","status":"publish","type":"post","link":"https:\/\/defensoriaparana.com.ar\/index.php\/2011\/04\/13\/por-falta-de-condiciones-la-escuela-tabare-continuara-sin-clases\/","title":{"rendered":"Por falta de condiciones la escuela Tabar\u00e9 continuar\u00e1 sin clases"},"content":{"rendered":"<p>Lo aconsej\u00f3 el defensor del Pueblo de Paran\u00e1, Luis Garay. Los padres de los alumnos exigieron un informe t\u00e9cnico a autoridades de la Direcci\u00f3n Departamental de Escuelas. Este mi\u00e9rcoles se realizar\u00e1 una nueva reuni\u00f3n para analizar la problem\u00e1tica.<\/p>\n<p>El defensor del Pueblo de Paran\u00e1, Luis Garay, aconsej\u00f3 que no se reinicien las clases en la Escuela N\u00b0 99 Tabar\u00e9, durante una reuni\u00f3n entre distintas comisiones que se celebr\u00f3 en la tarde de este martes en la Capilla Perpetuo Socorro, ubicada en inmediaciones del establecimiento, al t\u00e9rmino de la cual se acord\u00f3 el no inicio.<\/p>\n<p>&nbsp;<\/p>\n<p>La recomendaci\u00f3n del funcionario se apoy\u00f3 en un pedido de los padres de alumnos que concurren al establecimiento, los cuales exigieron un informe por escrito a los t\u00e9cnicos de Medio Ambiente de la Municipalidad de Paran\u00e1.<\/p>\n<p>En di\u00e1logo con\u00a0<strong>UNO,<\/strong>\u00a0Adriana T\u00f3rtul, delegada de la instituci\u00f3n educativa, confirm\u00f3 la informaci\u00f3n explicando que \u201cel Defensor del Pueblo tom\u00f3 la determinaci\u00f3n y luego se la comunic\u00f3 al director Departamental de Escuelas, Roque Caviglia\u201d.<\/p>\n<p>Acto seguido al docente se\u00f1al\u00f3 que \u201cesta tarde se tomaron muestras de agua del tanque, pero no se llev\u00f3 a cabo una desinfecci\u00f3n a fondo\u201d.<\/p>\n<p>De todos modos, en la continuidad de su alocuci\u00f3n consider\u00f3 que \u201cmuchos vecinos de la zona no prestaron colaboraci\u00f3n con los t\u00e9cnicos de Medio Ambiente\u201d, entonces \u201chasta el momento no se pudo determinar de d\u00f3nde provienen los olores\u201d.<\/p>\n<p>\u201cLos padres reclamaron que se elabore un informe pormenorizado de todo lo que se hizo hasta el momento. Sin ese documento no van a mandar a los chicos a clases\u201d, precis\u00f3 la directiva.<\/p>\n<p>\u201cPara ellos \u2013por los t\u00e9cnicos\u2013 no hay nada, pero s\u00f3lo se limitaron a inspeccionar un galp\u00f3n ubicado en el fondo de la escuela\u201d, agreg\u00f3.<\/p>\n<p>Seg\u00fan indic\u00f3 \u201clos estudios m\u00e9dicos revelaron que tanto alumnos como docentes sufrieron intoxicaci\u00f3n por inhalaci\u00f3n\u201d, asimismo acot\u00f3: \u201cEl agua del taque tiene un sabor pastoso; yo misma lo comprob\u00e9\u201d.<\/p>\n<p>Diferentes comisiones se volver\u00e1n a reunir este mi\u00e9rcoles, desde las 10, en la capilla Perpetuo Socorro, con el objetivo de encontrar una soluci\u00f3n a esta problem\u00e1tica.<\/p>\n<p>FUENTE: DIARIO UNO<\/p>\n","protected":false},"excerpt":{"rendered":"<p>Lo aconsej\u00f3 el defensor del Pueblo de Paran\u00e1, Luis Garay. Los padres de los alumnos exigieron un informe t\u00e9cnico a autoridades de la Direcci\u00f3n Departamental de Escuelas. Este mi\u00e9rcoles se realizar\u00e1 una nueva reuni\u00f3n para analizar la problem\u00e1tica. El defensor del Pueblo de Paran\u00e1, Luis Garay, aconsej\u00f3 que no se reinicien las clases en la [&hellip;]<\/p>\n","protected":false},"author":1,"featured_media":0,"comment_status":"open","ping_status":"open","sticky":false,"template":"","format":"standard","meta":{"om_disable_all_campaigns":false,"_monsterinsights_skip_tracking":false,"_monsterinsights_sitenote_active":false,"_monsterinsights_sitenote_note":"","_monsterinsights_sitenote_category":0},"categories":[1],"tags":[],"_links":{"self":[{"href":"https:\/\/defensoriaparana.com.ar\/index.php\/wp-json\/wp\/v2\/posts\/3038"}],"collection":[{"href":"https:\/\/defensoriaparana.com.ar\/index.php\/wp-json\/wp\/v2\/posts"}],"about":[{"href":"https:\/\/defensoriaparana.com.ar\/index.php\/wp-json\/wp\/v2\/types\/post"}],"author":[{"embeddable":true,"href":"https:\/\/defensoriaparana.com.ar\/index.php\/wp-json\/wp\/v2\/users\/1"}],"replies":[{"embeddable":true,"href":"https:\/\/defensoriaparana.com.ar\/index.php\/wp-json\/wp\/v2\/comments?post=3038"}],"version-history":[{"count":1,"href":"https:\/\/defensoriaparana.com.ar\/index.php\/wp-json\/wp\/v2\/posts\/3038\/revisions"}],"predecessor-version":[{"id":3041,"href":"https:\/\/defensoriaparana.com.ar\/index.php\/wp-json\/wp\/v2\/posts\/3038\/revisions\/3041"}],"wp:attachment":[{"href":"https:\/\/defensoriaparana.com.ar\/index.php\/wp-json\/wp\/v2\/media?parent=3038"}],"wp:term":[{"taxonomy":"category","embeddable":true,"href":"https:\/\/defensoriaparana.com.ar\/index.php\/wp-json\/wp\/v2\/categories?post=3038"},{"taxonomy":"post_tag","embeddable":true,"href":"https:\/\/defensoriaparana.com.ar\/index.php\/wp-json\/wp\/v2\/tags?post=3038"}],"curies":[{"name":"wp","href":"https:\/\/api.w.org\/{rel}","templated":true}]}}