{"id":3040,"date":"2011-04-10T22:48:58","date_gmt":"2011-04-10T22:48:58","guid":{"rendered":"http:\/\/defensoriaparana.com.ar\/?p=3040"},"modified":"2022-08-17T22:50:51","modified_gmt":"2022-08-17T22:50:51","slug":"tras-los-reclamos-midieron-la-potencia-de-la-antena-de-tv-digital","status":"publish","type":"post","link":"https:\/\/defensoriaparana.com.ar\/index.php\/2011\/04\/10\/tras-los-reclamos-midieron-la-potencia-de-la-antena-de-tv-digital\/","title":{"rendered":"Tras los reclamos, midieron la potencia de la antena de TV digital"},"content":{"rendered":"<p><em>Funcionarios y t\u00e9cnicos de la Comisi\u00f3n Nacional de Comunicaciones estuvieron en Paran\u00e1 este lunes y ayer con el fin de realizar mediciones de la nueva antena de TV digital que se levant\u00f3 en jurisdicci\u00f3n de la vecinal Kentenich, en la ciudad de Paran\u00e1, y que provoc\u00f3 una movilizaci\u00f3n de ciudadanos que no ten\u00edan ninguna informaci\u00f3n al respecto. Justamente, y a ra\u00edz de estos reclamos, el Consejo Provincial de Pol\u00edticas Comunicacionales gestion\u00f3 una reuni\u00f3n de los t\u00e9cnicos de la CNC con vecinales y funcionarios comunales para que \u00e9sta explique el alcance y funcionamiento de la antena de TV digital.<\/em><\/p>\n<p>La inquietud entre los vecinos se suscit\u00f3 tras la aparici\u00f3n repentina de la estructura en los terrenos del Ej\u00e9rcito, en la zona de Espejo y Del Barco Centenera. Por esta raz\u00f3n empezaron a pedir explicaciones al municipio, y presentaron el problema ante la Defensor\u00eda del Pueblo.\u00a0Finalmente, ayer desde las 19 se realiz\u00f3 una reuni\u00f3n en la Casa de Gobierno, en la que expuso el coordinador del Sistema Nacional de Comprobaci\u00f3n T\u00e9cnica de Emisiones, ingeniero V\u00edctor Frizzera. Estuvieron vecinalistas, ambientalistas, funcionarios comunales y gremios. El defensor del Pueblo, Luis Garay, resalt\u00f3 la importancia del proyecto pero sostuvo que debieron haberse presentado antes de ponerla en marcha los estudios de impacto ambiental.<\/p>\n<p><strong>Explicaciones.<\/strong><\/p>\n<p>En primer lugar, Frizzera disert\u00f3 a partir de un power point explicando el m\u00e9todo de medici\u00f3n de radiaciones de antenas tanto de telefon\u00eda celular como de radio y televisi\u00f3n. Luego se abri\u00f3 el debate. Entre otras cosas, el t\u00e9cnico inform\u00f3 que este lunes se realiz\u00f3 la medici\u00f3n de la potencia de la antena de TV digital en barrio Kentenich y que dio por debajo de los niveles m\u00e1ximos aceptables. \u201cLas mediciones en la antena de TV digital dieron un total de 0,0004 vatios por cm2, mientras el m\u00e1ximo aceptado es 0,25 vatios por cm2\u201d, tranquiliz\u00f3 el Frizzera. Luego, se\u00f1al\u00f3 que \u201clas mediciones en la playa de estacionamiento en Casa de Gobierno dieron n\u00fameros hasta 10 veces mayores que lo que marc\u00f3 la antena de TV digital\u201d, compar\u00f3. Asimismo, dijo que mientras \u201clas se\u00f1ales de TV anal\u00f3gica de aire tienen una potencia de 10 mil vatios, las 10 antenas de TV digital en prueba que hay en el pa\u00eds tienen 1000 vatios de potencia\u201d, es decir, la potencia es menor con esta nueva tecnolog\u00eda.<\/p>\n<p><strong>Sin estudios.<\/strong><\/p>\n<p>\u201cEl problema se plante\u00f3 porque la gente que instal\u00f3 la antena de televisi\u00f3n digital y est\u00e1 faltando algo que es muy importante, que es el estudio de impacto ambiental. Hasta tanto no est\u00e9 toda la documentaci\u00f3n que se necesita para funcionar, esa antena de TV digital tampoco podr\u00eda estar funcionando\u201d, sostuvo en tanto el defensor del Pueblo de Paran\u00e1, Luis Garay. Reflexion\u00f3 luego que el proyecto de la TV digital \u201ces muy interesante pues transmitir\u00e1 en forma gratuita 9 canales por aire pero lo que yo creo es que se pueden hacer las cosas bien, que es lo que no se hizo\u201d. As\u00ed, \u201cprimero se hubiera podido hacer toda la presentaci\u00f3n como corresponde en el municipio y pedir las autorizaciones, y luego a partir de ah\u00ed, con la autorizaci\u00f3n de la comuna, que da el acuerdo para que empiece a instalarse la antena\u201d, comenzar los trabajos, finaliz\u00f3 diciendo.<\/p>\n<p>FUENTE: EL DIARIO DE PARANA<\/p>\n","protected":false},"excerpt":{"rendered":"<p>Funcionarios y t\u00e9cnicos de la Comisi\u00f3n Nacional de Comunicaciones estuvieron en Paran\u00e1 este lunes y ayer con el fin de realizar mediciones de la nueva antena de TV digital que se levant\u00f3 en jurisdicci\u00f3n de la vecinal Kentenich, en la ciudad de Paran\u00e1, y que provoc\u00f3 una movilizaci\u00f3n de ciudadanos que no ten\u00edan ninguna informaci\u00f3n [&hellip;]<\/p>\n","protected":false},"author":1,"featured_media":0,"comment_status":"open","ping_status":"open","sticky":false,"template":"","format":"standard","meta":{"om_disable_all_campaigns":false,"_monsterinsights_skip_tracking":false,"_monsterinsights_sitenote_active":false,"_monsterinsights_sitenote_note":"","_monsterinsights_sitenote_category":0},"categories":[1],"tags":[],"_links":{"self":[{"href":"https:\/\/defensoriaparana.com.ar\/index.php\/wp-json\/wp\/v2\/posts\/3040"}],"collection":[{"href":"https:\/\/defensoriaparana.com.ar\/index.php\/wp-json\/wp\/v2\/posts"}],"about":[{"href":"https:\/\/defensoriaparana.com.ar\/index.php\/wp-json\/wp\/v2\/types\/post"}],"author":[{"embeddable":true,"href":"https:\/\/defensoriaparana.com.ar\/index.php\/wp-json\/wp\/v2\/users\/1"}],"replies":[{"embeddable":true,"href":"https:\/\/defensoriaparana.com.ar\/index.php\/wp-json\/wp\/v2\/comments?post=3040"}],"version-history":[{"count":1,"href":"https:\/\/defensoriaparana.com.ar\/index.php\/wp-json\/wp\/v2\/posts\/3040\/revisions"}],"predecessor-version":[{"id":3043,"href":"https:\/\/defensoriaparana.com.ar\/index.php\/wp-json\/wp\/v2\/posts\/3040\/revisions\/3043"}],"wp:attachment":[{"href":"https:\/\/defensoriaparana.com.ar\/index.php\/wp-json\/wp\/v2\/media?parent=3040"}],"wp:term":[{"taxonomy":"category","embeddable":true,"href":"https:\/\/defensoriaparana.com.ar\/index.php\/wp-json\/wp\/v2\/categories?post=3040"},{"taxonomy":"post_tag","embeddable":true,"href":"https:\/\/defensoriaparana.com.ar\/index.php\/wp-json\/wp\/v2\/tags?post=3040"}],"curies":[{"name":"wp","href":"https:\/\/api.w.org\/{rel}","templated":true}]}}