{"id":3044,"date":"2011-06-25T22:50:57","date_gmt":"2011-06-25T22:50:57","guid":{"rendered":"http:\/\/defensoriaparana.com.ar\/?p=3044"},"modified":"2022-08-17T22:52:12","modified_gmt":"2022-08-17T22:52:12","slug":"reconocidos-especialistas-en-mediacion-brindaron-capacitacion-ante-un-nutrido-auditorio","status":"publish","type":"post","link":"https:\/\/defensoriaparana.com.ar\/index.php\/2011\/06\/25\/reconocidos-especialistas-en-mediacion-brindaron-capacitacion-ante-un-nutrido-auditorio\/","title":{"rendered":"Reconocidos especialistas en mediaci\u00f3n brindaron capacitaci\u00f3n ante un nutrido auditorio"},"content":{"rendered":"<p>Los abogados Francisco Diez y Alejandro Nat\u00f3, dos de los m\u00e1s importantes mediadores a nivel nacional y de trayectoria, experiencia y reconocimiento en el \u00e1mbito internacional, visitaron la ciudad, invitados por el Centro de Mediaci\u00f3n de la Defensor\u00eda del Pueblo de Paran\u00e1.<\/p>\n<p>Los especialistas llegaron para dictar el curso de capacitaci\u00f3n anual\u00a0<em>Abordaje de conflictos complejos en el \u00e1mbito comunitario<\/em>, al que asisti\u00f3 un centenar de mediadores, integrantes del registro del Centro de Mediaci\u00f3n. Dicho n\u00f3mina est\u00e1 conformada por 140 mediadores, todos profesionales que brindan su tiempo y experiencia ad honorem en los conflictos de convivencia entre vecinos.<\/p>\n<p>\u201cQueremos pasar de la cultura de la competencia a la cultura de la colaboraci\u00f3n\u201d, dijo Alejandro Nat\u00f3, al referirse al esp\u00edritu de la mediaci\u00f3n.<\/p>\n<p>&nbsp;<\/p>\n<p>Un espacio<\/p>\n<p>\u201cLa mediaci\u00f3n abre un espacio que no exist\u00eda\u201d, porque antes cuando las partes en conflicto no pod\u00edan resolver la confrontaci\u00f3n, \u201clo \u00fanico que (quedaba) era ir a la Justicia\u201d. En cambio ahora \u201cla mediaci\u00f3n abre un espacio adicional, genera su propio espacio, que se est\u00e1 profesionalizando cada vez m\u00e1s\u201d, afirm\u00f3 Diez, en declaraciones period\u00edsticas.<\/p>\n<p>Seguidamente, Nat\u00f3 cont\u00f3 que ambos tienen \u201cmuchos a\u00f1os de experiencia. Los dos desde muy j\u00f3venes trabajamos en conflictos, primero en la vida, por ser dirigentes estudiantiles y sindicales. Luego, a partir del cambio de paradigma de trabajar para colaborar en los conflictos, hemos abrazado esta causa\u201d, asegur\u00f3.<\/p>\n<p>Remarc\u00f3 que comenzaron en esta tarea con el objetivo de \u201cbrindar herramientas de soluci\u00f3n de conflictos de modo \u00fatil, \u00e1gil, a trav\u00e9s de la mediaci\u00f3n, con una concepci\u00f3n de la cultura de la paz y un enfoque ideol\u00f3gico para los conflictos sociales\u201d. Tras comentar que fueron convocados por la Defensor\u00eda del Pueblo de la ciudad para dictar un curso, Nat\u00f3 se refiri\u00f3 a los problemas vecinales: \u201cA estos conflictos se les llama de menor cuant\u00eda, y para los vecinos no lo son. Son importantes, complejos, se llega a la violencia, los golpes y hasta la muerte por este tipo de conflicto\u201d.<\/p>\n<p>\u201cEl di\u00e1logo no es suficiente\u201d<\/p>\n<p>Francisco Diez sostuvo en declaraciones APF que \u201cel di\u00e1logo por s\u00ed solo habitualmente no es suficiente. A veces se transforma en pelea. Entonces el mediador tiene que tener herramientas que le permitan ayudar a cada una de las partes en conflicto, para manejar su manera de mirar la situaci\u00f3n y poder encontrar formas de aceptar la manera de mirar la situaci\u00f3n que el otro tiene, y as\u00ed encontrar territorios en com\u00fan para hacer acto la convivencia\u201d. En ese sentido, indic\u00f3 que \u00abla mediaci\u00f3n abre un espacio que no exist\u00eda\u00bb y que antes, la opci\u00f3n era recurrir a la justicia.<\/p>\n<p>Asegur\u00f3 por \u00faltimo que junto a Nat\u00f3 trabajan \u201cpara que este campo (el de la mediaci\u00f3n) quede instalado en la comunidad\u201d.<\/p>\n<p>El titular de la Defensor\u00eda del Pueblo, Luis Garay, acot\u00f3 luego que en la ciudad existen 140 mediadores, que prestan su servicio ad honorem en el Centro de Mediaci\u00f3n, el cual trabaja \u201cdesde hace 8 a\u00f1os, desde que se cre\u00f3 la Defensor\u00eda\u201d.<\/p>\n<p>Coment\u00f3 en declaraciones a APF que los conflictos m\u00e1s comunes en Paran\u00e1 tienen que ver con \u201cproblemas de medianera, de humedad, ruidos molestos, los perros\u201d.<\/p>\n<p>Antecedentes.<\/p>\n<p><strong>Francisco Diez<\/strong>\u00a0es mediador y negociador internacional, consultor independiente y capacitador. Comenz\u00f3 trabajando en el Proyecto Piloto de Mediaci\u00f3n del Ministerio de Justicia de la Naci\u00f3n (1992) en conflictos interpersonales, familiares, comerciales y judiciales, y sigui\u00f3 luego desempe\u00f1\u00e1ndose en temas de ocupaci\u00f3n de tierras, l\u00edmites entre Municipios vecinos, en la fusi\u00f3n de culturas empresarias diferentes, en negociaciones entre legislaturas y ejecutivos y en conflictos societarios en empresas familiares y Pymes.\u00a0 Ha trabajado como experto de Naciones Unidas y del Centro Carter, con Ministros, Presidentes, empresarios y l\u00edderes pol\u00edticos y sociales en las situaciones m\u00e1s diversas y conflictivas a lo largo de su carrera profesional y junto a los m\u00e1ximos expertos a nivel mundial en manejo de conflictos y gesti\u00f3n del cambio, consigna parte de su curr\u00edculum.\u00a0 Entre 2002 y 2004 fue facilitador, junto con el Secretario General de la OEA, C\u00e9sar Gaviria, en la Mesa de Negociaci\u00f3n y Acuerdos entre el Gobierno y la oposici\u00f3n en Venezuela<\/p>\n<p>&nbsp;<\/p>\n<p>&nbsp;<\/p>\n<p><strong>Alejandro Nat\u00f3<\/strong>\u00a0es mediador, especialista en conflictos p\u00fablicos y docente universitario. Fue Coordinador General de los Programas Sociales del Ministerio de Justicia de la Naci\u00f3n. (Mediaci\u00f3n Comunitaria y Centros de Asistencia Jur\u00eddica y Asistencia a la V\u00edctima (1994\/97),\u00a0 Defensor del Pueblo adjunto de la ciudad de Buenos Aires (l998\/2002) y Defensor titular en 2003. Es docente en la UBA y de los Postgrados de\u00a0 Gesti\u00f3n y Manejo de Conflictos de la UMSA (Bolivia), Universidad Complutense de Madrid y miembro del Consejo acad\u00e9mico de FUNIBER-Universidad de Le\u00f3n (Espa\u00f1a). Ha sido docente invitado de maestr\u00edas, posgrados de mediaci\u00f3n y resoluci\u00f3n de conflictos, conferencias y congresos en Italia, Portugal, Espa\u00f1a, M\u00e9xico, Puerto Rico, Paraguay, Brasil, Chile, Bolivia, Guatemala y Per\u00fa. Adem\u00e1s ha ejercido la docencia en \u00e1mbitos informales en capacitaci\u00f3n y formaci\u00f3n de l\u00edderes (ind\u00edgenas, campesinos, movimientos sociales, juventudes pol\u00edticas, etc) en temas de mediaci\u00f3n y gesti\u00f3n\/transformaci\u00f3n de conflictos sociales, temas sociales en general y derechos humanos en particular. Ha promovido y difundido la mediaci\u00f3n en casi todas las provincias argentinas. Su \u00faltima labor se relaciona con los conflictos de tierras en Bolivia.<\/p>\n<p>Ambos son socios fundadores de la Fundaci\u00f3n Mediadores en Red y miembros de la Red de Di\u00e1logo Democr\u00e1tico de Programa de Naciones Unidas para el Desarrollo (PNUD).<\/p>\n","protected":false},"excerpt":{"rendered":"<p>Los abogados Francisco Diez y Alejandro Nat\u00f3, dos de los m\u00e1s importantes mediadores a nivel nacional y de trayectoria, experiencia y reconocimiento en el \u00e1mbito internacional, visitaron la ciudad, invitados por el Centro de Mediaci\u00f3n de la Defensor\u00eda del Pueblo de Paran\u00e1. Los especialistas llegaron para dictar el curso de capacitaci\u00f3n anual\u00a0Abordaje de conflictos complejos [&hellip;]<\/p>\n","protected":false},"author":1,"featured_media":0,"comment_status":"open","ping_status":"open","sticky":false,"template":"","format":"standard","meta":{"om_disable_all_campaigns":false,"_monsterinsights_skip_tracking":false,"_monsterinsights_sitenote_active":false,"_monsterinsights_sitenote_note":"","_monsterinsights_sitenote_category":0},"categories":[1],"tags":[],"_links":{"self":[{"href":"https:\/\/defensoriaparana.com.ar\/index.php\/wp-json\/wp\/v2\/posts\/3044"}],"collection":[{"href":"https:\/\/defensoriaparana.com.ar\/index.php\/wp-json\/wp\/v2\/posts"}],"about":[{"href":"https:\/\/defensoriaparana.com.ar\/index.php\/wp-json\/wp\/v2\/types\/post"}],"author":[{"embeddable":true,"href":"https:\/\/defensoriaparana.com.ar\/index.php\/wp-json\/wp\/v2\/users\/1"}],"replies":[{"embeddable":true,"href":"https:\/\/defensoriaparana.com.ar\/index.php\/wp-json\/wp\/v2\/comments?post=3044"}],"version-history":[{"count":1,"href":"https:\/\/defensoriaparana.com.ar\/index.php\/wp-json\/wp\/v2\/posts\/3044\/revisions"}],"predecessor-version":[{"id":3047,"href":"https:\/\/defensoriaparana.com.ar\/index.php\/wp-json\/wp\/v2\/posts\/3044\/revisions\/3047"}],"wp:attachment":[{"href":"https:\/\/defensoriaparana.com.ar\/index.php\/wp-json\/wp\/v2\/media?parent=3044"}],"wp:term":[{"taxonomy":"category","embeddable":true,"href":"https:\/\/defensoriaparana.com.ar\/index.php\/wp-json\/wp\/v2\/categories?post=3044"},{"taxonomy":"post_tag","embeddable":true,"href":"https:\/\/defensoriaparana.com.ar\/index.php\/wp-json\/wp\/v2\/tags?post=3044"}],"curies":[{"name":"wp","href":"https:\/\/api.w.org\/{rel}","templated":true}]}}