{"id":3046,"date":"2011-06-02T22:50:59","date_gmt":"2011-06-02T22:50:59","guid":{"rendered":"http:\/\/defensoriaparana.com.ar\/?p=3046"},"modified":"2022-08-17T22:52:41","modified_gmt":"2022-08-17T22:52:41","slug":"visita-del-defensor-del-pueblo-de-la-provincia-de-buenos-aires","status":"publish","type":"post","link":"https:\/\/defensoriaparana.com.ar\/index.php\/2011\/06\/02\/visita-del-defensor-del-pueblo-de-la-provincia-de-buenos-aires\/","title":{"rendered":"Visita del Defensor del Pueblo de la provincia de Buenos Aires"},"content":{"rendered":"<p>El Defensor del Pueblo de la Provincia de Buenos Aires, Dr. Carlos Bonicatto, lleg\u00f3\u00a0a la ciudad en una visita a la Defensor\u00eda del Pueblo de Paran\u00e1. La intenci\u00f3n del viaje\u00a0fue conocer de cerca el trabajo de la instituci\u00f3n local, intercambiar experiencias y opiniones con los defensores paranaenses Luis Garay (titular) y Pablo Donad\u00edo (adjunto) y firmar un convenio de cooperaci\u00f3n y ayuda mediante el que las instituciones se comprometen, entre otras cosas, a brindarse capacitaci\u00f3n mutua. La r\u00fabrica del acuerdo\u00a0se concret\u00f3 el jueves 2 de junio, a las 10.30, en la sede de la Defensor\u00eda, en calle Monte Caseros 159.<br \/>\nEn el convenio -que se plantea como marco general para encarar proyectos espec\u00edficos- las instituciones coinciden en la necesidad de \u201cpromover el desarrollo de la investigaci\u00f3n, la capacitaci\u00f3n y la extensi\u00f3n como tambi\u00e9n la realizaci\u00f3n de estudios, pasant\u00edas y en general toda actividad que tienda a la formaci\u00f3n, perfeccionamiento y especializaci\u00f3n de agentes y profesionales de ambas Defensor\u00edas\u201d. Esa\u00a0 tarea se plantea a trav\u00e9s de una \u201ccomplementaci\u00f3n entre las partes, asegurando el m\u00e1ximo aprovechamiento de los recursos humanos, infraestructura e equipamiento\u201d, consigna el texto del convenio, basado en los objetivos previstos en el Estatuto de la Asociaci\u00f3n Civil de Defensores del Pueblo de la Rep\u00fablica Argentina (Adpra).<br \/>\nEl mi\u00e9rcoles, el defensor Bonicatto, junto a sus pares de Paran\u00e1,\u00a0fue recibido por autoridades del Departamento Ejecutivo municipal y del Concejo Deliberante; y por la tarde, dialog\u00f3 con personal de la Defensor\u00eda de Paran\u00e1 y segui\u00f3 un proceso de mediaci\u00f3n.<br \/>\nLa Defensor\u00eda de la Provincia de Buenos Aires es nueva en la funci\u00f3n: hace un a\u00f1o que se instituy\u00f3. La creaci\u00f3n de la figura data de 1994, con la reforma de la Constituci\u00f3n, pero en diciembre de 2009 se eligi\u00f3 el Defensor (Bonicatto) y en febrero de 2010 tom\u00f3 posesi\u00f3n del cargo al concluir su mandato como diputado provincial por el Frente por la Victoria.<br \/>\nBonicatto es abogado, graduado en 1973 de la Facultad de Ciencias Sociales y Jur\u00eddicos de la Universidad Nacional de La Plata. Los primeros a\u00f1os ejerci\u00f3 la profesi\u00f3n, ocup\u00f3 cargos p\u00fablicos y fue integrante del Consejo de la Magistratura desde su conformaci\u00f3n, en el a\u00f1o 1997. Entre 1993 a 2005 fue Diputado Provincial del Partido Justicialista de la Provincia de Buenos Aires; y entre 2005 hasta 2009 Diputado Provincial del Bloque Frente Para La Victoria. Desde el 10 de diciembre de 2005 hasta principios de diciembre de 2007, fue Vicepresidente de la Honorable C\u00e1mara de Diputados de la Provincia de Buenos Aires, consigna parte de su curr\u00edculum.<\/p>\n","protected":false},"excerpt":{"rendered":"<p>El Defensor del Pueblo de la Provincia de Buenos Aires, Dr. Carlos Bonicatto, lleg\u00f3\u00a0a la ciudad en una visita a la Defensor\u00eda del Pueblo de Paran\u00e1. La intenci\u00f3n del viaje\u00a0fue conocer de cerca el trabajo de la instituci\u00f3n local, intercambiar experiencias y opiniones con los defensores paranaenses Luis Garay (titular) y Pablo Donad\u00edo (adjunto) y [&hellip;]<\/p>\n","protected":false},"author":1,"featured_media":0,"comment_status":"open","ping_status":"open","sticky":false,"template":"","format":"standard","meta":{"om_disable_all_campaigns":false,"_monsterinsights_skip_tracking":false,"_monsterinsights_sitenote_active":false,"_monsterinsights_sitenote_note":"","_monsterinsights_sitenote_category":0},"categories":[1],"tags":[],"_links":{"self":[{"href":"https:\/\/defensoriaparana.com.ar\/index.php\/wp-json\/wp\/v2\/posts\/3046"}],"collection":[{"href":"https:\/\/defensoriaparana.com.ar\/index.php\/wp-json\/wp\/v2\/posts"}],"about":[{"href":"https:\/\/defensoriaparana.com.ar\/index.php\/wp-json\/wp\/v2\/types\/post"}],"author":[{"embeddable":true,"href":"https:\/\/defensoriaparana.com.ar\/index.php\/wp-json\/wp\/v2\/users\/1"}],"replies":[{"embeddable":true,"href":"https:\/\/defensoriaparana.com.ar\/index.php\/wp-json\/wp\/v2\/comments?post=3046"}],"version-history":[{"count":1,"href":"https:\/\/defensoriaparana.com.ar\/index.php\/wp-json\/wp\/v2\/posts\/3046\/revisions"}],"predecessor-version":[{"id":3049,"href":"https:\/\/defensoriaparana.com.ar\/index.php\/wp-json\/wp\/v2\/posts\/3046\/revisions\/3049"}],"wp:attachment":[{"href":"https:\/\/defensoriaparana.com.ar\/index.php\/wp-json\/wp\/v2\/media?parent=3046"}],"wp:term":[{"taxonomy":"category","embeddable":true,"href":"https:\/\/defensoriaparana.com.ar\/index.php\/wp-json\/wp\/v2\/categories?post=3046"},{"taxonomy":"post_tag","embeddable":true,"href":"https:\/\/defensoriaparana.com.ar\/index.php\/wp-json\/wp\/v2\/tags?post=3046"}],"curies":[{"name":"wp","href":"https:\/\/api.w.org\/{rel}","templated":true}]}}