{"id":3051,"date":"2011-08-18T22:53:04","date_gmt":"2011-08-18T22:53:04","guid":{"rendered":"http:\/\/defensoriaparana.com.ar\/?p=3051"},"modified":"2022-08-17T22:54:20","modified_gmt":"2022-08-17T22:54:20","slug":"la-defensoria-interviene-ante-la-queja-de-vecinos-por-el-incumplimiento-de-la-prohibicion-de-fumar","status":"publish","type":"post","link":"https:\/\/defensoriaparana.com.ar\/index.php\/2011\/08\/18\/la-defensoria-interviene-ante-la-queja-de-vecinos-por-el-incumplimiento-de-la-prohibicion-de-fumar\/","title":{"rendered":"La Defensor\u00eda interviene ante la queja de vecinos por el incumplimiento de la prohibici\u00f3n de fumar"},"content":{"rendered":"<p>Uno de los reclamos que ha recibido la Defensor\u00eda del Pueblo de la Ciudad de Paran\u00e1 en estos \u00faltimos meses se origina en el incumplimiento de la prohibici\u00f3n de fumar en ambientes cerrados, como oficinas de entes p\u00fablicos y tambi\u00e9n privados, aulas donde se dictan clases a estudiantes universitarios y lugares de esparcimiento, principalmente boliches bailables.<\/p>\n<p>Las quejas se han receptado v\u00eda telef\u00f3nica y personal y, la mayor\u00eda, con pedido de los reclamantes del resguardo de su identidad, pues se tratan de empleados que advierten sobre la actitud de sus jefes o de estudiantes que hacen lo propio respecto de sus pares y profesores.<\/p>\n<p>La Defensor\u00eda, en casos, ya ha enviado notas a los responsables de las instituciones se\u00f1aladas para que se adopten las medidas, en el marco de lo establecido por la legislaci\u00f3n.<\/p>\n<p>En el escrito, esta instituci\u00f3n cit\u00f3 las normas vigentes a nivel municipal, provincial y nacional. Empez\u00f3 por la ciudad, recordando que el 31 de mayo de 2008 \u2013D\u00eda de Lucha contra el Tabaco- se hizo en Paran\u00e1 el lanzamiento de la ordenanza municipal de los espacios libres 100% de humo de tabaco. Se trata de la ordenanza 8.716, que aprob\u00f3 el Concejo Deliberante en 2007 y que el Ejecutivo reglament\u00f3 en 2008.<\/p>\n<p>En tanto, en el \u00e1mbito provincial se mencion\u00f3 la existencia de la ley N\u00ba 9.862 -norma con alcances similares a los de la ordenanza 8.716 sancionada en 2008- y que promueve una \u201cEntre R\u00edos Libre de Humo y Tabaco\u201d.<\/p>\n<p>Tambi\u00e9n la Naci\u00f3n se expidi\u00f3 respecto de la necesidad de combatir el consumo de tabaco y el humo. As\u00ed, el Congreso de la Naci\u00f3n sancion\u00f3 el 1 de junio de 2011 la Ley N\u00ba 24.044 de \u201cControl del Tabaco\u201d, norma\u00a0\u00a0promulgada por la Presidencia el 13 de junio pasado.<\/p>\n<p>Alcance.<\/p>\n<p>La ley provincial proh\u00edbe fumar en lugares cerrados con acceso al p\u00fablico en general, tanto en el sector p\u00fablico como en el sector privado. Quedan comprendidos en la prohibici\u00f3n los espacios comunes a los ambientes cerrados como los pasillos, escaleras, ba\u00f1os y vest\u00edbulos.<\/p>\n<p>En tanto,\u00a0\u00a0el decreto 529 emitido por el Ejecutivo de la Municipalidad de Paran\u00e1 el 21 de abril de 2008 -por el que se reglament\u00f3 la aplicaci\u00f3n de la ordenanza 8.716-, establece que queda prohibido \u201cfumar tabaco en cualquiera de sus formas en las oficinas, locales cerrados y espacios dedicados a la atenci\u00f3n al p\u00fablico del \u00e1mbito municipal, lugares cerrados p\u00fablicos o privados, de uso p\u00fablico y de concurrencia masiva y en espacios de uso com\u00fan\u201d. Y \u201cse entiende por espacios de uso com\u00fan a los locales comerciales, corredores, escaleras, vest\u00edbulos, oficinas, locales de reuni\u00f3n cuya asistencia sea obligatoria, escuelas, salas de esperas y medios de transporte urbano de pasajeros, entre otros\u201d, consigna la ordenanza, que adem\u00e1s proh\u00edbe la venta de productos de tabaco a menores\u00a0de 18 a\u00f1os de edad (art\u00edculo 8).<\/p>\n<p>En caso de transgresiones o incumplimiento de las normas, las legislaciones provinciales y municipales establecen sanciones. Por ejemplo, la ordenanza 8.716 prev\u00e9 \u201cmultas equivalentes a quinientos (500) paquetes de cigarrillos de la marca m\u00e1s cara que circule en el pa\u00eds de venta masiva hasta tres mil (3.000) paquetes, quedando a criterio de los \u00f3rganos de control, las multas pertinentes a casos individuales, tanto al fumador y\/o al responsable de estos espacios que no hagan cumplir esta ordenanza\u201d.<\/p>\n<p>Consecuencias y preocupaci\u00f3n.<\/p>\n<p>La Defensor\u00eda, en la nota dirigida a entes p\u00fablicos de la ciudad, repar\u00f3 en la situaci\u00f3n de los fumadores pasivos. Se trata del grupo de ciudadanos que deben\u00a0respirar \u201cel aire viciado por el humo de cigarrillos en lugares de trabajo, restaurantes, transportes y sitios p\u00fablicos cerrados\u201d y que, por esa circunstancia,\u00a0\u00a0\u201ctienen m\u00e1s posibilidades de padecer c\u00e1ncer, asma, problemas card\u00edacos y otros trastornos pulmonares y respiratorios\u201d, se apunt\u00f3.<\/p>\n<p>\u201cLos riesgos y da\u00f1os comprobados en la salud de quienes no fuman pero respiran aire contaminado por el humo de cigarrillo, se acrecientan en los ni\u00f1os peque\u00f1os (fundamentalmente beb\u00e9s) y en las mujeres embarazadas, incluso se ha comprobado una relaci\u00f3n directa entre el humo de tabaco respirado y el s\u00edndrome de muerte s\u00fabita infantil. Y los ni\u00f1os expuestos al humo pueden desarrollar con mayor frecuencia neumon\u00edas, sinusitis, bronquitis, catarros y otitis de forma cr\u00f3nica. El tabaquismo pasivo constituye un peligro real para la salud y por lo tanto debe ser una preocupaci\u00f3n leg\u00edtima en el \u00e1mbito de la Salud P\u00fablica, de tanta importancia como las enfermedades infecciosas o cualquier otra causa de p\u00e9rdida de salud, el actuar sobre el mismo generar\u00e1 una mayor conciencia en los fumadores acerca del da\u00f1o y molestia que el humo de su cigarrillo causa en otros semejantes\u201d, detall\u00f3 el texto.<\/p>\n<p>As\u00ed las cosas, la Defensor\u00eda expres\u00f3 que la legislaci\u00f3n tiene por objeto \u201ccontribuir a reducir las muertes prevenibles y las enfermedades causadas por el tabaquismo\u201d, por lo que subray\u00f3 la importancia de \u201cexigir el cumplimiento de la normativa vigente\u201d y \u201cgarantizar el derecho a un medio ambiente sano\u201d.<\/p>\n","protected":false},"excerpt":{"rendered":"<p>Uno de los reclamos que ha recibido la Defensor\u00eda del Pueblo de la Ciudad de Paran\u00e1 en estos \u00faltimos meses se origina en el incumplimiento de la prohibici\u00f3n de fumar en ambientes cerrados, como oficinas de entes p\u00fablicos y tambi\u00e9n privados, aulas donde se dictan clases a estudiantes universitarios y lugares de esparcimiento, principalmente boliches [&hellip;]<\/p>\n","protected":false},"author":1,"featured_media":0,"comment_status":"open","ping_status":"open","sticky":false,"template":"","format":"standard","meta":{"om_disable_all_campaigns":false,"_monsterinsights_skip_tracking":false,"_monsterinsights_sitenote_active":false,"_monsterinsights_sitenote_note":"","_monsterinsights_sitenote_category":0},"categories":[1],"tags":[],"_links":{"self":[{"href":"https:\/\/defensoriaparana.com.ar\/index.php\/wp-json\/wp\/v2\/posts\/3051"}],"collection":[{"href":"https:\/\/defensoriaparana.com.ar\/index.php\/wp-json\/wp\/v2\/posts"}],"about":[{"href":"https:\/\/defensoriaparana.com.ar\/index.php\/wp-json\/wp\/v2\/types\/post"}],"author":[{"embeddable":true,"href":"https:\/\/defensoriaparana.com.ar\/index.php\/wp-json\/wp\/v2\/users\/1"}],"replies":[{"embeddable":true,"href":"https:\/\/defensoriaparana.com.ar\/index.php\/wp-json\/wp\/v2\/comments?post=3051"}],"version-history":[{"count":1,"href":"https:\/\/defensoriaparana.com.ar\/index.php\/wp-json\/wp\/v2\/posts\/3051\/revisions"}],"predecessor-version":[{"id":3055,"href":"https:\/\/defensoriaparana.com.ar\/index.php\/wp-json\/wp\/v2\/posts\/3051\/revisions\/3055"}],"wp:attachment":[{"href":"https:\/\/defensoriaparana.com.ar\/index.php\/wp-json\/wp\/v2\/media?parent=3051"}],"wp:term":[{"taxonomy":"category","embeddable":true,"href":"https:\/\/defensoriaparana.com.ar\/index.php\/wp-json\/wp\/v2\/categories?post=3051"},{"taxonomy":"post_tag","embeddable":true,"href":"https:\/\/defensoriaparana.com.ar\/index.php\/wp-json\/wp\/v2\/tags?post=3051"}],"curies":[{"name":"wp","href":"https:\/\/api.w.org\/{rel}","templated":true}]}}