{"id":3057,"date":"2011-10-21T22:54:27","date_gmt":"2011-10-21T22:54:27","guid":{"rendered":"http:\/\/defensoriaparana.com.ar\/?p=3057"},"modified":"2022-08-17T22:56:47","modified_gmt":"2022-08-17T22:56:47","slug":"reunion-de-instituciones-en-la-defensoria-por-el-uso-responsable-de-internet","status":"publish","type":"post","link":"https:\/\/defensoriaparana.com.ar\/index.php\/2011\/10\/21\/reunion-de-instituciones-en-la-defensoria-por-el-uso-responsable-de-internet\/","title":{"rendered":"Reuni\u00f3n de instituciones en la Defensor\u00eda por el uso responsable de internet"},"content":{"rendered":"<p>Integrantes de la Facultad de Ciencia y Tecnolog\u00eda de la Universidad Aut\u00f3noma de Entre R\u00edos (UADER), de la Polic\u00eda de Entre R\u00edos, de Polic\u00eda Federal y del Colegio Profesional de Ciencias Inform\u00e1ticas de Entre R\u00edos (COPROCIER) se reunieron ayer con los Defensores del Pueblo de la Ciudad de Paran\u00e1, Luis Garay y Pablo Donad\u00edo (adjunto).<\/p>\n<p>El tema convocante gir\u00f3 en torno de la inquietud por el uso de las redes sociales en Internet y\u00a0 la necesidad de informar y debatir \u2013principalmente con\u00a0 padres y j\u00f3venes de la ciudad-\u00a0 sobre los riesgos en la red.<\/p>\n<p>Con ese objetivo es que las cinco instituciones acordaron firmar un convenio de cooperaci\u00f3n para trabajar en conjunto y organizar una primera jornada de divulgaci\u00f3n sobre el uso responsable de las redes sociales. La actividad ser\u00e1 el 16 de noviembre en el sal\u00f3n de la Uader, en Avenida Ram\u00edrez 1143 y estar\u00e1 abierta al p\u00fablico en general.<\/p>\n<p>Participaron de la reuni\u00f3n de este jueves Patricia Vivas y Pablo R\u00e9, presidenta y vicepresidente del COPROCIER respectivamente y ambos licenciados en Sistemas de Informaci\u00f3n; Gabriel Ferro, Ingeniero en Sistema y Subcomisario de la Direcci\u00f3n Inteligencia Criminal de la Polic\u00eda de Entre R\u00edos; Juan Carlos Mondrag\u00f3n, subcomisario de la Polic\u00eda Federal de Paran\u00e1 y el Lic. Norberto Muzzachiodi, Secretario de Extensi\u00f3n de la Facultad de Ciencia y Tecnolog\u00eda de la Uader. Tambi\u00e9n particip\u00f3 el Inform\u00e1tico Edgardo Perlo, a cargo del sistema de la Defensor\u00eda y al frente \u2013en representaci\u00f3n de la instituci\u00f3n- de charlas sobre redes sociales organizadas en la localidad de Santa Elena. Uno de esos encuentros se llev\u00f3 a cabo el 14 de octubre y el segundo est\u00e1 programado para el 18 de noviembre.<\/p>\n","protected":false},"excerpt":{"rendered":"<p>Integrantes de la Facultad de Ciencia y Tecnolog\u00eda de la Universidad Aut\u00f3noma de Entre R\u00edos (UADER), de la Polic\u00eda de Entre R\u00edos, de Polic\u00eda Federal y del Colegio Profesional de Ciencias Inform\u00e1ticas de Entre R\u00edos (COPROCIER) se reunieron ayer con los Defensores del Pueblo de la Ciudad de Paran\u00e1, Luis Garay y Pablo Donad\u00edo (adjunto). [&hellip;]<\/p>\n","protected":false},"author":1,"featured_media":0,"comment_status":"open","ping_status":"open","sticky":false,"template":"","format":"standard","meta":{"om_disable_all_campaigns":false,"_monsterinsights_skip_tracking":false,"_monsterinsights_sitenote_active":false,"_monsterinsights_sitenote_note":"","_monsterinsights_sitenote_category":0},"categories":[1],"tags":[],"_links":{"self":[{"href":"https:\/\/defensoriaparana.com.ar\/index.php\/wp-json\/wp\/v2\/posts\/3057"}],"collection":[{"href":"https:\/\/defensoriaparana.com.ar\/index.php\/wp-json\/wp\/v2\/posts"}],"about":[{"href":"https:\/\/defensoriaparana.com.ar\/index.php\/wp-json\/wp\/v2\/types\/post"}],"author":[{"embeddable":true,"href":"https:\/\/defensoriaparana.com.ar\/index.php\/wp-json\/wp\/v2\/users\/1"}],"replies":[{"embeddable":true,"href":"https:\/\/defensoriaparana.com.ar\/index.php\/wp-json\/wp\/v2\/comments?post=3057"}],"version-history":[{"count":1,"href":"https:\/\/defensoriaparana.com.ar\/index.php\/wp-json\/wp\/v2\/posts\/3057\/revisions"}],"predecessor-version":[{"id":3060,"href":"https:\/\/defensoriaparana.com.ar\/index.php\/wp-json\/wp\/v2\/posts\/3057\/revisions\/3060"}],"wp:attachment":[{"href":"https:\/\/defensoriaparana.com.ar\/index.php\/wp-json\/wp\/v2\/media?parent=3057"}],"wp:term":[{"taxonomy":"category","embeddable":true,"href":"https:\/\/defensoriaparana.com.ar\/index.php\/wp-json\/wp\/v2\/categories?post=3057"},{"taxonomy":"post_tag","embeddable":true,"href":"https:\/\/defensoriaparana.com.ar\/index.php\/wp-json\/wp\/v2\/tags?post=3057"}],"curies":[{"name":"wp","href":"https:\/\/api.w.org\/{rel}","templated":true}]}}