{"id":3058,"date":"2011-10-01T22:54:28","date_gmt":"2011-10-01T22:54:28","guid":{"rendered":"http:\/\/defensoriaparana.com.ar\/?p=3058"},"modified":"2022-08-17T22:56:49","modified_gmt":"2022-08-17T22:56:49","slug":"la-defensoria-participo-de-un-seminario-sobre-el-uso-de-las-redes-sociales","status":"publish","type":"post","link":"https:\/\/defensoriaparana.com.ar\/index.php\/2011\/10\/01\/la-defensoria-participo-de-un-seminario-sobre-el-uso-de-las-redes-sociales\/","title":{"rendered":"La Defensor\u00eda particip\u00f3 de un seminario sobre el uso de las redes sociales"},"content":{"rendered":"<p>La Defensor\u00eda del Pueblo de la Ciudad de Paran\u00e1 particip\u00f3, en calidad de instituci\u00f3n invitada, del seminario sobre el\u00a0<em><strong>Uso seguro de redes sociales\u00a0<\/strong><\/em>en internet realizado el viernes 14 de octubre en la localidad de Santa Elena.<\/p>\n<p>La actividad fue organizada por la organizaci\u00f3n no gubernamental Manos Amigas y cont\u00f3 con dos expositores: Inform\u00e1tico Edgardo Perlo\u00a0a cargo del departamento\u00a0Inform\u00e1tica\u00a0de la Defensor\u00eda del Pueblo de Paran\u00e1 y Luciano Salellas, auditor en Seguridad Inform\u00e1tica Sr Hadden Consulting Group.<\/p>\n<p>\u00bfQu\u00e9 son las redes sociales?, el impacto en la sociedad, educaci\u00f3n a trav\u00e9s de las redes sociales, prevenci\u00f3n, seguridad inform\u00e1tica, seguridad en redes sociales, Legislaci\u00f3n Nacional, nuevos delitos inform\u00e1ticos, entre otros, fueron algunos de los temas abordados en el encuentro que se desarroll\u00f3 con un importante n\u00famero de p\u00fablico. Del encuentro particip\u00f3 el Defensor de Paran\u00e1, Luis Garay, junto a personal de la instituci\u00f3n.<\/p>\n<p>El seminario\u00a0\u00a0fue declarado de inter\u00e9s cultural municipal por la comuna de Santa Elena en vista del objetivo propuesto por la actividad: \u201cBrindar informaci\u00f3n para la comprensi\u00f3n integral de la problem\u00e1tica del uso de las redes sociales, ventajas y desventajas de estas tecnolog\u00edas relacionadas principalmente a la seguridad\u201d.<\/p>\n<p>Justamente la utilizaci\u00f3n de las redes, los peligros y las ventajas, es un tema que viene ocupando la atenci\u00f3n de esta instituci\u00f3n.<\/p>\n<p>En agosto, la Defensor\u00eda inici\u00f3 un trabajo con la Polic\u00eda y la Universidad Aut\u00f3noma de Entre R\u00edos (UADER) para delinear acciones conjuntas de concientizaci\u00f3n en distintos sectores de la sociedad acerca del uso de Internet y las redes sociales. La intenci\u00f3n \u201ces evitar riesgos por una eventual utilizaci\u00f3n inadecuada\u201d de estas v\u00edas de comunicaci\u00f3n, hab\u00eda expresado el Defensor del Pueblo adjunto, Pablo Donad\u00edo.\u00a0 La informaci\u00f3n estar\u00e1 destinada especialmente a padres, j\u00f3venes, ni\u00f1os y especialistas en inform\u00e1tica, hab\u00eda explicado el Defensor.<\/p>\n<p>En consonancia con ese trabajo iniciado a mitad de a\u00f1o, la Defensor\u00eda organiza junto a la Polic\u00eda de Entre R\u00edos y Federal, la Facultad de Ciencia y Tecnolog\u00eda de la UADER y el Colegio de Profesionales en Ciencias\u00a0Inform\u00e1ticas de la Provincia de Entre R\u00edos (COPROCIER), una jornada para el 17 de noviembre en Paran\u00e1. En vista de esa actividad, este jueves habr\u00e1 una reuni\u00f3n preliminar para delinear el trabajo organizativo.<\/p>\n","protected":false},"excerpt":{"rendered":"<p>La Defensor\u00eda del Pueblo de la Ciudad de Paran\u00e1 particip\u00f3, en calidad de instituci\u00f3n invitada, del seminario sobre el\u00a0Uso seguro de redes sociales\u00a0en internet realizado el viernes 14 de octubre en la localidad de Santa Elena. La actividad fue organizada por la organizaci\u00f3n no gubernamental Manos Amigas y cont\u00f3 con dos expositores: Inform\u00e1tico Edgardo Perlo\u00a0a [&hellip;]<\/p>\n","protected":false},"author":1,"featured_media":0,"comment_status":"open","ping_status":"open","sticky":false,"template":"","format":"standard","meta":{"om_disable_all_campaigns":false,"_monsterinsights_skip_tracking":false,"_monsterinsights_sitenote_active":false,"_monsterinsights_sitenote_note":"","_monsterinsights_sitenote_category":0},"categories":[1],"tags":[],"_links":{"self":[{"href":"https:\/\/defensoriaparana.com.ar\/index.php\/wp-json\/wp\/v2\/posts\/3058"}],"collection":[{"href":"https:\/\/defensoriaparana.com.ar\/index.php\/wp-json\/wp\/v2\/posts"}],"about":[{"href":"https:\/\/defensoriaparana.com.ar\/index.php\/wp-json\/wp\/v2\/types\/post"}],"author":[{"embeddable":true,"href":"https:\/\/defensoriaparana.com.ar\/index.php\/wp-json\/wp\/v2\/users\/1"}],"replies":[{"embeddable":true,"href":"https:\/\/defensoriaparana.com.ar\/index.php\/wp-json\/wp\/v2\/comments?post=3058"}],"version-history":[{"count":1,"href":"https:\/\/defensoriaparana.com.ar\/index.php\/wp-json\/wp\/v2\/posts\/3058\/revisions"}],"predecessor-version":[{"id":3061,"href":"https:\/\/defensoriaparana.com.ar\/index.php\/wp-json\/wp\/v2\/posts\/3058\/revisions\/3061"}],"wp:attachment":[{"href":"https:\/\/defensoriaparana.com.ar\/index.php\/wp-json\/wp\/v2\/media?parent=3058"}],"wp:term":[{"taxonomy":"category","embeddable":true,"href":"https:\/\/defensoriaparana.com.ar\/index.php\/wp-json\/wp\/v2\/categories?post=3058"},{"taxonomy":"post_tag","embeddable":true,"href":"https:\/\/defensoriaparana.com.ar\/index.php\/wp-json\/wp\/v2\/tags?post=3058"}],"curies":[{"name":"wp","href":"https:\/\/api.w.org\/{rel}","templated":true}]}}