{"id":3064,"date":"2011-12-30T22:57:58","date_gmt":"2011-12-30T22:57:58","guid":{"rendered":"http:\/\/defensoriaparana.com.ar\/?p=3064"},"modified":"2022-08-17T22:59:39","modified_gmt":"2022-08-17T22:59:39","slug":"preocupacion-de-la-defensoria-por-la-escasez-de-taxis-y-remises-en-ciertos-dias-y-horarios","status":"publish","type":"post","link":"https:\/\/defensoriaparana.com.ar\/index.php\/2011\/12\/30\/preocupacion-de-la-defensoria-por-la-escasez-de-taxis-y-remises-en-ciertos-dias-y-horarios\/","title":{"rendered":"Preocupaci\u00f3n de la Defensor\u00eda por la escasez de taxis y remises en ciertos d\u00edas y horarios"},"content":{"rendered":"<div>La Defensor\u00eda del Pueblo de la Ciudad de Paran\u00e1 viene recibiendo la preocupaci\u00f3n de usuarios de taxis y remises, que dan cuenta de la falta de autos en servicio en determinados horarios y d\u00edas:\u00a0\u00a0principalmente\u00a0por las noches \u2013despu\u00e9s de las 22- y los fines de semana y feriados.<\/div>\n<div>La reducci\u00f3n de la prestaci\u00f3n en esos d\u00edas y horarios fue constatada mediante un sondeo -basado en llamadas telef\u00f3nicas- realizado por el Defensor del Pueblo adjunto, Pablo Donad\u00edo, junto a miembros de la instituci\u00f3n.<\/div>\n<div>\u201cDurante tres semanas, y especialmente los s\u00e1bados y domingos, hemos realizados llamados telef\u00f3nicos a empresas de taxis y remises de la ciudad en distintos horarios y se ha evidenciado una constante: durante la noche y\u00a0a lo largo de los fines de semana,\u00a0es dif\u00edcil conseguir un auto\u201d, dijo el Defensor.<\/div>\n<div>En cuanto a las situaciones detectadas, detall\u00f3 que\u00a0\u00a0\u201clos tel\u00e9fonos suenan y no son atendidos; o bien las l\u00edneas dan permanentemente ocupadas. Tambi\u00e9n se ha dado que cuando se\u00a0\u00a0efectu\u00f3 el llamado, una grabaci\u00f3n autom\u00e1tica inform\u00f3 que \u2018la l\u00ednea est\u00e1 en reparaci\u00f3n\u2019, como si el tel\u00e9fono estuviera descolgado. En otros casos ha ocurrido que despu\u00e9s de varias llamadas, levantan el tubo y cortan sin atender.\u00a0\u00a0Situaciones similares ocurren los d\u00edas de lluvias y tormentas, en los que se intuye que los veh\u00edculos son retirados de servicio\u201d.<\/div>\n<div>Seguidamente, Donad\u00edo concluy\u00f3: \u201cTodo esto nos hace suponer que las empresas no cuentan en sus bases o circulando por las calles con el n\u00famero m\u00ednimo de m\u00f3viles exigidos por las ordenanzas vigentes\u201d.<\/div>\n<div>Las normas que regulan\u00a0el servicio de taxis y remise\u00a0continen art\u00edculos\u00a0 que establecen\u00a0la\u00a0\u00a0obligaci\u00f3n de que\u00a0la prestaci\u00f3n\u00a0sea garantizada las 24 horas del d\u00eda.<\/div>\n<div>As\u00ed,\u00a0\u00a0la ordenanza 7.635 -aprobada en 1994 para regular el servicio de remises en la ciudad- establece en el art\u00edculo 13 que\u00a0\u00a0\u201cel permisionario est\u00e1 obligado a garantizar la continuidad del servicio durante las 24 horas\u201d.\u00a0\u00a0En tanto, la ordenanza 7.384 sancionada en 1991 fija c\u00f3mo debe ser\u00a0\u00a0la actividad del taxi. En el art\u00edculo 29, esa norma estipula que \u201cel servicio deber\u00e1 prestarse durante las 24 horas, todos los d\u00edas del a\u00f1o, incluidos los s\u00e1bados, domingos y feriados en todas las zonas de la ciudad\u201d. Tambi\u00e9n\u00a0\u00a0faculta al Departamento Ejecutivo a disponer \u201cturnos y horarios de prestaci\u00f3n obligatoria por cada veh\u00edculo habilitado\u201d.<\/div>\n<div>Ante la situaci\u00f3n, el Defensor del Pueblo adjunto inform\u00f3 que la instituci\u00f3n elevar\u00e1 la preocupaci\u00f3n a las \u00e1reas municipales encargadas de controlar los servicios de transporte de pasajeros. Finalmente, y en v\u00edspera del fin de semana que incluye una de las principales celebraciones del a\u00f1o, Donad\u00edo reforz\u00f3 la inquietud respecto de la prestaci\u00f3n de este servicio, uno de los m\u00e1s requeridos por los vecinos justamente en horarios nocturnos, d\u00edas de mal tiempo y feriados.<\/div>\n","protected":false},"excerpt":{"rendered":"<p>La Defensor\u00eda del Pueblo de la Ciudad de Paran\u00e1 viene recibiendo la preocupaci\u00f3n de usuarios de taxis y remises, que dan cuenta de la falta de autos en servicio en determinados horarios y d\u00edas:\u00a0\u00a0principalmente\u00a0por las noches \u2013despu\u00e9s de las 22- y los fines de semana y feriados. La reducci\u00f3n de la prestaci\u00f3n en esos d\u00edas [&hellip;]<\/p>\n","protected":false},"author":1,"featured_media":0,"comment_status":"open","ping_status":"open","sticky":false,"template":"","format":"standard","meta":{"om_disable_all_campaigns":false,"_monsterinsights_skip_tracking":false,"_monsterinsights_sitenote_active":false,"_monsterinsights_sitenote_note":"","_monsterinsights_sitenote_category":0},"categories":[1],"tags":[],"_links":{"self":[{"href":"https:\/\/defensoriaparana.com.ar\/index.php\/wp-json\/wp\/v2\/posts\/3064"}],"collection":[{"href":"https:\/\/defensoriaparana.com.ar\/index.php\/wp-json\/wp\/v2\/posts"}],"about":[{"href":"https:\/\/defensoriaparana.com.ar\/index.php\/wp-json\/wp\/v2\/types\/post"}],"author":[{"embeddable":true,"href":"https:\/\/defensoriaparana.com.ar\/index.php\/wp-json\/wp\/v2\/users\/1"}],"replies":[{"embeddable":true,"href":"https:\/\/defensoriaparana.com.ar\/index.php\/wp-json\/wp\/v2\/comments?post=3064"}],"version-history":[{"count":1,"href":"https:\/\/defensoriaparana.com.ar\/index.php\/wp-json\/wp\/v2\/posts\/3064\/revisions"}],"predecessor-version":[{"id":3067,"href":"https:\/\/defensoriaparana.com.ar\/index.php\/wp-json\/wp\/v2\/posts\/3064\/revisions\/3067"}],"wp:attachment":[{"href":"https:\/\/defensoriaparana.com.ar\/index.php\/wp-json\/wp\/v2\/media?parent=3064"}],"wp:term":[{"taxonomy":"category","embeddable":true,"href":"https:\/\/defensoriaparana.com.ar\/index.php\/wp-json\/wp\/v2\/categories?post=3064"},{"taxonomy":"post_tag","embeddable":true,"href":"https:\/\/defensoriaparana.com.ar\/index.php\/wp-json\/wp\/v2\/tags?post=3064"}],"curies":[{"name":"wp","href":"https:\/\/api.w.org\/{rel}","templated":true}]}}