{"id":3068,"date":"2012-04-03T23:01:29","date_gmt":"2012-04-03T23:01:29","guid":{"rendered":"http:\/\/defensoriaparana.com.ar\/?p=3068"},"modified":"2022-08-17T23:02:44","modified_gmt":"2022-08-17T23:02:44","slug":"malvinas-defensorias-del-pais-adhieren-al-pedido-de-seis-premios-nobel-de-la-paz","status":"publish","type":"post","link":"https:\/\/defensoriaparana.com.ar\/index.php\/2012\/04\/03\/malvinas-defensorias-del-pais-adhieren-al-pedido-de-seis-premios-nobel-de-la-paz\/","title":{"rendered":"Malvinas: Defensor\u00edas del pa\u00eds adhieren al pedido de seis Premios Nobel de la Paz"},"content":{"rendered":"<p>La Asociaci\u00f3n de Defensores del Pueblo de la Rep\u00fablica Argentina (Adpra), organizaci\u00f3n a la que pertenece la Defensor\u00eda de la Ciudad de Paran\u00e1 junto a m\u00e1s de treinta instituciones del pa\u00eds, se expidi\u00f3 en torno al conflicto por la soberan\u00eda de las Islas Malvinas a treinta a\u00f1os del inicio de la guerra. Y lo hizo a trav\u00e9s de la adhesi\u00f3n al \u201cpedido realizado por seis premios Nobel de la Paz, que solicitaron al primer ministro de Gran Breta\u00f1a, David Cameron, que atienda las reiteradas resoluciones de la asamblea general de las Naciones Unidas y del comit\u00e9 especial de descolonizaci\u00f3n a fin de encontrar una soluci\u00f3n al conflicto por la soberan\u00eda de las Islas Malvinas, Georgias del sur y Sandwich del sur\u201d.<br \/>\nEn el comunicado enviado por Adpra, se destaca que en \u201cla carta firmada por Adolfo P\u00e9rez Esquivel (Argentina), Mairead Corrigan Maguire (Irlanda del Norte), Rigoberta Mench\u00fa Tum (Guatemala), Desmond Tutu( Sud\u00e1frica), Jody Williams ( Estados Unidos) y Shirin Ebadi ( Ir\u00e1n), exigen una revisi\u00f3n de la posici\u00f3n brit\u00e1nica\u201d. Y hacen hincapi\u00e9 en \u201cla falta de voluntad para dialogar con un pa\u00eds democr\u00e1tico y con vocaci\u00f3n de paz poniendo en serio riesgo la paz y la convivencia de esta parte del mundo\u201d.<\/p>\n<p>Seguidamente, se menciona que \u201cAdpra -como organismo de Derechos Humanos- comparte la preocupaci\u00f3n de estas destacadas personas por la paz mundial y considera indispensable el apoyo de toda la sociedad para lograr una soluci\u00f3n pac\u00edfica y diplom\u00e1tica a la disputa por la soberan\u00eda, que garantice el respeto de los derechos humanos resguardados en normativas nacionales e internacionales\u201d.<br \/>\nPor \u00faltimo, el parte de prensa consigna: \u201cEl compromiso que tienen las Defensor\u00edas del Pueblo frente al conflicto es el di\u00e1logo y la cooperaci\u00f3n, y tiene que estar orientado a la codificaci\u00f3n oficial del derecho a la paz como un derecho humano, para lograr de esta forma un real fortalecimiento de relaciones pac\u00edficas y del sistema democr\u00e1tico\u201d.<\/p>\n<p>&nbsp;<\/p>\n","protected":false},"excerpt":{"rendered":"<p>La Asociaci\u00f3n de Defensores del Pueblo de la Rep\u00fablica Argentina (Adpra), organizaci\u00f3n a la que pertenece la Defensor\u00eda de la Ciudad de Paran\u00e1 junto a m\u00e1s de treinta instituciones del pa\u00eds, se expidi\u00f3 en torno al conflicto por la soberan\u00eda de las Islas Malvinas a treinta a\u00f1os del inicio de la guerra. Y lo hizo [&hellip;]<\/p>\n","protected":false},"author":1,"featured_media":0,"comment_status":"open","ping_status":"open","sticky":false,"template":"","format":"standard","meta":{"om_disable_all_campaigns":false,"_monsterinsights_skip_tracking":false,"_monsterinsights_sitenote_active":false,"_monsterinsights_sitenote_note":"","_monsterinsights_sitenote_category":0},"categories":[1],"tags":[],"_links":{"self":[{"href":"https:\/\/defensoriaparana.com.ar\/index.php\/wp-json\/wp\/v2\/posts\/3068"}],"collection":[{"href":"https:\/\/defensoriaparana.com.ar\/index.php\/wp-json\/wp\/v2\/posts"}],"about":[{"href":"https:\/\/defensoriaparana.com.ar\/index.php\/wp-json\/wp\/v2\/types\/post"}],"author":[{"embeddable":true,"href":"https:\/\/defensoriaparana.com.ar\/index.php\/wp-json\/wp\/v2\/users\/1"}],"replies":[{"embeddable":true,"href":"https:\/\/defensoriaparana.com.ar\/index.php\/wp-json\/wp\/v2\/comments?post=3068"}],"version-history":[{"count":1,"href":"https:\/\/defensoriaparana.com.ar\/index.php\/wp-json\/wp\/v2\/posts\/3068\/revisions"}],"predecessor-version":[{"id":3071,"href":"https:\/\/defensoriaparana.com.ar\/index.php\/wp-json\/wp\/v2\/posts\/3068\/revisions\/3071"}],"wp:attachment":[{"href":"https:\/\/defensoriaparana.com.ar\/index.php\/wp-json\/wp\/v2\/media?parent=3068"}],"wp:term":[{"taxonomy":"category","embeddable":true,"href":"https:\/\/defensoriaparana.com.ar\/index.php\/wp-json\/wp\/v2\/categories?post=3068"},{"taxonomy":"post_tag","embeddable":true,"href":"https:\/\/defensoriaparana.com.ar\/index.php\/wp-json\/wp\/v2\/tags?post=3068"}],"curies":[{"name":"wp","href":"https:\/\/api.w.org\/{rel}","templated":true}]}}