{"id":3069,"date":"2012-05-25T23:01:30","date_gmt":"2012-05-25T23:01:30","guid":{"rendered":"http:\/\/defensoriaparana.com.ar\/?p=3069"},"modified":"2022-08-17T23:02:55","modified_gmt":"2022-08-17T23:02:55","slug":"la-defensoria-de-parana-asumio-la-coordinacion-de-la-red-de-discapacidad-de-adpra","status":"publish","type":"post","link":"https:\/\/defensoriaparana.com.ar\/index.php\/2012\/05\/25\/la-defensoria-de-parana-asumio-la-coordinacion-de-la-red-de-discapacidad-de-adpra\/","title":{"rendered":"La Defensor\u00eda de Paran\u00e1 asumi\u00f3 la coordinaci\u00f3n de la Red de Discapacidad de Adpra"},"content":{"rendered":"<p>La Defensor\u00eda del Pueblo de la Ciudad de Paran\u00e1 particip\u00f3 del primer plenario de la Asociaci\u00f3n de Defensores del Pueblo de la Rep\u00fablica Argentina (Adpra) que se realiz\u00f3 en Bariloche desde el 21 al 24 de marzo pasados. Al encuentro asistieron representantes de unas 30 instituciones del pa\u00eds: por Paran\u00e1 estuvieron el Defensor Luis Garay y la profesional en Trabajo Social Patricia Brumatti.<\/p>\n<p>Los ejes tem\u00e1ticos del encuentro giraron en torno a los factores que condicionan el normal abastecimiento y la disparidad de precios de los combustibles en vastas regiones del pa\u00eds, la problem\u00e1tica ligada al uso irregular de agroqu\u00edmicos, cuestiones derivadas de los fen\u00f3menos migratorios -como la trata de personas y el trabajo esclavo-, y el abordaje de la discapacidad y los obst\u00e1culos que padecen las personas.<\/p>\n<p>Justamente, una de las actividades previstas en el encuentro consisti\u00f3 \u00a0en la constituci\u00f3n formal de la Red de Discapacidad, un \u00e1mbito creado \u00a0en el marco de Adpra, \u00a0organizaci\u00f3n que nuclea a las Defensor\u00edas del pa\u00eds. La coordinaci\u00f3n qued\u00f3 a cargo de la Defensor\u00eda de Paran\u00e1 y la misi\u00f3n de la red, a grandes rasgos, radica en observar los reclamos m\u00e1s frecuentes y comunes \u2013relacionados a discapacidad- y la forma en que son abordados por las diferentes \u00e1reas de las Defensor\u00edas. Adem\u00e1s, la idea es poder compartir \u2013a trav\u00e9s de la formaci\u00f3n de una especie de digesto- las legislaciones existentes en distintas localidades y provincias.<\/p>\n<p>De las conversaciones en la red participaron representantes de Defensor\u00edas de R\u00edo Negro, Tucum\u00e1n, Neuqu\u00e9n, Mor\u00f3n, Ciudad de Buenos Aires y Provincia de Buenos Aires, Santa Fe, Chubut, Bariloche y Paran\u00e1.<\/p>\n<p>En la puesta en com\u00fan surgieron problem\u00e1ticas compartidas, entre las que se destacaron la necesidad de que se cumplan los cupos laborales para las personas discapacitadas. Concretamente, se dialog\u00f3 la posibilidad de que la red pueda solicitar y exigir el cumplimiento de los cupos laborales. \u00a0Otro tema analizado fue el relacionado al transporte p\u00fablico y el derecho a desplazarse mediante pasajes gratuitos. Al respecto, \u201ctodas las Defensor\u00edas expresaron las dificultades que pon\u00edan las empresas de transporte a la hora de garantizar el pasaje gratuito y cumplir con ese derecho que asiste a los ciudadanos con discapacidad\u201d, se coment\u00f3, a modo de resumen, de lo sucedido en la reuni\u00f3n. En ese punto, se evalu\u00f3 la posibilidad de instrumentar una v\u00eda de comunicaci\u00f3n con la Comisi\u00f3n Nacional de Regulaci\u00f3n del Transporte (CNRT) para dar cuenta de los incumplimientos. Tambi\u00e9n se abord\u00f3 el tema relacionado a las exenciones previstas en las compras de autom\u00f3viles y los obst\u00e1culos que deben sortear los potenciales compradores a la hora de concretar la operaci\u00f3n. Uno de ellos radica, por ejemplo, \u00a0en la imposibilidad de acceder a ese beneficio cuando se considera que la persona con discapacidad puede desplazarse en un medio de transporte p\u00fablico.<\/p>\n<p>En la reuni\u00f3n tambi\u00e9n se avanz\u00f3 en la redacci\u00f3n de un reglamento de trabajo de la red y quedaron definidos los objetivos de la organizaci\u00f3n. Entre ellos, figura: Impulsar el cambio de paradigma desde el modelo m\u00e9dico de la discapacidad hacia el modelo social de la discapacidad; proponer dentro del \u00e1mbito de competencia de cada Defensor\u00eda \u2013miembro de Adpra- la adopci\u00f3n de medidas para propender a \u201cla toma de conciencia\u201d, construyendo una sociedad desde la diversidad; \u00a0incentivar a las personas con discapacidad a ser part\u00edcipes directos del dise\u00f1o y seguimiento de pol\u00edticas p\u00fablicas; propiciar el progreso de la persona con discapacidad intelectual y psicosocial promoviendo el ejercicio de su capacidad jur\u00eddica y fomentando la generaci\u00f3n de apoyos adecuados. \u201cEl objetivo general radica en poder otorgar mayor visibilidad de la tem\u00e1tica de la discapacidad y que la red sirva como una fuente de difusi\u00f3n y promoci\u00f3n de los derechos de las personas con discapacidad\u201d, resumi\u00f3 uno de los asistentes.<\/p>\n<p>&nbsp;<\/p>\n<p><strong>Temas del plenario<\/strong><\/p>\n<p><strong>\u00a0<\/strong><\/p>\n<p><strong>Combustible.<\/strong>\u00a0En cuanto al abordaje de los temas en el plenario, los Defensores acordaron elaborar un documento tendiente a poner luz sobre el origen de los picos de desabastecimiento, que tendr\u00e1 como destinatario al secretario de Energ\u00eda de la Naci\u00f3n, Daniel C\u00e1meron, a quien decidieron pedirle una nueva audiencia para analizar el tema.<\/p>\n<p><strong>En materia migratoria,<\/strong>\u00a0se defini\u00f3 profundizar el an\u00e1lisis y la atenci\u00f3n de este fen\u00f3meno, al tiempo que se admiti\u00f3 que en el pa\u00eds todav\u00eda se observan \u201cgraves episodios de discriminaci\u00f3n\u201d y se alert\u00f3 sobre los efectos que genera la deficiencia de pol\u00edticas p\u00fablicas, con sus secuelas de \u201ctrata de personas y trabajo esclavo\u201d.<\/p>\n<p><strong>Radares y subsidios.<\/strong>\u00a0Tambi\u00e9n se analiz\u00f3 el tema de las fotomultas \u201cenga\u00f1osas\u201d en rutas nacionales y otros sistemas de controles de velocidad en caminos provinciales,\u00a0 y se profundiz\u00f3 el debate sobre la quita de subsidios a los servicios p\u00fablicos, tema que seguir\u00e1 bajo la lupa los Defensores.<\/p>\n<p><strong>Ley antiterrorista.\u00a0<\/strong>La asamblea de Adpra aprob\u00f3 explorar la posibilidad de solicitar opini\u00f3n sobre la \u201cley antiterrorista\u201d -recientemente sancionada- a los organismos de derechos humanos del sistema interamericano.<\/p>\n<p><strong>Lugar d\u00f3nde vivir.<\/strong>\u00a0El \u201cDerecho al h\u00e1bitat urbano, coyuntura de una problem\u00e1tica nacional\u201d fue\u00a0 el t\u00edtulo de un seminario que se desarroll\u00f3, como una de las actividades finales del plenario de Adpra y con expositores que dejaron plasmadas diferentes visiones sobre el uso, la propiedad y el derecho a la tierra y al h\u00e1bitat adecuado. Participaron de las disertaciones representantes de la comunidad mapuche, de organizaci\u00f3n de ocupantes de Barrio Nueva Jamaica (Bariloche,\u00a0 funcionarios municipales y provinciales, entre otros.<\/p>\n<p>Para la Defensor\u00eda de Paran\u00e1, el tema propuesto resulta \u00a0de suma trascendencia, pues \u201cla problem\u00e1tica del h\u00e1bitat ha sido una preocupaci\u00f3n permanente de esta instituci\u00f3n, no solo en la atenci\u00f3n de situaciones en las que ciudadanos\/ as ven vulnerado o negado este derecho, sino tambi\u00e9n generando y participando de instancias de capacitaci\u00f3n e incorporando a la agenda p\u00fablica \u00a0esta cuesti\u00f3n urbano-social de gran complejidad. La pol\u00edtica habitacional tiene que garantizar la calidad residencial, preocup\u00e1ndose no solo de los est\u00e1ndares de la vivienda sino tambi\u00e9n del barrio que se pretende generar, el tipo de tejido urbano y social que se pretende construir; tiene que promover condiciones de acceso a los servicios del h\u00e1bitat mucho m\u00e1s equitativas e integradoras, que avancen en el reconocimiento del derecho a la ciudad y el derecho a la vivienda y al h\u00e1bitat adecuado para todos\u201d, se ha consignado en la Defensor\u00eda de Paran\u00e1.<\/p>\n<p>&nbsp;<\/p>\n<p><strong>Asistentes.<\/strong>\u00a0Estuvieron presentes en la reuni\u00f3n de Adpra los \u00a0Defensores del Pueblo de la provincia de Buenos Aires, Carlos Bonicatto, (presidente de la Asociaci\u00f3n)y de Bariloche, Vicente Mazzaglia. Tambi\u00e9n los las Defensor\u00edas de la Naci\u00f3n, de Santa Fe, Ciudad Aut\u00f3noma de Buenos Aires, C\u00f3rdoba, R\u00edo Negro, Corrientes, Jujuy, Chubut, Tucum\u00e1n, Santiago del Estero, \u00a0de Paran\u00e1, Escobar, Mar del Plata, Pilar, Mor\u00f3n, Vicente L\u00f3pez, Neuqu\u00e9n, Avellaneda, La Matanza, La Banda, Centenario, Corrientes, Quilmes, Santiago del Estero, Fr\u00edas, Posadas, Villa Mar\u00eda y La Plata.<\/p>\n","protected":false},"excerpt":{"rendered":"<p>La Defensor\u00eda del Pueblo de la Ciudad de Paran\u00e1 particip\u00f3 del primer plenario de la Asociaci\u00f3n de Defensores del Pueblo de la Rep\u00fablica Argentina (Adpra) que se realiz\u00f3 en Bariloche desde el 21 al 24 de marzo pasados. Al encuentro asistieron representantes de unas 30 instituciones del pa\u00eds: por Paran\u00e1 estuvieron el Defensor Luis Garay [&hellip;]<\/p>\n","protected":false},"author":1,"featured_media":0,"comment_status":"open","ping_status":"open","sticky":false,"template":"","format":"standard","meta":{"om_disable_all_campaigns":false,"_monsterinsights_skip_tracking":false,"_monsterinsights_sitenote_active":false,"_monsterinsights_sitenote_note":"","_monsterinsights_sitenote_category":0},"categories":[1],"tags":[],"_links":{"self":[{"href":"https:\/\/defensoriaparana.com.ar\/index.php\/wp-json\/wp\/v2\/posts\/3069"}],"collection":[{"href":"https:\/\/defensoriaparana.com.ar\/index.php\/wp-json\/wp\/v2\/posts"}],"about":[{"href":"https:\/\/defensoriaparana.com.ar\/index.php\/wp-json\/wp\/v2\/types\/post"}],"author":[{"embeddable":true,"href":"https:\/\/defensoriaparana.com.ar\/index.php\/wp-json\/wp\/v2\/users\/1"}],"replies":[{"embeddable":true,"href":"https:\/\/defensoriaparana.com.ar\/index.php\/wp-json\/wp\/v2\/comments?post=3069"}],"version-history":[{"count":1,"href":"https:\/\/defensoriaparana.com.ar\/index.php\/wp-json\/wp\/v2\/posts\/3069\/revisions"}],"predecessor-version":[{"id":3072,"href":"https:\/\/defensoriaparana.com.ar\/index.php\/wp-json\/wp\/v2\/posts\/3069\/revisions\/3072"}],"wp:attachment":[{"href":"https:\/\/defensoriaparana.com.ar\/index.php\/wp-json\/wp\/v2\/media?parent=3069"}],"wp:term":[{"taxonomy":"category","embeddable":true,"href":"https:\/\/defensoriaparana.com.ar\/index.php\/wp-json\/wp\/v2\/categories?post=3069"},{"taxonomy":"post_tag","embeddable":true,"href":"https:\/\/defensoriaparana.com.ar\/index.php\/wp-json\/wp\/v2\/tags?post=3069"}],"curies":[{"name":"wp","href":"https:\/\/api.w.org\/{rel}","templated":true}]}}