{"id":3070,"date":"2012-03-16T23:01:31","date_gmt":"2012-03-16T23:01:31","guid":{"rendered":"http:\/\/defensoriaparana.com.ar\/?p=3070"},"modified":"2022-08-17T23:03:03","modified_gmt":"2022-08-17T23:03:03","slug":"reunion-con-el-copnaf-por-los-chicos-en-situacion-de-calle","status":"publish","type":"post","link":"https:\/\/defensoriaparana.com.ar\/index.php\/2012\/03\/16\/reunion-con-el-copnaf-por-los-chicos-en-situacion-de-calle\/","title":{"rendered":"Reuni\u00f3n con el Copnaf por los chicos en situaci\u00f3n de calle"},"content":{"rendered":"<p>El Defensor del Pueblo de la Ciudad de Paran\u00e1, Luis Garay, se reuni\u00f3 hoy con integrantes del\u00a0Consejo Provincial del Ni\u00f1o, el Adolescente y la Familia (Copnaf) para abordar\u00a0\u00a0tem\u00e1ticas relacionadas a la ni\u00f1ez y a la adolescencia, puntualmente\u00a0\u00a0el caso de los chicos en situaci\u00f3n de calle en la capital provincial.<\/p>\n<p>Es que a la Defensor\u00eda\u00a0registra planteos\u00a0referidos a la vulnerabilidad y desprotecci\u00f3n de ni\u00f1os, quienes generalmente permanecen en diferentes esquinas a la espera de una moneda, realizando malabares en la v\u00eda p\u00fablica o limpiando vidrios.<\/p>\n<p>La\u00a0directora de Derechos y Programas para la Ni\u00f1ez, Adolescencia y Familia, Diana Olivera; la subdirectora de Protecci\u00f3n Institucional, Raquel Lallana, y Sandra Deris, subdirectora de Protecci\u00f3n Comunitaria,\u00a0\u00a0concurrieron a la sede de esta instituci\u00f3n con un equipo t\u00e9cnico del Copnaf\u00a0\u00a0y,\u00a0\u00a0junto al Defensor Garay,\u00a0\u00a0la trabajadora social Patricia Brumatti y a Cecilia Greca, del \u00e1rea de Promoci\u00f3n de Ciudadan\u00eda de la Defensor\u00eda, analizaron distintas situaciones y convinieron mantener una comunicaci\u00f3n fluida con el fin de poder dar un r\u00e1pido tratamiento a los casos.<\/p>\n<p>Respecto de los chicos en situaci\u00f3n de calle en la ciudad, los representantes\u00a0\u00a0del Copnaf informaron que se trata de entre 19 y 20 ni\u00f1os que provienen de unas diez de familias con las que el organismo viene trabajando.\u00a0\u00a0Detallaron que son grupos de hermanos que generalmente solicitan monedas en esquinas de calles transitadas de la ciudad y que provienen de hogares donde sus padres se ocupan de tareas informales, como el cirujeo. Aseguraron que los ni\u00f1os\u00a0est\u00e1n escolarizados.<\/p>\n<p>Al respecto, el Defensor Garay dijo que la existencia de\u00a0ni\u00f1os que deben salir a la calle en busca de sustento es una situaci\u00f3n que preocupa mucho a la Defensor\u00eda y que la intenci\u00f3n de la instituci\u00f3n es que se encare un trabajo profundo que pueda \u201crevertir esta realidad para que los chicos est\u00e9n donde deben estar: en la escuela, jugando, en sus hogares\u00a0y resguardados de todo riesgo\u201d. Seguidamente, expres\u00f3: \u201cYo no me resigno a que los chicos de la calle sigan en la calle como parte de la fisonom\u00eda urbana. Las distintas \u00e1reas de los diferentes organismos tenemos que coordinar acciones efectivas para cambiar esta situaci\u00f3n\u201d.<\/p>\n<p>Por su parte, y justamente en vista de ese prop\u00f3sito,\u00a0\u00a0Diana Olivera asever\u00f3 que uno de los objetivos del organismo provincial consiste en la articulaci\u00f3n y conformaci\u00f3n de redes con las distintas organizaciones e instituciones.<\/p>\n<p>En cuanto a la falta de vivienda,\u00a0\u00a0desde el Consejo se anunci\u00f3 que en este semestre se dar\u00e1n respuesta a 10 familias con demandas urgentes, mientras que brindaron detalles sobre el avance en un proyecto con el Iapv para atender otros tipos de casos. Por \u00faltimo, se mencionaron los programas para adolescentes del Copnaf y se mencionaron los problemas vinculados a la carencia de documentaci\u00f3n (DNI) y a la inclusi\u00f3n educativa.<\/p>\n<p>*Foto de portada\u00a0gentileza de El Litoral.<\/p>\n","protected":false},"excerpt":{"rendered":"<p>El Defensor del Pueblo de la Ciudad de Paran\u00e1, Luis Garay, se reuni\u00f3 hoy con integrantes del\u00a0Consejo Provincial del Ni\u00f1o, el Adolescente y la Familia (Copnaf) para abordar\u00a0\u00a0tem\u00e1ticas relacionadas a la ni\u00f1ez y a la adolescencia, puntualmente\u00a0\u00a0el caso de los chicos en situaci\u00f3n de calle en la capital provincial. Es que a la Defensor\u00eda\u00a0registra planteos\u00a0referidos [&hellip;]<\/p>\n","protected":false},"author":1,"featured_media":0,"comment_status":"open","ping_status":"open","sticky":false,"template":"","format":"standard","meta":{"om_disable_all_campaigns":false,"_monsterinsights_skip_tracking":false,"_monsterinsights_sitenote_active":false,"_monsterinsights_sitenote_note":"","_monsterinsights_sitenote_category":0},"categories":[1],"tags":[],"_links":{"self":[{"href":"https:\/\/defensoriaparana.com.ar\/index.php\/wp-json\/wp\/v2\/posts\/3070"}],"collection":[{"href":"https:\/\/defensoriaparana.com.ar\/index.php\/wp-json\/wp\/v2\/posts"}],"about":[{"href":"https:\/\/defensoriaparana.com.ar\/index.php\/wp-json\/wp\/v2\/types\/post"}],"author":[{"embeddable":true,"href":"https:\/\/defensoriaparana.com.ar\/index.php\/wp-json\/wp\/v2\/users\/1"}],"replies":[{"embeddable":true,"href":"https:\/\/defensoriaparana.com.ar\/index.php\/wp-json\/wp\/v2\/comments?post=3070"}],"version-history":[{"count":1,"href":"https:\/\/defensoriaparana.com.ar\/index.php\/wp-json\/wp\/v2\/posts\/3070\/revisions"}],"predecessor-version":[{"id":3073,"href":"https:\/\/defensoriaparana.com.ar\/index.php\/wp-json\/wp\/v2\/posts\/3070\/revisions\/3073"}],"wp:attachment":[{"href":"https:\/\/defensoriaparana.com.ar\/index.php\/wp-json\/wp\/v2\/media?parent=3070"}],"wp:term":[{"taxonomy":"category","embeddable":true,"href":"https:\/\/defensoriaparana.com.ar\/index.php\/wp-json\/wp\/v2\/categories?post=3070"},{"taxonomy":"post_tag","embeddable":true,"href":"https:\/\/defensoriaparana.com.ar\/index.php\/wp-json\/wp\/v2\/tags?post=3070"}],"curies":[{"name":"wp","href":"https:\/\/api.w.org\/{rel}","templated":true}]}}