{"id":3074,"date":"2012-06-13T23:03:37","date_gmt":"2012-06-13T23:03:37","guid":{"rendered":"http:\/\/defensoriaparana.com.ar\/?p=3074"},"modified":"2022-08-17T23:04:36","modified_gmt":"2022-08-17T23:04:36","slug":"la-defensoria-del-pueblo-estara-en-el-barrio-gaucho-rivero","status":"publish","type":"post","link":"https:\/\/defensoriaparana.com.ar\/index.php\/2012\/06\/13\/la-defensoria-del-pueblo-estara-en-el-barrio-gaucho-rivero\/","title":{"rendered":"La Defensor\u00eda del Pueblo estar\u00e1 en el barrio Gaucho Rivero"},"content":{"rendered":"<table border=\"0\" width=\"100%\" cellspacing=\"2\" cellpadding=\"2\" align=\"center\">\n<tbody>\n<tr>\n<td valign=\"top\"><strong>Una oficina m\u00f3vil de la Defensor\u00eda del Pueblo de la Ciudad de Paran\u00e1 estar\u00e1 este viernes en la escuela Gaucho Antonio Rivero para tomar contacto con los vecinos, atender sus planteos, dudas y reclamos.<\/strong><\/td>\n<\/tr>\n<\/tbody>\n<\/table>\n<table border=\"0\" width=\"100%\" cellspacing=\"0\" cellpadding=\"0\">\n<tbody>\n<tr>\n<td>\n<div>La actividad ser\u00e1 de 10 a 12 en el establecimiento escolar -en las calles Virgen de Itat\u00ed y Santa Elena- y combinar\u00e1 la recepci\u00f3n de quejas, la orientaci\u00f3n y el asesoramiento, con la difusi\u00f3n de los derechos ciudadanos.<\/div>\n<p>La iniciativa se enmarca en el programa\u00a0<em>La Defensor\u00eda en los barrios<\/em>, cuyo objetivo consiste en acercar esta instituci\u00f3n a los vecinos y tomar contacto con los inconvenientes y realidades de las distintas zonas de la ciudad. Adem\u00e1s, el espacio es considerado una excelente oportunidad para ofrecer informaci\u00f3n a los ciudadanos sobre los derechos y c\u00f3mo defenderlos y brindar asesoramiento respecto de d\u00f3nde y c\u00f3mo pueden presentar sus reclamos.<\/p>\n<p>La visita de la Defensor\u00eda a los barrios surge a partir del pedido de comisiones vecinales, de los propios ciudadanos, o por iniciativa de esta instituci\u00f3n. Los interesados en obtener m\u00e1s informaci\u00f3n sobre el tema, podr\u00e1n comunicarse con la Defensor\u00eda personalmente, en Monte Caseros 159, por tel\u00e9fono a los n\u00fameros 4211029, 4202322 y 0800 777 1112 o v\u00eda mail a defensoriaparana@gigared.com.<\/td>\n<\/tr>\n<\/tbody>\n<\/table>\n","protected":false},"excerpt":{"rendered":"<p>Una oficina m\u00f3vil de la Defensor\u00eda del Pueblo de la Ciudad de Paran\u00e1 estar\u00e1 este viernes en la escuela Gaucho Antonio Rivero para tomar contacto con los vecinos, atender sus planteos, dudas y reclamos. La actividad ser\u00e1 de 10 a 12 en el establecimiento escolar -en las calles Virgen de Itat\u00ed y Santa Elena- y [&hellip;]<\/p>\n","protected":false},"author":1,"featured_media":0,"comment_status":"open","ping_status":"open","sticky":false,"template":"","format":"standard","meta":{"om_disable_all_campaigns":false,"_monsterinsights_skip_tracking":false,"_monsterinsights_sitenote_active":false,"_monsterinsights_sitenote_note":"","_monsterinsights_sitenote_category":0},"categories":[1],"tags":[],"_links":{"self":[{"href":"https:\/\/defensoriaparana.com.ar\/index.php\/wp-json\/wp\/v2\/posts\/3074"}],"collection":[{"href":"https:\/\/defensoriaparana.com.ar\/index.php\/wp-json\/wp\/v2\/posts"}],"about":[{"href":"https:\/\/defensoriaparana.com.ar\/index.php\/wp-json\/wp\/v2\/types\/post"}],"author":[{"embeddable":true,"href":"https:\/\/defensoriaparana.com.ar\/index.php\/wp-json\/wp\/v2\/users\/1"}],"replies":[{"embeddable":true,"href":"https:\/\/defensoriaparana.com.ar\/index.php\/wp-json\/wp\/v2\/comments?post=3074"}],"version-history":[{"count":1,"href":"https:\/\/defensoriaparana.com.ar\/index.php\/wp-json\/wp\/v2\/posts\/3074\/revisions"}],"predecessor-version":[{"id":3077,"href":"https:\/\/defensoriaparana.com.ar\/index.php\/wp-json\/wp\/v2\/posts\/3074\/revisions\/3077"}],"wp:attachment":[{"href":"https:\/\/defensoriaparana.com.ar\/index.php\/wp-json\/wp\/v2\/media?parent=3074"}],"wp:term":[{"taxonomy":"category","embeddable":true,"href":"https:\/\/defensoriaparana.com.ar\/index.php\/wp-json\/wp\/v2\/categories?post=3074"},{"taxonomy":"post_tag","embeddable":true,"href":"https:\/\/defensoriaparana.com.ar\/index.php\/wp-json\/wp\/v2\/tags?post=3074"}],"curies":[{"name":"wp","href":"https:\/\/api.w.org\/{rel}","templated":true}]}}