{"id":3075,"date":"2012-06-12T23:03:38","date_gmt":"2012-06-12T23:03:38","guid":{"rendered":"http:\/\/defensoriaparana.com.ar\/?p=3075"},"modified":"2022-08-17T23:05:04","modified_gmt":"2022-08-17T23:05:04","slug":"nutrida-asistencia-en-la-conferencia-sobre-como-convivir-en-el-trabajo","status":"publish","type":"post","link":"https:\/\/defensoriaparana.com.ar\/index.php\/2012\/06\/12\/nutrida-asistencia-en-la-conferencia-sobre-como-convivir-en-el-trabajo\/","title":{"rendered":"Nutrida asistencia en la conferencia sobre c\u00f3mo convivir en el trabajo"},"content":{"rendered":"<p>Unas 120 personas asistieron a la conferencia \u201cConvivir y pensar juntos: Saber estar en nuestra organizaciones\u201d, actividad organizada el viernes 8 de junio por la Defensor\u00eda del Pueblo de la Ciudad de Paran\u00e1 en el sal\u00f3n de la Facultad de Ciencias Econ\u00f3micas de la UNER.<\/p>\n<p>Las especialistas en psicolog\u00eda y educaci\u00f3n, Dra. Claudia Perlo y la Ps. Leticia Costa, tuvieron a cargo el desarrollo de la charla que vers\u00f3, a grandes rasgos, sobre c\u00f3mo mejorar las relaciones humanas en el \u00e1mbito laboral -contrarrestando el malestar y\u00a0 por lo tanto, realzando la calidad del trabajo producido- en las instituciones y organizaciones en general.<\/p>\n<p>La charla surgi\u00f3 en el marco de un trabajo de capacitaci\u00f3n en esa tem\u00e1tica que viene desarrollando el personal de la instituci\u00f3n junto a docentes de la Universidad Aut\u00f3noma de Entre R\u00edos (Uader). La tarea empez\u00f3 en 2011 y se inscribe en un convenio existente entre la Defensor\u00eda y la Uader.<\/p>\n<p>Al abrir la conferencia y dar la bienvenida a los asistentes, el Defensor del Pueblo Luis Garay, se refiri\u00f3 a la experiencia que se viene dando en la instituci\u00f3n y se detuvo en la importancia de preponderar lo humano en el \u00e1mbito laboral. Afirm\u00f3 que se trata de un cambio de concepci\u00f3n que no es f\u00e1cil dar.<\/p>\n<p>\u201cQue el abogado sepa m\u00e1s de derecho, el ingeniero m\u00e1s de ingenier\u00eda, el contador m\u00e1s de n\u00fameros y as\u00ed, es lo habitual. Y nos est\u00e1bamos olvidando de la otra parte, que es el factor humano, de la persona y de lo que significa estar en contacto todos los d\u00edas con sus pares, con sus jefes, con los ciudadanos que van a la Defensor\u00eda, muchos en situaci\u00f3n de crisis\u201d, dijo. Y agreg\u00f3 que \u201cesas relaci\u00f3n diaria, que se vuelve rutinaria, hace que empiecen conflictos, cosa que seguramente pasa en todas las instituciones. Creo que el desaf\u00edo que tenemos es empezar a trabajar en las organizaciones y ver qu\u00e9 podemos cambiar. Y sin lugar a dudas haber empezado hace un a\u00f1o, haber firmado un convenio con la Uader, con la Facultad de Psicolog\u00eda\u201d, ha significado un gran avance para la Defensor\u00eda.<\/p>\n<p>As\u00ed, el Defensor a\u00f1adi\u00f3: \u201cEmpezar a trabajar y hablar de otros temas, como las emociones, reflexionar d\u00eda a d\u00eda, entender lo importante que es escuchar. Al momento que hay que trabajar, todos somos seres humanos, que tenemos buenos y malos d\u00edas. Y en la vor\u00e1gine de hacer cosas a veces no nos damos ese tiempo. Creo que nada es m\u00e1gico: es un proceso que lleva mucho tiempo y alg\u00fan d\u00eda ten\u00eda que empezar\u201d.<\/p>\n<p>Luis Garay\u00a0remarc\u00f3 el compromiso del personal en la propuesta y destac\u00f3 el acompa\u00f1amiento de otras instituciones, como el Concejo Deliberante que declar\u00f3 la conferencia de junio\u00a0de Inter\u00e9s Social, y la Facultad de Ciencias Econ\u00f3mica que incluy\u00f3 la actividad en el marco de las actividades programadas dentro de la semana del graduado de esa casa de altos estudios.<\/p>\n<p>\u201cNosotros tambi\u00e9n hace un par de a\u00f1os estamos intentando romper las estructuras mentales que por ah\u00ed tenemos cada uno, en nuestra formaci\u00f3n\u201d, dijo, seguidamente, la vicedecana de la Facultad, Contadora\u00a0Silvina Ferreyra. A\u00f1adi\u00f3 que la idea es ir trabajando integradamente y en, ese sentido, inform\u00f3 que se vienen dando un ciclo de capacitaci\u00f3n y charlas.<\/p>\n<p>Tras las presentaciones, las profesionales iniciaron en forma conjunta la exposici\u00f3n cuyo desarrollo fue ameno y gener\u00f3 una gran inter\u00e9s en los asistentes.<\/p>\n","protected":false},"excerpt":{"rendered":"<p>Unas 120 personas asistieron a la conferencia \u201cConvivir y pensar juntos: Saber estar en nuestra organizaciones\u201d, actividad organizada el viernes 8 de junio por la Defensor\u00eda del Pueblo de la Ciudad de Paran\u00e1 en el sal\u00f3n de la Facultad de Ciencias Econ\u00f3micas de la UNER. Las especialistas en psicolog\u00eda y educaci\u00f3n, Dra. Claudia Perlo y [&hellip;]<\/p>\n","protected":false},"author":1,"featured_media":0,"comment_status":"open","ping_status":"open","sticky":false,"template":"","format":"standard","meta":{"om_disable_all_campaigns":false,"_monsterinsights_skip_tracking":false,"_monsterinsights_sitenote_active":false,"_monsterinsights_sitenote_note":"","_monsterinsights_sitenote_category":0},"categories":[1],"tags":[],"_links":{"self":[{"href":"https:\/\/defensoriaparana.com.ar\/index.php\/wp-json\/wp\/v2\/posts\/3075"}],"collection":[{"href":"https:\/\/defensoriaparana.com.ar\/index.php\/wp-json\/wp\/v2\/posts"}],"about":[{"href":"https:\/\/defensoriaparana.com.ar\/index.php\/wp-json\/wp\/v2\/types\/post"}],"author":[{"embeddable":true,"href":"https:\/\/defensoriaparana.com.ar\/index.php\/wp-json\/wp\/v2\/users\/1"}],"replies":[{"embeddable":true,"href":"https:\/\/defensoriaparana.com.ar\/index.php\/wp-json\/wp\/v2\/comments?post=3075"}],"version-history":[{"count":1,"href":"https:\/\/defensoriaparana.com.ar\/index.php\/wp-json\/wp\/v2\/posts\/3075\/revisions"}],"predecessor-version":[{"id":3078,"href":"https:\/\/defensoriaparana.com.ar\/index.php\/wp-json\/wp\/v2\/posts\/3075\/revisions\/3078"}],"wp:attachment":[{"href":"https:\/\/defensoriaparana.com.ar\/index.php\/wp-json\/wp\/v2\/media?parent=3075"}],"wp:term":[{"taxonomy":"category","embeddable":true,"href":"https:\/\/defensoriaparana.com.ar\/index.php\/wp-json\/wp\/v2\/categories?post=3075"},{"taxonomy":"post_tag","embeddable":true,"href":"https:\/\/defensoriaparana.com.ar\/index.php\/wp-json\/wp\/v2\/tags?post=3075"}],"curies":[{"name":"wp","href":"https:\/\/api.w.org\/{rel}","templated":true}]}}