{"id":3076,"date":"2012-06-07T23:03:39","date_gmt":"2012-06-07T23:03:39","guid":{"rendered":"http:\/\/defensoriaparana.com.ar\/?p=3076"},"modified":"2022-08-17T23:05:17","modified_gmt":"2022-08-17T23:05:17","slug":"la-defensoria-saluda-a-los-periodistas","status":"publish","type":"post","link":"https:\/\/defensoriaparana.com.ar\/index.php\/2012\/06\/07\/la-defensoria-saluda-a-los-periodistas\/","title":{"rendered":"La Defensor\u00eda saluda a los periodistas"},"content":{"rendered":"<p><em>Los Defensores del Pueblo de la Ciudad de Paran\u00e1, Luis Garay y Pablo Donad\u00edo, junto a los trabajadores de la instituci\u00f3n, saludamos a los periodistas en su d\u00eda y agradecemos su important\u00edsima labor que, en nuestro caso, constituye una canal fundamental para mantenernos cerca de los vecinos, de sus realidades y demandas. Valoramos profundamente la colaboraci\u00f3n de los trabajadores de prensa en la difusi\u00f3n de los derechos ciudadanos y de la tarea de esta instituci\u00f3n.<\/em><\/p>\n<h2><\/h2>\n<p>Luis Garay\u00a0\u00a0\u00a0\u00a0\u00a0\u00a0\u00a0\u00a0\u00a0\u00a0\u00a0\u00a0\u00a0\u00a0\u00a0\u00a0\u00a0\u00a0\u00a0\u00a0\u00a0\u00a0\u00a0\u00a0\u00a0\u00a0\u00a0\u00a0\u00a0\u00a0\u00a0\u00a0\u00a0\u00a0\u00a0\u00a0\u00a0\u00a0\u00a0\u00a0\u00a0\u00a0\u00a0\u00a0\u00a0\u00a0\u00a0\u00a0\u00a0\u00a0\u00a0\u00a0\u00a0\u00a0\u00a0\u00a0\u00a0\u00a0\u00a0\u00a0\u00a0\u00a0\u00a0\u00a0 Pablo Donad\u00edo<\/p>\n<p>Defensor del Pueblo\u00a0\u00a0\u00a0\u00a0\u00a0\u00a0\u00a0\u00a0\u00a0\u00a0\u00a0\u00a0\u00a0\u00a0\u00a0\u00a0\u00a0\u00a0\u00a0\u00a0\u00a0\u00a0\u00a0\u00a0\u00a0\u00a0\u00a0\u00a0\u00a0\u00a0\u00a0\u00a0\u00a0\u00a0\u00a0\u00a0\u00a0 Defensor del Pueblo adjunto<\/p>\n<p>&nbsp;<\/p>\n<p><strong>^*\u00abSi los pueblos no se ilustran, si no se vulgarizan sus derechos, si cada hombre no conoce lo que vale, lo que puede y lo que se le debe, nuevas ilusiones suceder\u00e1n a las antiguas, y despu\u00e9s de vacilar alg\u00fan tiempo entre mil incertidumbres, ser\u00e1 tal vez nuestra suerte mudar de tiranos sin destruir la tiran\u00eda\u00bb. Mariano Moreno, fundador de la Gazeta de Buenos Ayres, primer peri\u00f3dico de la etapa independentista.<\/strong><\/p>\n","protected":false},"excerpt":{"rendered":"<p>Los Defensores del Pueblo de la Ciudad de Paran\u00e1, Luis Garay y Pablo Donad\u00edo, junto a los trabajadores de la instituci\u00f3n, saludamos a los periodistas en su d\u00eda y agradecemos su important\u00edsima labor que, en nuestro caso, constituye una canal fundamental para mantenernos cerca de los vecinos, de sus realidades y demandas. Valoramos profundamente la [&hellip;]<\/p>\n","protected":false},"author":1,"featured_media":0,"comment_status":"open","ping_status":"open","sticky":false,"template":"","format":"standard","meta":{"om_disable_all_campaigns":false,"_monsterinsights_skip_tracking":false,"_monsterinsights_sitenote_active":false,"_monsterinsights_sitenote_note":"","_monsterinsights_sitenote_category":0},"categories":[1],"tags":[],"_links":{"self":[{"href":"https:\/\/defensoriaparana.com.ar\/index.php\/wp-json\/wp\/v2\/posts\/3076"}],"collection":[{"href":"https:\/\/defensoriaparana.com.ar\/index.php\/wp-json\/wp\/v2\/posts"}],"about":[{"href":"https:\/\/defensoriaparana.com.ar\/index.php\/wp-json\/wp\/v2\/types\/post"}],"author":[{"embeddable":true,"href":"https:\/\/defensoriaparana.com.ar\/index.php\/wp-json\/wp\/v2\/users\/1"}],"replies":[{"embeddable":true,"href":"https:\/\/defensoriaparana.com.ar\/index.php\/wp-json\/wp\/v2\/comments?post=3076"}],"version-history":[{"count":1,"href":"https:\/\/defensoriaparana.com.ar\/index.php\/wp-json\/wp\/v2\/posts\/3076\/revisions"}],"predecessor-version":[{"id":3079,"href":"https:\/\/defensoriaparana.com.ar\/index.php\/wp-json\/wp\/v2\/posts\/3076\/revisions\/3079"}],"wp:attachment":[{"href":"https:\/\/defensoriaparana.com.ar\/index.php\/wp-json\/wp\/v2\/media?parent=3076"}],"wp:term":[{"taxonomy":"category","embeddable":true,"href":"https:\/\/defensoriaparana.com.ar\/index.php\/wp-json\/wp\/v2\/categories?post=3076"},{"taxonomy":"post_tag","embeddable":true,"href":"https:\/\/defensoriaparana.com.ar\/index.php\/wp-json\/wp\/v2\/tags?post=3076"}],"curies":[{"name":"wp","href":"https:\/\/api.w.org\/{rel}","templated":true}]}}