{"id":3080,"date":"2012-07-13T23:06:36","date_gmt":"2012-07-13T23:06:36","guid":{"rendered":"http:\/\/defensoriaparana.com.ar\/?p=3080"},"modified":"2022-08-17T23:07:19","modified_gmt":"2022-08-17T23:07:19","slug":"el-defensor-del-pueblo-se-reunio-con-trabajadores-de-prensa","status":"publish","type":"post","link":"https:\/\/defensoriaparana.com.ar\/index.php\/2012\/07\/13\/el-defensor-del-pueblo-se-reunio-con-trabajadores-de-prensa\/","title":{"rendered":"El Defensor del Pueblo se reuni\u00f3 con trabajadores de prensa"},"content":{"rendered":"<p>El Defensor del Pueblo de\u00a0la Ciudad\u00a0de Paran\u00e1, Luis Garay, recibi\u00f3 hoy a trabajadores de prensa de El Diario y escuch\u00f3 en detalle el reclamo que viene llevando adelante el sector ante la falta de aplicaci\u00f3n en la provincia del convenio laboral (541), que rige en el pa\u00eds desde 2008.<\/p>\n<p>El Defensor consider\u00f3 que se trata de un pedido\u00a0\u00a0\u201cjusto\u201d y se mostr\u00f3 optimista de que\u00a0el conflicto pueda encontrar una soluci\u00f3n en el corto plazo.<\/p>\n<p>En el transcurso de la reuni\u00f3n, se inform\u00f3 sobre las condiciones laborales en general que tienen actualmente los trabajadores de prensa a la hora de ejercer su oficio y se mencion\u00f3, a modo de ejemplo del desfase salarial, que un empleado del matutino de Paran\u00e1 percibe un sueldo b\u00e1sico de 1.732 pesos cuando, de acuerdo a la escala\u00a0fijada en 2008 y peri\u00f3dicamente actualizada, hoy deber\u00eda cobrar 5.744 pesos.<\/p>\n<p>\u201cNo es descabellado lo que est\u00e1n pidiendo, est\u00e1 en el marco de la ley\u201d, interpret\u00f3 Garay, en relaci\u00f3n a que el convenio fue homologado por el Ministerio de Trabajo de\u00a0la Naci\u00f3n, que inclusive indica taxativamente que debe aplicarse en nuestra provincia.<\/p>\n<p>Un comunicado emitido por los trabajadores\u00a0consigna que los periodistas, reporteros gr\u00e1ficos y administrativos de El Diario han iniciado una ronda de reuniones con representantes de instituciones de la sociedad civil y autoridades pol\u00edticas con el fin de difundir su reclamo y dar a conocer la situaci\u00f3n del sector\u00a0de prensa en todo el territorio provincial.<\/p>\n<p>Asimismo -a\u00f1ade el parte de prensa- que \u00abse vienen movilizando a Tribunales para hacer p\u00fablica su preocupaci\u00f3n por la inminencia de un fallo que resultar\u00eda adverso a sus derechos. Concretamente, se refieren a la causa que est\u00e1 a consideraci\u00f3n de\u00a0la Sala\u00a0Laboral del Superior Tribunal de Justicia (STJ), que debe resolver sobre la aplicaci\u00f3n o no este convenio en Entre R\u00edos: mientras el Ministerio de Trabajo de\u00a0la Naci\u00f3n\u00a0y nueve jueces de\u00a0la Justicia\u00a0local sostienen que los salarios en Entre R\u00edos deben pagarse de acuerdo con la escala nacional, los empresarios niegan este derecho aduciendo oscuras razones, como si nuestra provincia no perteneciera al territorio nacional.\u00a0La Sala Laboral, integrada por los vocales Bernardo Salduna, Susana Medina de Rizzo y Germ\u00e1n Carlomagno, debe resolver en este momento acerca de esta cuesti\u00f3n, que en realidad ya est\u00e1 pr\u00e1cticamente saldada a la luz de la legislaci\u00f3n nacional y los fallos rubricados por nueve magistrados\u00bb.<\/p>\n","protected":false},"excerpt":{"rendered":"<p>El Defensor del Pueblo de\u00a0la Ciudad\u00a0de Paran\u00e1, Luis Garay, recibi\u00f3 hoy a trabajadores de prensa de El Diario y escuch\u00f3 en detalle el reclamo que viene llevando adelante el sector ante la falta de aplicaci\u00f3n en la provincia del convenio laboral (541), que rige en el pa\u00eds desde 2008. El Defensor consider\u00f3 que se trata [&hellip;]<\/p>\n","protected":false},"author":1,"featured_media":0,"comment_status":"open","ping_status":"open","sticky":false,"template":"","format":"standard","meta":{"om_disable_all_campaigns":false,"_monsterinsights_skip_tracking":false,"_monsterinsights_sitenote_active":false,"_monsterinsights_sitenote_note":"","_monsterinsights_sitenote_category":0},"categories":[1],"tags":[],"_links":{"self":[{"href":"https:\/\/defensoriaparana.com.ar\/index.php\/wp-json\/wp\/v2\/posts\/3080"}],"collection":[{"href":"https:\/\/defensoriaparana.com.ar\/index.php\/wp-json\/wp\/v2\/posts"}],"about":[{"href":"https:\/\/defensoriaparana.com.ar\/index.php\/wp-json\/wp\/v2\/types\/post"}],"author":[{"embeddable":true,"href":"https:\/\/defensoriaparana.com.ar\/index.php\/wp-json\/wp\/v2\/users\/1"}],"replies":[{"embeddable":true,"href":"https:\/\/defensoriaparana.com.ar\/index.php\/wp-json\/wp\/v2\/comments?post=3080"}],"version-history":[{"count":1,"href":"https:\/\/defensoriaparana.com.ar\/index.php\/wp-json\/wp\/v2\/posts\/3080\/revisions"}],"predecessor-version":[{"id":3083,"href":"https:\/\/defensoriaparana.com.ar\/index.php\/wp-json\/wp\/v2\/posts\/3080\/revisions\/3083"}],"wp:attachment":[{"href":"https:\/\/defensoriaparana.com.ar\/index.php\/wp-json\/wp\/v2\/media?parent=3080"}],"wp:term":[{"taxonomy":"category","embeddable":true,"href":"https:\/\/defensoriaparana.com.ar\/index.php\/wp-json\/wp\/v2\/categories?post=3080"},{"taxonomy":"post_tag","embeddable":true,"href":"https:\/\/defensoriaparana.com.ar\/index.php\/wp-json\/wp\/v2\/tags?post=3080"}],"curies":[{"name":"wp","href":"https:\/\/api.w.org\/{rel}","templated":true}]}}