{"id":3081,"date":"2012-07-12T23:06:37","date_gmt":"2012-07-12T23:06:37","guid":{"rendered":"http:\/\/defensoriaparana.com.ar\/?p=3081"},"modified":"2022-08-17T23:07:36","modified_gmt":"2022-08-17T23:07:36","slug":"colectivos-el-defensor-pidio-que-se-evalue-el-servicio-antes-de-hablar-de-suba-del-boleto","status":"publish","type":"post","link":"https:\/\/defensoriaparana.com.ar\/index.php\/2012\/07\/12\/colectivos-el-defensor-pidio-que-se-evalue-el-servicio-antes-de-hablar-de-suba-del-boleto\/","title":{"rendered":"Colectivos: El Defensor pidi\u00f3 que se eval\u00fae el servicio antes de hablar de suba del boleto"},"content":{"rendered":"<p>Tras\u00a0el pedido de los empresarios del transporte urbano de pasajeros de la ciudad de un aumento de precio del boleto, el Defensor del Pueblo de Paran\u00e1, Luis Garay, dijo que antes de hablar de una suba se debe evaluar c\u00f3mo se est\u00e1 funcionando el servicio.\u00a0\u00a0Es que, a\u00f1adi\u00f3, hay \u00bb muchas quejas\u00bb de la gente, \u00absobre todo porque las frecuencias siguen siendo muy irregulares\u201d.<\/p>\n<p>Coment\u00f3 que hay casos de usuarios que deben esperar hasta 50 minutos el colectivo, por lo que entendi\u00f3 que se tendr\u00edan que poner a circular m\u00e1s coches o modificar los horarios y el recorrido. Otra de las quejas radica en la falta de \u00a0 limpieza de los coches, detall\u00f3.<\/p>\n<p>\u201cLa gente se queja mucho de la espera que tiene que hacer porque las frecuencias son muy espaciadas y otro de los reclamos es que quienes viven cerca de las terminales o galpones de micros tienen que soportar el ruido cuando ponen en marcha los colectivos. Adem\u00e1s de que cuando los limpian dejan todo sucio en la vereda. Esas son cuestiones que las empresas deben revisar, hacerse cargo y reconocer que el servicio es deficiente\u201d, remarc\u00f3 el Defensor en declaraciones al programa\u00a0<em>A quien corresponda de Radio De la Plaza<\/em>.<\/p>\n<p>Indic\u00f3 adem\u00e1s que \u201chay cuestiones que ni siquiera est\u00e1n en el marco de la discusi\u00f3n como es el servicio para las personas con discapacidades f\u00edsicas. Estas son discusiones que nos merecemos los paranaenses, hay que poner en claro cu\u00e1l es el reclamo de la gente y a partir de ah\u00ed ver qu\u00e9 sucede\u201d, dijo.<\/p>\n<p>\u201cYo no voy a discutir el aumento hasta no ver los n\u00fameros\u00bb, afirm\u00f3, tras recordar que en otra oportunidad de solicitud de aumento tarifario los empresarios \u00abpresentaron una f\u00f3rmula pero hab\u00eda datos inciertos puesto que \u00abse hablaba de la amortizaci\u00f3n de algunos coches que ya estaban amortizados hac\u00eda varios a\u00f1os. Lo mismo pasa con los subsidios que cobran para algunos micros que no estaban funcionando. Hay que sentarse a charlar y tambi\u00e9n con los ciudadanos para saber lo que piensan y seguir conversando para mejorar el servicio\u201d, opin\u00f3.<br \/>\nEn cuanto a otros reclamos de los ciudadanos, consign\u00f3 que \u201chay muchas quejas por las tarjetas que no funcionan o que se rompen. Yo hab\u00eda propuesto el tema de que se pueda usar d\u00e9bito, pero al final fue una idea que no prosper\u00f3\u201d. Seg\u00fan trascendi\u00f3 p\u00fablicamente, el porcentaje del aumento solicitado ronda el 30%. El tema comenz\u00f3 a ser motivo de una ronda de reuniones entre empresarios y funcionarios municipales, luego de que el viernes pasado la ciudad quedara sin servicio debido a medidas de fuerza encaradas por los choferes en reclamo del pago del aguinaldo.<\/p>\n","protected":false},"excerpt":{"rendered":"<p>Tras\u00a0el pedido de los empresarios del transporte urbano de pasajeros de la ciudad de un aumento de precio del boleto, el Defensor del Pueblo de Paran\u00e1, Luis Garay, dijo que antes de hablar de una suba se debe evaluar c\u00f3mo se est\u00e1 funcionando el servicio.\u00a0\u00a0Es que, a\u00f1adi\u00f3, hay \u00bb muchas quejas\u00bb de la gente, \u00absobre [&hellip;]<\/p>\n","protected":false},"author":1,"featured_media":0,"comment_status":"open","ping_status":"open","sticky":false,"template":"","format":"standard","meta":{"om_disable_all_campaigns":false,"_monsterinsights_skip_tracking":false,"_monsterinsights_sitenote_active":false,"_monsterinsights_sitenote_note":"","_monsterinsights_sitenote_category":0},"categories":[1],"tags":[],"_links":{"self":[{"href":"https:\/\/defensoriaparana.com.ar\/index.php\/wp-json\/wp\/v2\/posts\/3081"}],"collection":[{"href":"https:\/\/defensoriaparana.com.ar\/index.php\/wp-json\/wp\/v2\/posts"}],"about":[{"href":"https:\/\/defensoriaparana.com.ar\/index.php\/wp-json\/wp\/v2\/types\/post"}],"author":[{"embeddable":true,"href":"https:\/\/defensoriaparana.com.ar\/index.php\/wp-json\/wp\/v2\/users\/1"}],"replies":[{"embeddable":true,"href":"https:\/\/defensoriaparana.com.ar\/index.php\/wp-json\/wp\/v2\/comments?post=3081"}],"version-history":[{"count":1,"href":"https:\/\/defensoriaparana.com.ar\/index.php\/wp-json\/wp\/v2\/posts\/3081\/revisions"}],"predecessor-version":[{"id":3084,"href":"https:\/\/defensoriaparana.com.ar\/index.php\/wp-json\/wp\/v2\/posts\/3081\/revisions\/3084"}],"wp:attachment":[{"href":"https:\/\/defensoriaparana.com.ar\/index.php\/wp-json\/wp\/v2\/media?parent=3081"}],"wp:term":[{"taxonomy":"category","embeddable":true,"href":"https:\/\/defensoriaparana.com.ar\/index.php\/wp-json\/wp\/v2\/categories?post=3081"},{"taxonomy":"post_tag","embeddable":true,"href":"https:\/\/defensoriaparana.com.ar\/index.php\/wp-json\/wp\/v2\/tags?post=3081"}],"curies":[{"name":"wp","href":"https:\/\/api.w.org\/{rel}","templated":true}]}}