{"id":3082,"date":"2012-07-10T23:06:38","date_gmt":"2012-07-10T23:06:38","guid":{"rendered":"http:\/\/defensoriaparana.com.ar\/?p=3082"},"modified":"2022-08-17T23:08:23","modified_gmt":"2022-08-17T23:08:23","slug":"defensores-analizaron-las-quejas-por-las-telefonicas-y-las-fotomultas","status":"publish","type":"post","link":"https:\/\/defensoriaparana.com.ar\/index.php\/2012\/07\/10\/defensores-analizaron-las-quejas-por-las-telefonicas-y-las-fotomultas\/","title":{"rendered":"Defensores analizaron las quejas por las telef\u00f3nicas y las fotomultas"},"content":{"rendered":"<p>En el segundo plenario anual de la Asociaci\u00f3n de Defensores del Pueblo de la Rep\u00fablica Argentina (Adpra), realizado entre el 4 y 6 de julio pasado, se analizaron los principales reclamos de los ciudadanos en servicios p\u00fablicos, medio ambiente y fotomultas.<\/p>\n<p>Los Defensores del Pueblo del pa\u00eds decidieron intervenir en el complejo universo de las telef\u00f3nicas, producto de la catarata de denuncias que recibieron en materia de las reiteradas fallas en el servicio, los frecuentes errores de facturaci\u00f3n, los cobros abusivos, los defectos que padecen las provincias lim\u00edtrofes en materia de roaming, la velocidad de internet que no coincide con lo contratado, el acoso a los usuarios con las post ventas, y la ausencia de inversi\u00f3n en infraestructura.<\/p>\n<p>La decisi\u00f3n de los Defensores, reunidos en la ciudad de Escobar, fue acercar el planteo a la Secretar\u00eda de Comunicaciones y a la Comisi\u00f3n Nacional de Comunicaciones (CNC), con el fin de proteger los derechos de millones de usuarios que se ven afectados a diario por abusos y deficiencias en la prestaci\u00f3n de servicio de telefon\u00eda.<\/p>\n<p><strong>Agroqu\u00edmicos y fotomultas.<\/strong><\/p>\n<p>Durante el encuentro, los Defensores tambi\u00e9n analizaron el impacto provocado por el uso de agroqu\u00edmicos en las regiones de su influencia y decidieron coordinar una investigaci\u00f3n nacional que refleje el estado de situaci\u00f3n, adem\u00e1s de llevar adelante una campa\u00f1a de concientizaci\u00f3n sobre los efectos que causan algunos productos qu\u00edmicos sobre la salud y el medio ambiente.<\/p>\n<p>Otro punto importante de debate estuvo relacionado a las complicaciones y abusos que sufren las personas en materia de fotomultas. En ese contexto, la Asociaci\u00f3n de Defensores del Pueblo de la Rep\u00fablica Argentina convoc\u00f3 a funcionarios de la Agencia Nacional de Seguridad Vialidad, quienes contestaron preguntas y explicaron los convenios interjurisdiccionales en materia de seguridad vial.<\/p>\n<p><strong>Fertilizaci\u00f3n asistida.<\/strong><\/p>\n<p>Por otro lado, el urgente tratamiento de la ley de fertilizaci\u00f3n asistida tuvo un pedido especial de los integrantes de la asociaci\u00f3n nacional y la preocupaci\u00f3n sobre una pol\u00edtica integral, el registro y la cobertura de las personas especializadas en el cuidado de las personas adultas mayores.<\/p>\n<p>Estuvieron presentes en el plenario organizado por la Defensora del Pueblo de la ciudad de Escobar, Roc\u00edo Fern\u00e1ndez; el Defensor del Pueblo de la provincia de Buenos Aires y presidente de ADPRA, Carlos Bonicatto; de Tucum\u00e1n, Hugo Cabral; de R\u00edo Negro, Nadina D\u00edas; de la ciudad de Santiago del Estero, Luis Ger; de R\u00edo Cuarto, Eduardo Mugnaini Fiad; de La Plata, Monserrat Lapalma; de Vicente L\u00f3pez, Celeste Voulliou; de Paran\u00e1, Luis Garay; de Neuqu\u00e9n, Ricardo Riva; de Pilar, Orlando Bargaglio; de Posadas, Marcelo Vairo; de La Banda, Eduardo Carabajal; de General Pueyrred\u00f3n, Beatriz Arza; de La Matanza, Silvia Caprino; de Avellaneda, Sebasti\u00e1n Vinagre; de Quilmes, Jos\u00e9 Mar\u00eda Salustio; de Mor\u00f3n, Abraham Gak, y representantes de Ciudad de Buenos Aires, Gabriela Moffson y Julio Spina; de Formosa, Julio Santander; de Naci\u00f3n Tom\u00e1s Dadic; de Santa F\u00e9, Jorge Sans\u00f3 de la Madrid; Fernando Daniluk y Anal\u00eda Colombo.<\/p>\n<p>En el cierre de la jornada, el presidente de la Adpra, Carlos Bonicatto, destac\u00f3 que \u201choy es un d\u00eda hist\u00f3rico para los defensores de los derechos humanos, para el pa\u00eds y el mundo, ya que en este momento est\u00e1n condenando a los represores por el aberrante delito de apropiaci\u00f3n ilegal de personas y dando un paso m\u00e1s para la construcci\u00f3n de una s\u00f3lida democracia basada en la justicia, la memoria y la verdad\u201d.<\/p>\n<p>Los Defensores culminar\u00e1n \u00a0sus actividades en la ciudad de Escobar, con un seminario sobre derechos humanos en el que disertaron la subsecretaria de Derechos Humanos de la Naci\u00f3n, Marita Perceval; el secretario de Derechos Humanos de la provincia de Buenos Aires, Guido Carlotto; Federico Di Bernardi, docente del Instituto de Derechos Humanos de la UNLP y el juez federal Carlos Rozanski, reconocido por llevar adelante juicios por delitos de lesa humanidad.<\/p>\n","protected":false},"excerpt":{"rendered":"<p>En el segundo plenario anual de la Asociaci\u00f3n de Defensores del Pueblo de la Rep\u00fablica Argentina (Adpra), realizado entre el 4 y 6 de julio pasado, se analizaron los principales reclamos de los ciudadanos en servicios p\u00fablicos, medio ambiente y fotomultas. Los Defensores del Pueblo del pa\u00eds decidieron intervenir en el complejo universo de las [&hellip;]<\/p>\n","protected":false},"author":1,"featured_media":0,"comment_status":"open","ping_status":"open","sticky":false,"template":"","format":"standard","meta":{"om_disable_all_campaigns":false,"_monsterinsights_skip_tracking":false,"_monsterinsights_sitenote_active":false,"_monsterinsights_sitenote_note":"","_monsterinsights_sitenote_category":0},"categories":[1],"tags":[],"_links":{"self":[{"href":"https:\/\/defensoriaparana.com.ar\/index.php\/wp-json\/wp\/v2\/posts\/3082"}],"collection":[{"href":"https:\/\/defensoriaparana.com.ar\/index.php\/wp-json\/wp\/v2\/posts"}],"about":[{"href":"https:\/\/defensoriaparana.com.ar\/index.php\/wp-json\/wp\/v2\/types\/post"}],"author":[{"embeddable":true,"href":"https:\/\/defensoriaparana.com.ar\/index.php\/wp-json\/wp\/v2\/users\/1"}],"replies":[{"embeddable":true,"href":"https:\/\/defensoriaparana.com.ar\/index.php\/wp-json\/wp\/v2\/comments?post=3082"}],"version-history":[{"count":2,"href":"https:\/\/defensoriaparana.com.ar\/index.php\/wp-json\/wp\/v2\/posts\/3082\/revisions"}],"predecessor-version":[{"id":3086,"href":"https:\/\/defensoriaparana.com.ar\/index.php\/wp-json\/wp\/v2\/posts\/3082\/revisions\/3086"}],"wp:attachment":[{"href":"https:\/\/defensoriaparana.com.ar\/index.php\/wp-json\/wp\/v2\/media?parent=3082"}],"wp:term":[{"taxonomy":"category","embeddable":true,"href":"https:\/\/defensoriaparana.com.ar\/index.php\/wp-json\/wp\/v2\/categories?post=3082"},{"taxonomy":"post_tag","embeddable":true,"href":"https:\/\/defensoriaparana.com.ar\/index.php\/wp-json\/wp\/v2\/tags?post=3082"}],"curies":[{"name":"wp","href":"https:\/\/api.w.org\/{rel}","templated":true}]}}