{"id":3087,"date":"2012-08-26T23:08:44","date_gmt":"2012-08-26T23:08:44","guid":{"rendered":"http:\/\/defensoriaparana.com.ar\/?p=3087"},"modified":"2022-08-17T23:09:44","modified_gmt":"2022-08-17T23:09:44","slug":"la-defensoria-permanecera-cerrada-el-martes","status":"publish","type":"post","link":"https:\/\/defensoriaparana.com.ar\/index.php\/2012\/08\/26\/la-defensoria-permanecera-cerrada-el-martes\/","title":{"rendered":"La Defensor\u00eda permanecer\u00e1 cerrada el martes"},"content":{"rendered":"<p>Ante la realizaci\u00f3n de una reuni\u00f3n nacional de Defensores del Pueblo en Paran\u00e1 el lunes\u00a0\u00a0y martes pr\u00f3ximos, la Defensor\u00eda de Paran\u00e1 reorganiz\u00f3 la atenci\u00f3n a los ciudadanos. El lunes habr\u00e1 una guardia que recibir\u00e1 las presentaciones de los vecinos en el horario habitual \u2013de 7.30 a 13.30-, mientras que el martes la instituci\u00f3n ubicada en calle Monte Caseros 159 permanecer\u00e1 cerrada.<\/p>\n","protected":false},"excerpt":{"rendered":"<p>Ante la realizaci\u00f3n de una reuni\u00f3n nacional de Defensores del Pueblo en Paran\u00e1 el lunes\u00a0\u00a0y martes pr\u00f3ximos, la Defensor\u00eda de Paran\u00e1 reorganiz\u00f3 la atenci\u00f3n a los ciudadanos. El lunes habr\u00e1 una guardia que recibir\u00e1 las presentaciones de los vecinos en el horario habitual \u2013de 7.30 a 13.30-, mientras que el martes la instituci\u00f3n ubicada en [&hellip;]<\/p>\n","protected":false},"author":1,"featured_media":0,"comment_status":"open","ping_status":"open","sticky":false,"template":"","format":"standard","meta":{"om_disable_all_campaigns":false,"_monsterinsights_skip_tracking":false,"_monsterinsights_sitenote_active":false,"_monsterinsights_sitenote_note":"","_monsterinsights_sitenote_category":0},"categories":[1],"tags":[],"_links":{"self":[{"href":"https:\/\/defensoriaparana.com.ar\/index.php\/wp-json\/wp\/v2\/posts\/3087"}],"collection":[{"href":"https:\/\/defensoriaparana.com.ar\/index.php\/wp-json\/wp\/v2\/posts"}],"about":[{"href":"https:\/\/defensoriaparana.com.ar\/index.php\/wp-json\/wp\/v2\/types\/post"}],"author":[{"embeddable":true,"href":"https:\/\/defensoriaparana.com.ar\/index.php\/wp-json\/wp\/v2\/users\/1"}],"replies":[{"embeddable":true,"href":"https:\/\/defensoriaparana.com.ar\/index.php\/wp-json\/wp\/v2\/comments?post=3087"}],"version-history":[{"count":1,"href":"https:\/\/defensoriaparana.com.ar\/index.php\/wp-json\/wp\/v2\/posts\/3087\/revisions"}],"predecessor-version":[{"id":3090,"href":"https:\/\/defensoriaparana.com.ar\/index.php\/wp-json\/wp\/v2\/posts\/3087\/revisions\/3090"}],"wp:attachment":[{"href":"https:\/\/defensoriaparana.com.ar\/index.php\/wp-json\/wp\/v2\/media?parent=3087"}],"wp:term":[{"taxonomy":"category","embeddable":true,"href":"https:\/\/defensoriaparana.com.ar\/index.php\/wp-json\/wp\/v2\/categories?post=3087"},{"taxonomy":"post_tag","embeddable":true,"href":"https:\/\/defensoriaparana.com.ar\/index.php\/wp-json\/wp\/v2\/tags?post=3087"}],"curies":[{"name":"wp","href":"https:\/\/api.w.org\/{rel}","templated":true}]}}