{"id":3088,"date":"2012-08-26T23:08:45","date_gmt":"2012-08-26T23:08:45","guid":{"rendered":"http:\/\/defensoriaparana.com.ar\/?p=3088"},"modified":"2022-08-17T23:10:02","modified_gmt":"2022-08-17T23:10:02","slug":"defensores-del-pueblo-del-pais-trataran-en-parana-una-nutrida-agenda-de-temas","status":"publish","type":"post","link":"https:\/\/defensoriaparana.com.ar\/index.php\/2012\/08\/26\/defensores-del-pueblo-del-pais-trataran-en-parana-una-nutrida-agenda-de-temas\/","title":{"rendered":"Defensores del Pueblo del pa\u00eds tratar\u00e1n en Paran\u00e1 una nutrida agenda de temas"},"content":{"rendered":"<p>El lunes y martes pr\u00f3ximos se reunir\u00e1n Defensores del Pueblo de distintos puntos del pa\u00eds en Paran\u00e1 para abordar una completa agenda de trabajo, que contempla como uno de los ejes principales el tema de la discapacidad.<\/p>\n<p>El encuentro ser\u00e1 en el marco del III Plenario Anual de la Asociaci\u00f3n de Defensores del Pueblo de la Rep\u00fablica Argentina (Adpra), entidad que agrupa a 37 instituciones de Argentina y que por primera vez sesionar\u00e1 en Paran\u00e1.\u00a0\u00a0La actividad contar\u00e1 con la presencia\u00a0\u00a0del titular de la Defensor\u00eda del Pueblo de la Naci\u00f3n, Anselmo Sella.<\/p>\n<p>El trabajo de los Defensores est\u00e1 previsto que comience el\u00a0lunes a las 10, en el Sal\u00f3n de Conferencias del Hotel Maran Suites &amp; Towers, en Avenida Alameda de la Federaci\u00f3n 698. El primer d\u00eda estar\u00e1 destinado al plenario de Defensores, mientras que el martes se desarrollar\u00e1 una jornada sobre\u00a0<em>Los derechos de las personas con discapacidad\u00a0<\/em>con la participaci\u00f3n de especialistas en el tema, representantes de organizaciones intermedias, instituciones educativas y \u00e1reas del Estado municipal y provincial.<\/p>\n<p><strong>Actividad del lunes.<\/strong><\/p>\n<p>En la primera jornada se pondr\u00e1 en debate de los Defensores los siguientes temas: an\u00e1lisis sobre las distintas iniciativas vinculadas a la instalaci\u00f3n de antenas de telefon\u00eda celular;\u00a0\u00a0an\u00e1lisis del examen peri\u00f3dico universal sobre la situaci\u00f3n de los derechos humanos en relaci\u00f3n con Argentina\u00a0\u00a0(Aporte del Instituto de Derechos Humanos de la Facultad de Ciencias Jur\u00eddicas y Sociales de la Universidad Nacional de La Plata -UNLP-); el cumplimiento del porcentaje m\u00ednimo obligatorio de empleados discapacitados que el Estado y empresas privadas\u00a0(art. 8 de la ley 22431) y\u00a0\u00a0un informe del\u00a0\u00a0Defensor del Pueblo de Posadas sobre una audiencia p\u00fablica vinculada a telefon\u00eda m\u00f3vil y gestiones ante la Comisi\u00f3n Nacional de Comunicaciones. Tambi\u00e9n, se evaluar\u00e1 una propuesta relacionada al fraccionamiento de las comunicaciones de telefon\u00eda celular.\u00a0\u00a0Seguidamente, se\u00a0\u00a0analizar\u00e1 la necesidad de que se instrumente un certificado \u00fanico de discapacidad, fundamentalmente para el uso del servicio de transporte p\u00fablico de pasajeros,\u00a0\u00a0unificando as\u00ed la normativa entre jurisdicciones nacionales, provinciales y municipales. Este \u00faltimo tema fue propuesto por la Defensor\u00eda del Pueblo de la Ciudad de Paran\u00e1, instituci\u00f3n que se expidi\u00f3 al respecto\u2013mediante una recomendaci\u00f3n-\u00a0\u00a0en 2011.<\/p>\n<p>Figuran adem\u00e1s en la agenda una iniciativa de elevar un proyecto al Congreso para que las empresas automotrices prevean, para el a\u00f1o 2013, que los veh\u00edculos (autos, camionetas, camiones) tengan un dispositivo que permita que se enciendan las luces bajas cuando arranque el motor; como as\u00ed tambi\u00e9n que posean matafuegos autorizados desde f\u00e1brica.<\/p>\n<p>En tanto, se pondr\u00e1n a consideraci\u00f3n sendas declaraciones de los Defensores del Pueblo frente a los hechos de violencia de g\u00e9nero y sobre el mal uso de agroqu\u00edmicos. Y se propondr\u00e1, entre otros temas, solicitar al Congreso nacional el tratamiento y sanci\u00f3n de la ley de creaci\u00f3n del mecanismo nacional de prevenci\u00f3n de la tortura, establecido en el protocolo facultativo de la Convenci\u00f3n Contra la Tortura y Otros Tratos o Penas Crueles, Inhumanos o Degradantes, adoptado en Nueva York, Estados Unidos, el 18 de diciembre de 2002.<\/p>\n<p><strong>Jornada sobre discapacidad.<\/strong><\/p>\n<p>El martes 28, de 8 y a 19, se desarrollar\u00e1 la jornada\u00a0<em>Los derechos de las personas con discapacidad<\/em>. Ser\u00e1 en el\u00a0Sal\u00f3n del Centro Cultural y de Convenciones de Entre R\u00edos \u201cLa Vieja Usina\u201d, en calle Gregoria Matorras 861, con ingreso abierto y gratuito.<\/p>\n<p>El acto de apertura est\u00e1 previsto para las 8.30 con la presencia de la\u00a0\u00a0Presidenta Municipal, Blanca Osuna;\u00a0\u00a0Luis Garay, Defensor del Pueblo de la Ciudad de Paran\u00e1; Mart\u00edn D\u00edaz Achaval, Vicepresidente de Adpra y Defensor del Pueblo de la provincia de Santiago del Estero; y Gast\u00f3n Grand, presidente del Concejo Deliberante de Paran\u00e1. Entre los temas que se abordar\u00e1n, mediante expositores y trabajo en paneles y mesas de di\u00e1logos, figuran:\u00a0Transporte y Accesibilidad, Trabajo y Seguridad Social, Educaci\u00f3n,\u00a0Salud y Obras Sociales y Acceso a los derechos. En el cierre de la jornada actuar\u00e1\u00a0el Coro de la Ciudad, dirigido por Malena Caraffa.<\/p>\n<p>Paralelamente al tercer plenario y a la Jornada sobre discapacidad, se reunir\u00e1n las redes de Discapacidad, Infancia, Mujeres y Comunicaci\u00f3n y Relaciones Institucionales de Adpra.<\/p>\n","protected":false},"excerpt":{"rendered":"<p>El lunes y martes pr\u00f3ximos se reunir\u00e1n Defensores del Pueblo de distintos puntos del pa\u00eds en Paran\u00e1 para abordar una completa agenda de trabajo, que contempla como uno de los ejes principales el tema de la discapacidad. El encuentro ser\u00e1 en el marco del III Plenario Anual de la Asociaci\u00f3n de Defensores del Pueblo de [&hellip;]<\/p>\n","protected":false},"author":1,"featured_media":0,"comment_status":"open","ping_status":"open","sticky":false,"template":"","format":"standard","meta":{"om_disable_all_campaigns":false,"_monsterinsights_skip_tracking":false,"_monsterinsights_sitenote_active":false,"_monsterinsights_sitenote_note":"","_monsterinsights_sitenote_category":0},"categories":[1],"tags":[],"_links":{"self":[{"href":"https:\/\/defensoriaparana.com.ar\/index.php\/wp-json\/wp\/v2\/posts\/3088"}],"collection":[{"href":"https:\/\/defensoriaparana.com.ar\/index.php\/wp-json\/wp\/v2\/posts"}],"about":[{"href":"https:\/\/defensoriaparana.com.ar\/index.php\/wp-json\/wp\/v2\/types\/post"}],"author":[{"embeddable":true,"href":"https:\/\/defensoriaparana.com.ar\/index.php\/wp-json\/wp\/v2\/users\/1"}],"replies":[{"embeddable":true,"href":"https:\/\/defensoriaparana.com.ar\/index.php\/wp-json\/wp\/v2\/comments?post=3088"}],"version-history":[{"count":1,"href":"https:\/\/defensoriaparana.com.ar\/index.php\/wp-json\/wp\/v2\/posts\/3088\/revisions"}],"predecessor-version":[{"id":3091,"href":"https:\/\/defensoriaparana.com.ar\/index.php\/wp-json\/wp\/v2\/posts\/3088\/revisions\/3091"}],"wp:attachment":[{"href":"https:\/\/defensoriaparana.com.ar\/index.php\/wp-json\/wp\/v2\/media?parent=3088"}],"wp:term":[{"taxonomy":"category","embeddable":true,"href":"https:\/\/defensoriaparana.com.ar\/index.php\/wp-json\/wp\/v2\/categories?post=3088"},{"taxonomy":"post_tag","embeddable":true,"href":"https:\/\/defensoriaparana.com.ar\/index.php\/wp-json\/wp\/v2\/tags?post=3088"}],"curies":[{"name":"wp","href":"https:\/\/api.w.org\/{rel}","templated":true}]}}