{"id":3094,"date":"2012-11-03T23:11:31","date_gmt":"2012-11-03T23:11:31","guid":{"rendered":"http:\/\/defensoriaparana.com.ar\/?p=3094"},"modified":"2022-08-17T23:12:53","modified_gmt":"2022-08-17T23:12:53","slug":"el-centro-de-mediacion-ya-tiene-coordinadora","status":"publish","type":"post","link":"https:\/\/defensoriaparana.com.ar\/index.php\/2012\/11\/03\/el-centro-de-mediacion-ya-tiene-coordinadora\/","title":{"rendered":"El Centro de Mediaci\u00f3n ya tiene coordinadora"},"content":{"rendered":"<p><em>El cargo estuvo vacante durante tres a\u00f1os. La designaci\u00f3n recay\u00f3 en Irina Chausovsky, tras la concreci\u00f3n de un concurso p\u00fablico de oposici\u00f3n y antecedentes.<\/em><\/p>\n<p>Desde el \u00a01\u00ba \u00a0de noviembre, la coordinaci\u00f3n del Centro de Mediaci\u00f3n Comunitaria e la Defensor\u00eda del Pueblo de la Ciudad de Paran\u00e1 qued\u00f3 a cargo de la abogada y mediadora Irina Chausovsky. La designaci\u00f3n se resolvi\u00f3 tras la concreci\u00f3n de un oncurso p\u00fablico de oposici\u00f3n y antecedentes realizado en septiembre, en el que la profesional obtuvo un alto puntaje en vista de su experiencia en la materia y de un proyecto de trabajo de gesti\u00f3n elaborado en ese marco.<\/p>\n<p>El jurado del concurso, convocado por el Concejo Deliberante, estuvo integrado por los abogados V\u00edctor Jorge Jaef, Silvia In\u00e9s Campos y Amado Siede. \u00a0Del proceso participaron, en car\u00e1cter de veedores, el Defensor del Pueblo Adjunto, Prof. Pablo Donad\u00edo, y el Coordinador Jur\u00eddico, Legislativo y Contable del Concejo Deliberante, Dr. Fernando Schmit. Al fundamentar su decisi\u00f3n, el jurado expres\u00f3 que la abogada Chausovsky \u201cse destaca de modo evidente, por acreditar una amplia formaci\u00f3n en mediaci\u00f3n comunitaria, habiendo asistido a numerosas jornadas, congresos, talleres y diversas instancias de capacitaci\u00f3n, obteniendo premios y distinciones\u201d. \u00a0Se menciona adem\u00e1s \u00a0su participaci\u00f3n como disertante en diversas jornadas y congresos y \u00a0se destacan su intervenci\u00f3n como docente en cuestiones vinculadas a la mediaci\u00f3n y la publicaci\u00f3n de varios art\u00edculos en la materia. As\u00ed, el Jurado le otorg\u00f3 40 puntos en la evaluaci\u00f3n de sus antecedentes y 50 puntos en la evaluaci\u00f3n de la presentaci\u00f3n y defensa de su proyecto de \u201cContinuidad de Funcionamiento del Centro de Mediaci\u00f3n\u201d de la Defensor\u00eda del Pueblo de Paran\u00e1.<\/p>\n<p>Tras el resultado del concurso, el Concejo Deliberante, en una sesi\u00f3n realizada el 31 de octubre, aprob\u00f3\u00a0 un proyecto de decreto presentado por los ediles Marcelo Haddad (PS-Frente Progresista), Cristina Sosa (FJPV) y Roxana Villagra (UCR), designando a Irina Chausovsky en el cargo de Coordinadora del Centro de Mediaci\u00f3n de la Defensor\u00eda del Pueblo de Paran\u00e1. Lo hizo en raz\u00f3n del dictamen remitido por la Comisi\u00f3n de Enlace del organismo y luego del respectivo concurso convocado para cubrir esa funci\u00f3n. \u00a0El cargo de Coordinador\/a del Centro de Mediaci\u00f3n permanec\u00eda vacante desde 2008, cuando finaliz\u00f3 el mandato de Martha Arr\u00edas.\u00a0Desde entonces Irina Chausovsky, quien es personal del Defensor\u00eda,\u00a0estaba a cargo de la articulaci\u00f3n del trabajo en mediaci\u00f3n.<\/p>\n","protected":false},"excerpt":{"rendered":"<p>El cargo estuvo vacante durante tres a\u00f1os. La designaci\u00f3n recay\u00f3 en Irina Chausovsky, tras la concreci\u00f3n de un concurso p\u00fablico de oposici\u00f3n y antecedentes. Desde el \u00a01\u00ba \u00a0de noviembre, la coordinaci\u00f3n del Centro de Mediaci\u00f3n Comunitaria e la Defensor\u00eda del Pueblo de la Ciudad de Paran\u00e1 qued\u00f3 a cargo de la abogada y mediadora Irina [&hellip;]<\/p>\n","protected":false},"author":1,"featured_media":0,"comment_status":"open","ping_status":"open","sticky":false,"template":"","format":"standard","meta":{"om_disable_all_campaigns":false,"_monsterinsights_skip_tracking":false,"_monsterinsights_sitenote_active":false,"_monsterinsights_sitenote_note":"","_monsterinsights_sitenote_category":0},"categories":[1],"tags":[],"_links":{"self":[{"href":"https:\/\/defensoriaparana.com.ar\/index.php\/wp-json\/wp\/v2\/posts\/3094"}],"collection":[{"href":"https:\/\/defensoriaparana.com.ar\/index.php\/wp-json\/wp\/v2\/posts"}],"about":[{"href":"https:\/\/defensoriaparana.com.ar\/index.php\/wp-json\/wp\/v2\/types\/post"}],"author":[{"embeddable":true,"href":"https:\/\/defensoriaparana.com.ar\/index.php\/wp-json\/wp\/v2\/users\/1"}],"replies":[{"embeddable":true,"href":"https:\/\/defensoriaparana.com.ar\/index.php\/wp-json\/wp\/v2\/comments?post=3094"}],"version-history":[{"count":1,"href":"https:\/\/defensoriaparana.com.ar\/index.php\/wp-json\/wp\/v2\/posts\/3094\/revisions"}],"predecessor-version":[{"id":3097,"href":"https:\/\/defensoriaparana.com.ar\/index.php\/wp-json\/wp\/v2\/posts\/3094\/revisions\/3097"}],"wp:attachment":[{"href":"https:\/\/defensoriaparana.com.ar\/index.php\/wp-json\/wp\/v2\/media?parent=3094"}],"wp:term":[{"taxonomy":"category","embeddable":true,"href":"https:\/\/defensoriaparana.com.ar\/index.php\/wp-json\/wp\/v2\/categories?post=3094"},{"taxonomy":"post_tag","embeddable":true,"href":"https:\/\/defensoriaparana.com.ar\/index.php\/wp-json\/wp\/v2\/tags?post=3094"}],"curies":[{"name":"wp","href":"https:\/\/api.w.org\/{rel}","templated":true}]}}