{"id":3099,"date":"2020-12-30T23:14:23","date_gmt":"2020-12-30T23:14:23","guid":{"rendered":"http:\/\/defensoriaparana.com.ar\/?p=3099"},"modified":"2022-08-17T23:15:23","modified_gmt":"2022-08-17T23:15:23","slug":"finalizaron-los-talleres-instrumentados-por-el-centro-de-mediacion-para-personas-en-situacion-de-calle-2","status":"publish","type":"post","link":"https:\/\/defensoriaparana.com.ar\/index.php\/2020\/12\/30\/finalizaron-los-talleres-instrumentados-por-el-centro-de-mediacion-para-personas-en-situacion-de-calle-2\/","title":{"rendered":"Finalizaron los talleres instrumentados por el Centro de Mediaci\u00f3n para personas en situaci\u00f3n de calle"},"content":{"rendered":"<p>Ante la proximidad de fin de a\u00f1o, se dio un cierre temporal a los talleres que desarroll\u00f3 el Centro de Mediaci\u00f3n de la Defensor\u00eda del Pueblo de Paran\u00e1 durante la etapa de pandemia en el Centro Integrador Comunitario Este (CIC II), lugar que se constituy\u00f3 en un refugio municipal para personas en situaci\u00f3n de calle a partir de marzo, cuando entr\u00f3 en vigencia el aislamiento obligatorio. Tambi\u00e9n, durante el 2020, se instrumentaron distintas instancias de acompa\u00f1amiento en la Casa de la Mujer y el Hogar Madre Teresa de Calcuta, residencia de varones adultos mayores en situaci\u00f3n de calle. En estos lugares, un grupo de mediadores voluntarios desarroll\u00f3 rondas de escucha, conversaci\u00f3n y lectura en el marco del programa de Acciones Solidarias en Contexto de Pandemia, pensado desde el Centro de Mediaci\u00f3n como una manera de aportar contenci\u00f3n durante los tiempos in\u00e9ditos de este a\u00f1o. La propuesta contin\u00faa a partir de enero pr\u00f3ximo en el Hogar Teresa de Calcuta.<\/p>\n<div id=\"attachment_7852\" class=\"wp-caption alignnone\"><img loading=\"lazy\" class=\" wp-image-7852\" src=\"http:\/\/www.defensoriaparana.gov.ar\/wp-content\/uploads\/taller-calcuta.jpeg\" sizes=\"(max-width: 460px) 100vw, 460px\" srcset=\"https:\/\/www.defensoriaparana.gov.ar\/wp-content\/uploads\/taller-calcuta.jpeg 768w, https:\/\/www.defensoriaparana.gov.ar\/wp-content\/uploads\/taller-calcuta-225x300.jpeg 225w, https:\/\/www.defensoriaparana.gov.ar\/wp-content\/uploads\/taller-calcuta-170x227.jpeg 170w, https:\/\/www.defensoriaparana.gov.ar\/wp-content\/uploads\/taller-calcuta-284x379.jpeg 284w\" alt=\"\" width=\"460\" height=\"613\" \/><\/p>\n<p class=\"wp-caption-text\">Talleres y rondas de escucha en el Hogar Teresa de Calcuta.<\/p>\n<\/div>\n<p><img loading=\"lazy\" class=\"alignnone wp-image-7853\" src=\"http:\/\/www.defensoriaparana.gov.ar\/wp-content\/uploads\/calculta.jpeg\" sizes=\"(max-width: 533px) 100vw, 533px\" srcset=\"https:\/\/www.defensoriaparana.gov.ar\/wp-content\/uploads\/calculta.jpeg 600w, https:\/\/www.defensoriaparana.gov.ar\/wp-content\/uploads\/calculta-300x200.jpeg 300w, https:\/\/www.defensoriaparana.gov.ar\/wp-content\/uploads\/calculta-170x113.jpeg 170w, https:\/\/www.defensoriaparana.gov.ar\/wp-content\/uploads\/calculta-284x189.jpeg 284w, https:\/\/www.defensoriaparana.gov.ar\/wp-content\/uploads\/calculta-135x90.jpeg 135w\" alt=\"\" width=\"533\" height=\"355\" \/><\/p>\n<p>Los residentes en el Hogar tambi\u00e9n pudieron participar del Taller de Palabra, conducido de manera voluntaria por Silvana Goldemberg, escritora entrerriana que reside en Canad\u00e1 desde donde se conectaba v\u00eda online todos los viernes.<\/p>\n<p>En el CIC se sostuvieron -con una marcada participaci\u00f3n- los talleres de lectura y pl\u00e1stica. El primero estuvo a cargo de Silvina Su\u00e1rez, integrante del Centro de Mediaci\u00f3n, y la actividad sum\u00f3 durante su desarrollo la conformaci\u00f3n de una biblioteca propia a partir de una colecta de libros y revistas organizada por mediadores. El taller de pl\u00e1stica estuvo guiado por Andr\u00e9s Leiva, artista pl\u00e1stico y muralista, parte tambi\u00e9n del equipo de trabajo del Centro. Durante el a\u00f1o se concretaron murales comunitarios, entre otras actividades que tuvieron como centro la participaci\u00f3n de las personas residentes en el lugar. Adem\u00e1s, los mi\u00e9rcoles se mantuvieron las rondas de conversaci\u00f3n y escucha.<\/p>\n<div id=\"attachment_7855\" class=\"wp-caption alignnone\"><img loading=\"lazy\" class=\" wp-image-7855\" src=\"http:\/\/www.defensoriaparana.gov.ar\/wp-content\/uploads\/Mural-CIC-Agosto.jpg\" sizes=\"(max-width: 446px) 100vw, 446px\" srcset=\"https:\/\/www.defensoriaparana.gov.ar\/wp-content\/uploads\/Mural-CIC-Agosto.jpg 768w, https:\/\/www.defensoriaparana.gov.ar\/wp-content\/uploads\/Mural-CIC-Agosto-150x150.jpg 150w, https:\/\/www.defensoriaparana.gov.ar\/wp-content\/uploads\/Mural-CIC-Agosto-300x300.jpg 300w, https:\/\/www.defensoriaparana.gov.ar\/wp-content\/uploads\/Mural-CIC-Agosto-32x32.jpg 32w, https:\/\/www.defensoriaparana.gov.ar\/wp-content\/uploads\/Mural-CIC-Agosto-170x170.jpg 170w, https:\/\/www.defensoriaparana.gov.ar\/wp-content\/uploads\/Mural-CIC-Agosto-284x284.jpg 284w\" alt=\"\" width=\"446\" height=\"446\" \/><\/p>\n<p class=\"wp-caption-text\">Etapa de trabajo de bocetos de un mural comunitario pintado en el paredes del CIC en agosto. Andr\u00e9s Leiva, a cargo del taller.<\/p>\n<\/div>\n<div id=\"attachment_7857\" class=\"wp-caption alignnone\"><img loading=\"lazy\" class=\" wp-image-7857\" src=\"http:\/\/www.defensoriaparana.gov.ar\/wp-content\/uploads\/Mural-agosto.jpg\" sizes=\"(max-width: 359px) 100vw, 359px\" srcset=\"https:\/\/www.defensoriaparana.gov.ar\/wp-content\/uploads\/Mural-agosto.jpg 768w, https:\/\/www.defensoriaparana.gov.ar\/wp-content\/uploads\/Mural-agosto-150x150.jpg 150w, https:\/\/www.defensoriaparana.gov.ar\/wp-content\/uploads\/Mural-agosto-300x300.jpg 300w, https:\/\/www.defensoriaparana.gov.ar\/wp-content\/uploads\/Mural-agosto-32x32.jpg 32w, https:\/\/www.defensoriaparana.gov.ar\/wp-content\/uploads\/Mural-agosto-170x170.jpg 170w, https:\/\/www.defensoriaparana.gov.ar\/wp-content\/uploads\/Mural-agosto-284x284.jpg 284w\" alt=\"\" width=\"359\" height=\"359\" \/><\/p>\n<p class=\"wp-caption-text\">Parte del mural pintado en agosto.<\/p>\n<\/div>\n<div id=\"attachment_7858\" class=\"wp-caption alignnone\"><img loading=\"lazy\" class=\" wp-image-7858\" src=\"http:\/\/www.defensoriaparana.gov.ar\/wp-content\/uploads\/mural-diciembre.jpeg\" sizes=\"(max-width: 464px) 100vw, 464px\" srcset=\"https:\/\/www.defensoriaparana.gov.ar\/wp-content\/uploads\/mural-diciembre.jpeg 768w, https:\/\/www.defensoriaparana.gov.ar\/wp-content\/uploads\/mural-diciembre-300x225.jpeg 300w, https:\/\/www.defensoriaparana.gov.ar\/wp-content\/uploads\/mural-diciembre-170x128.jpeg 170w, https:\/\/www.defensoriaparana.gov.ar\/wp-content\/uploads\/mural-diciembre-284x213.jpeg 284w\" alt=\"\" width=\"464\" height=\"348\" \/><\/p>\n<p class=\"wp-caption-text\">Mural pintado en diciembre.<\/p>\n<\/div>\n<p>Tras el breve resumen de lo realizado, cabe remarcar que la intenci\u00f3n de quienes conducen e integran los talleres es reiniciarlos el pr\u00f3ximo a\u00f1o, en vista de los excelentes resultados y adhesi\u00f3n obtenidos durante la experiencia vivida en 2020.<\/p>\n<p>Cabe recordar que la Defensor\u00eda del Pueblo, junto a una veintena de instituciones y organizaciones de la ciudad, conforma la Red por los derechos de las personas en situaci\u00f3n de calle. El espacio qued\u00f3 conformado en 2019, en base al principio La calle no es un lugar para vivir, convicci\u00f3n que ha motorizado acciones e intervenciones de la Defensor\u00eda del Pueblo desde los inicios de la instituci\u00f3n, en 2003, con el fin de requerir pol\u00edticas p\u00fablicas que atiendan las situaciones extremas, de vulneraci\u00f3n de derechos de quienes no tienen otra opci\u00f3n que permanecer en la calle.<\/p>\n<p><strong>De colectas y actitudes solidarias<\/strong><\/p>\n<p>La organizaci\u00f3n de colectas solidarias fue uno de los ejes de trabajo, junto al de ofrecer escucha, que inspir\u00f3 al programa Acciones Solidarias en Contexto de Pandemia, organizado por mediadores comunitarios perteneciente al Registro ad honorem de la Defensor\u00eda del Pueblo. As\u00ed se organizaron colectas. Las dos primeras fueron de alimentos y se iniciaron en agosto. Los aportes de esta convocatoria se distribuyeron en los merenderos de la ciudad y a familias de ni\u00f1os y ni\u00f1as de la comunidad de la Escuela N\u00ba 190, Obispo Gelabert y Crespo, ubicada en Avenida de las Am\u00e9ricas al 1900. La tercera fue de libros, revistas, juegos de mesa y \u00fatiles escolares en general, con el fin de colaborar en la creaci\u00f3n y fortalecimiento de bibliotecas y aportar elementos valiosos a talleres de lectura y de apoyo educativo que integrantes del Centro de Mediaci\u00f3n brindan en instituciones de la ciudad, con las que la Defensor\u00eda del Pueblo de Paran\u00e1 viene articulando acciones desde hace tiempo.<\/p>\n<p>&nbsp;<\/p>\n<div id=\"attachment_7861\" class=\"wp-caption alignnone\"><img loading=\"lazy\" class=\" wp-image-7861\" src=\"http:\/\/www.defensoriaparana.gov.ar\/wp-content\/uploads\/libros.jpg\" sizes=\"(max-width: 461px) 100vw, 461px\" srcset=\"https:\/\/www.defensoriaparana.gov.ar\/wp-content\/uploads\/libros.jpg 1560w, https:\/\/www.defensoriaparana.gov.ar\/wp-content\/uploads\/libros-300x225.jpg 300w, https:\/\/www.defensoriaparana.gov.ar\/wp-content\/uploads\/libros-768x576.jpg 768w, https:\/\/www.defensoriaparana.gov.ar\/wp-content\/uploads\/libros-1024x768.jpg 1024w, https:\/\/www.defensoriaparana.gov.ar\/wp-content\/uploads\/libros-170x128.jpg 170w, https:\/\/www.defensoriaparana.gov.ar\/wp-content\/uploads\/libros-284x213.jpg 284w\" alt=\"\" width=\"461\" height=\"346\" \/><\/p>\n<p class=\"wp-caption-text\">Libros y revistas aportados en la colecta.<\/p>\n<\/div>\n<div id=\"attachment_7859\" class=\"wp-caption alignnone\"><img loading=\"lazy\" class=\" wp-image-7859\" src=\"http:\/\/www.defensoriaparana.gov.ar\/wp-content\/uploads\/LIBROS-s.jpg\" sizes=\"(max-width: 318px) 100vw, 318px\" srcset=\"https:\/\/www.defensoriaparana.gov.ar\/wp-content\/uploads\/LIBROS-s.jpg 1170w, https:\/\/www.defensoriaparana.gov.ar\/wp-content\/uploads\/LIBROS-s-225x300.jpg 225w, https:\/\/www.defensoriaparana.gov.ar\/wp-content\/uploads\/LIBROS-s-768x1024.jpg 768w, https:\/\/www.defensoriaparana.gov.ar\/wp-content\/uploads\/LIBROS-s-170x227.jpg 170w, https:\/\/www.defensoriaparana.gov.ar\/wp-content\/uploads\/LIBROS-s-284x379.jpg 284w\" alt=\"\" width=\"318\" height=\"424\" \/><\/p>\n<p class=\"wp-caption-text\">Silvina Su\u00e1rez condujo el taller de lectura en el CIC.<\/p>\n<\/div>\n<div id=\"attachment_7860\" class=\"wp-caption alignnone\"><img loading=\"lazy\" class=\" wp-image-7860\" src=\"http:\/\/www.defensoriaparana.gov.ar\/wp-content\/uploads\/libros-colecta-CIC.jpg\" sizes=\"(max-width: 537px) 100vw, 537px\" srcset=\"https:\/\/www.defensoriaparana.gov.ar\/wp-content\/uploads\/libros-colecta-CIC.jpg 768w, https:\/\/www.defensoriaparana.gov.ar\/wp-content\/uploads\/libros-colecta-CIC-300x169.jpg 300w, https:\/\/www.defensoriaparana.gov.ar\/wp-content\/uploads\/libros-colecta-CIC-170x96.jpg 170w, https:\/\/www.defensoriaparana.gov.ar\/wp-content\/uploads\/libros-colecta-CIC-284x160.jpg 284w\" alt=\"\" width=\"537\" height=\"302\" \/><\/p>\n<p class=\"wp-caption-text\">La propuesta gener\u00f3 inter\u00e9s y adhesi\u00f3n en el CIC.<\/p>\n<\/div>\n<p>Y la \u00faltima fue en octubre y se trat\u00f3 de reunir elementos de limpieza e higiene personal a beneficio de la Red Puentes y Hogar de Cristo, \u00e1mbitos donde se acoge a personas, principalmente j\u00f3venes, con problem\u00e1ticas de pobreza, consumos de sustancias y en situaci\u00f3n de calle. Ambas organizaciones \u2013una es un dispositivo del Movimiento Popular La Dignidad y la otra es parte de la iglesia cat\u00f3lica- conforman, junto a la Defensor\u00eda del Pueblo de la Ciudad de Paran\u00e1 y otra decena de instituciones, la Red por los derechos de las personas en situaci\u00f3n de calle.<\/p>\n","protected":false},"excerpt":{"rendered":"<p>Ante la proximidad de fin de a\u00f1o, se dio un cierre temporal a los talleres que desarroll\u00f3 el Centro de Mediaci\u00f3n de la Defensor\u00eda del Pueblo de Paran\u00e1 durante la etapa de pandemia en el Centro Integrador Comunitario Este (CIC II), lugar que se constituy\u00f3 en un refugio municipal para personas en situaci\u00f3n de calle [&hellip;]<\/p>\n","protected":false},"author":1,"featured_media":0,"comment_status":"open","ping_status":"open","sticky":false,"template":"","format":"standard","meta":{"om_disable_all_campaigns":false,"_monsterinsights_skip_tracking":false,"_monsterinsights_sitenote_active":false,"_monsterinsights_sitenote_note":"","_monsterinsights_sitenote_category":0},"categories":[1],"tags":[],"_links":{"self":[{"href":"https:\/\/defensoriaparana.com.ar\/index.php\/wp-json\/wp\/v2\/posts\/3099"}],"collection":[{"href":"https:\/\/defensoriaparana.com.ar\/index.php\/wp-json\/wp\/v2\/posts"}],"about":[{"href":"https:\/\/defensoriaparana.com.ar\/index.php\/wp-json\/wp\/v2\/types\/post"}],"author":[{"embeddable":true,"href":"https:\/\/defensoriaparana.com.ar\/index.php\/wp-json\/wp\/v2\/users\/1"}],"replies":[{"embeddable":true,"href":"https:\/\/defensoriaparana.com.ar\/index.php\/wp-json\/wp\/v2\/comments?post=3099"}],"version-history":[{"count":1,"href":"https:\/\/defensoriaparana.com.ar\/index.php\/wp-json\/wp\/v2\/posts\/3099\/revisions"}],"predecessor-version":[{"id":3102,"href":"https:\/\/defensoriaparana.com.ar\/index.php\/wp-json\/wp\/v2\/posts\/3099\/revisions\/3102"}],"wp:attachment":[{"href":"https:\/\/defensoriaparana.com.ar\/index.php\/wp-json\/wp\/v2\/media?parent=3099"}],"wp:term":[{"taxonomy":"category","embeddable":true,"href":"https:\/\/defensoriaparana.com.ar\/index.php\/wp-json\/wp\/v2\/categories?post=3099"},{"taxonomy":"post_tag","embeddable":true,"href":"https:\/\/defensoriaparana.com.ar\/index.php\/wp-json\/wp\/v2\/tags?post=3099"}],"curies":[{"name":"wp","href":"https:\/\/api.w.org\/{rel}","templated":true}]}}