{"id":3100,"date":"2020-12-26T23:14:24","date_gmt":"2020-12-26T23:14:24","guid":{"rendered":"http:\/\/defensoriaparana.com.ar\/?p=3100"},"modified":"2022-08-17T23:15:41","modified_gmt":"2022-08-17T23:15:41","slug":"como-sera-la-atencion-de-la-defensoria-del-pueblo-en-los-proximos-dias-2","status":"publish","type":"post","link":"https:\/\/defensoriaparana.com.ar\/index.php\/2020\/12\/26\/como-sera-la-atencion-de-la-defensoria-del-pueblo-en-los-proximos-dias-2\/","title":{"rendered":"C\u00f3mo ser\u00e1 la atenci\u00f3n de la Defensor\u00eda del Pueblo en los pr\u00f3ximos d\u00edas"},"content":{"rendered":"<p>Con motivo de las fechas de fin de a\u00f1o y el receso administrativo declarado para enero, la atenci\u00f3n en la Defensor\u00eda del Pueblo de la Ciudad de Paran\u00e1 se modificar\u00e1 en los pr\u00f3ximos d\u00edas. As\u00ed, en adhesi\u00f3n a las disposiciones de asueto y receso en el \u00e1mbito municipal, desde el 28 al 31 de diciembre no habr\u00e1 atenci\u00f3n en las oficinas de calle Monte Caseros 159 y 161,\u00a0 retom\u00e1ndose la actividad el 4 de enero pr\u00f3ximo. A partir de ese d\u00eda (4) hasta el 29 de enero, las oficinas estar\u00e1n abiertas a la ciudadan\u00eda de 8 a 12.<\/p>\n<div id=\"attachment_7849\" class=\"wp-caption alignnone\"><img loading=\"lazy\" class=\"size-full wp-image-7849\" src=\"http:\/\/www.defensoriaparana.gov.ar\/wp-content\/uploads\/descarga-4-1.jpg\" sizes=\"(max-width: 275px) 100vw, 275px\" srcset=\"https:\/\/www.defensoriaparana.gov.ar\/wp-content\/uploads\/descarga-4-1.jpg 275w, https:\/\/www.defensoriaparana.gov.ar\/wp-content\/uploads\/descarga-4-1-170x113.jpg 170w, https:\/\/www.defensoriaparana.gov.ar\/wp-content\/uploads\/descarga-4-1-135x90.jpg 135w\" alt=\"\" width=\"275\" height=\"183\" \/><\/p>\n<p class=\"wp-caption-text\">Las oficinas de la Defensor\u00eda del Pueblo est\u00e1n ubicadas en calle Monte Caseros 159 y 161.<\/p>\n<\/div>\n<p>Se recuerda que las v\u00edas de comunicaci\u00f3n con la instituci\u00f3n son: personalmente, en la sede de la Defensor\u00eda, en Monte Caseros 159\/161;\u00a0 por tel\u00e9fono en los n\u00fameros de l\u00ednea (0343) 4202322, 4211050, 08007771112, (en enero se podr\u00e1 llamar\u00a0 de 8 a 12, de lunes a viernes);\u00a0 por whatsapp o mensaje de texto al \u00a0343 6226414; por correo electr\u00f3nico a\u00a0<a href=\"mailto:defensoriaparana@gmail.com\">defensoriaparana@gmail.com<\/a>\u00a0y por facebook en Defensor\u00eda del Pueblo de Paran\u00e1. Con el Centro de Mediaci\u00f3n Comunitaria, la comunicaci\u00f3n puede ser a trav\u00e9s de los n\u00fameros (0343) 4211029\/4211050, al mail \u00a0<a href=\"mailto:mediacionparana@hotmail.com\">mediacionparana@hotmail.com<\/a>\u00a0o mediante los contactos mencionados de la instituci\u00f3n.<\/p>\n","protected":false},"excerpt":{"rendered":"<p>Con motivo de las fechas de fin de a\u00f1o y el receso administrativo declarado para enero, la atenci\u00f3n en la Defensor\u00eda del Pueblo de la Ciudad de Paran\u00e1 se modificar\u00e1 en los pr\u00f3ximos d\u00edas. As\u00ed, en adhesi\u00f3n a las disposiciones de asueto y receso en el \u00e1mbito municipal, desde el 28 al 31 de diciembre [&hellip;]<\/p>\n","protected":false},"author":1,"featured_media":0,"comment_status":"open","ping_status":"open","sticky":false,"template":"","format":"standard","meta":{"om_disable_all_campaigns":false,"_monsterinsights_skip_tracking":false,"_monsterinsights_sitenote_active":false,"_monsterinsights_sitenote_note":"","_monsterinsights_sitenote_category":0},"categories":[1],"tags":[],"_links":{"self":[{"href":"https:\/\/defensoriaparana.com.ar\/index.php\/wp-json\/wp\/v2\/posts\/3100"}],"collection":[{"href":"https:\/\/defensoriaparana.com.ar\/index.php\/wp-json\/wp\/v2\/posts"}],"about":[{"href":"https:\/\/defensoriaparana.com.ar\/index.php\/wp-json\/wp\/v2\/types\/post"}],"author":[{"embeddable":true,"href":"https:\/\/defensoriaparana.com.ar\/index.php\/wp-json\/wp\/v2\/users\/1"}],"replies":[{"embeddable":true,"href":"https:\/\/defensoriaparana.com.ar\/index.php\/wp-json\/wp\/v2\/comments?post=3100"}],"version-history":[{"count":1,"href":"https:\/\/defensoriaparana.com.ar\/index.php\/wp-json\/wp\/v2\/posts\/3100\/revisions"}],"predecessor-version":[{"id":3103,"href":"https:\/\/defensoriaparana.com.ar\/index.php\/wp-json\/wp\/v2\/posts\/3100\/revisions\/3103"}],"wp:attachment":[{"href":"https:\/\/defensoriaparana.com.ar\/index.php\/wp-json\/wp\/v2\/media?parent=3100"}],"wp:term":[{"taxonomy":"category","embeddable":true,"href":"https:\/\/defensoriaparana.com.ar\/index.php\/wp-json\/wp\/v2\/categories?post=3100"},{"taxonomy":"post_tag","embeddable":true,"href":"https:\/\/defensoriaparana.com.ar\/index.php\/wp-json\/wp\/v2\/tags?post=3100"}],"curies":[{"name":"wp","href":"https:\/\/api.w.org\/{rel}","templated":true}]}}