{"id":3101,"date":"2020-12-22T23:14:25","date_gmt":"2020-12-22T23:14:25","guid":{"rendered":"http:\/\/defensoriaparana.com.ar\/?p=3101"},"modified":"2022-08-17T23:15:55","modified_gmt":"2022-08-17T23:15:55","slug":"defensoras-del-pueblo-se-reunieron-con-el-titular-del-enacom-en-entre-rios-2","status":"publish","type":"post","link":"https:\/\/defensoriaparana.com.ar\/index.php\/2020\/12\/22\/defensoras-del-pueblo-se-reunieron-con-el-titular-del-enacom-en-entre-rios-2\/","title":{"rendered":"Defensoras del Pueblo se reunieron con el titular del Enacom en Entre R\u00edos"},"content":{"rendered":"<p>Las Defensoras del Pueblo de la Ciudad de Paran\u00e1, Marcia L\u00f3pez y Cecilia Pautaso (Adjunta), recibieron en las oficinas de la instituci\u00f3n al titular de la delegaci\u00f3n en Entre R\u00edos del Ente Nacional de Comunicaciones (Enacom), Juan Claudio Muga.<br \/>\nEn la reuni\u00f3n, de la que particip\u00f3 por la Delegaci\u00f3n en la provincia de la Defensor\u00eda del Pueblo de la Naci\u00f3n, Carolina Atencio, se acord\u00f3 una forma de trabajo conjunta frente, principalmente, a los reclamos relacionados a servicios de telefon\u00eda que est\u00e1n present\u00e1ndose en la oficina nacional, que funciona en la sede de la Defensor\u00eda de Paran\u00e1 desde 2010.<\/p>\n<div id=\"attachment_7842\" class=\"wp-caption alignnone\"><img loading=\"lazy\" class=\" wp-image-7842\" src=\"http:\/\/www.defensoriaparana.gov.ar\/wp-content\/uploads\/enacom1.jpg\" sizes=\"(max-width: 552px) 100vw, 552px\" srcset=\"https:\/\/www.defensoriaparana.gov.ar\/wp-content\/uploads\/enacom1.jpg 1280w, https:\/\/www.defensoriaparana.gov.ar\/wp-content\/uploads\/enacom1-300x225.jpg 300w, https:\/\/www.defensoriaparana.gov.ar\/wp-content\/uploads\/enacom1-768x576.jpg 768w, https:\/\/www.defensoriaparana.gov.ar\/wp-content\/uploads\/enacom1-1024x768.jpg 1024w, https:\/\/www.defensoriaparana.gov.ar\/wp-content\/uploads\/enacom1-170x128.jpg 170w, https:\/\/www.defensoriaparana.gov.ar\/wp-content\/uploads\/enacom1-284x213.jpg 284w\" alt=\"\" width=\"552\" height=\"414\" \/><\/p>\n<p class=\"wp-caption-text\">La reuni\u00f3n se realiz\u00f3 en la sede de la instituci\u00f3n, en Monte Caseros 159.<\/p>\n<\/div>\n<p>Durante el encuentro, se coordinaron v\u00edas de canalizaci\u00f3n fluidas y alternativas para viabilizar los planteos de una manera m\u00e1s accesible para la ciudadan\u00eda, en el marco de la atenci\u00f3n presencial restringida que viene implementando el organismo nacional en sus oficinas como modo de prevenci\u00f3n del Covid. Al respecto, Muga puntualiz\u00f3 que en breve el \u00e1rea regularizar\u00e1 la atenci\u00f3n directa al p\u00fablico.<br \/>\nEl Enacom es un ente nacional, creado en diciembre de 2015, cuyo rol consiste en regular los servicios de las comunicaciones en sentido amplio. Entre ellos, figura el control de la calidad de las prestaciones de internet, telefon\u00eda fija y m\u00f3vil y postal, seg\u00fan se publica en la p\u00e1gina oficial del organismo.<\/p>\n","protected":false},"excerpt":{"rendered":"<p>Las Defensoras del Pueblo de la Ciudad de Paran\u00e1, Marcia L\u00f3pez y Cecilia Pautaso (Adjunta), recibieron en las oficinas de la instituci\u00f3n al titular de la delegaci\u00f3n en Entre R\u00edos del Ente Nacional de Comunicaciones (Enacom), Juan Claudio Muga. En la reuni\u00f3n, de la que particip\u00f3 por la Delegaci\u00f3n en la provincia de la Defensor\u00eda [&hellip;]<\/p>\n","protected":false},"author":1,"featured_media":0,"comment_status":"open","ping_status":"open","sticky":false,"template":"","format":"standard","meta":{"om_disable_all_campaigns":false,"_monsterinsights_skip_tracking":false,"_monsterinsights_sitenote_active":false,"_monsterinsights_sitenote_note":"","_monsterinsights_sitenote_category":0},"categories":[1],"tags":[],"_links":{"self":[{"href":"https:\/\/defensoriaparana.com.ar\/index.php\/wp-json\/wp\/v2\/posts\/3101"}],"collection":[{"href":"https:\/\/defensoriaparana.com.ar\/index.php\/wp-json\/wp\/v2\/posts"}],"about":[{"href":"https:\/\/defensoriaparana.com.ar\/index.php\/wp-json\/wp\/v2\/types\/post"}],"author":[{"embeddable":true,"href":"https:\/\/defensoriaparana.com.ar\/index.php\/wp-json\/wp\/v2\/users\/1"}],"replies":[{"embeddable":true,"href":"https:\/\/defensoriaparana.com.ar\/index.php\/wp-json\/wp\/v2\/comments?post=3101"}],"version-history":[{"count":2,"href":"https:\/\/defensoriaparana.com.ar\/index.php\/wp-json\/wp\/v2\/posts\/3101\/revisions"}],"predecessor-version":[{"id":3105,"href":"https:\/\/defensoriaparana.com.ar\/index.php\/wp-json\/wp\/v2\/posts\/3101\/revisions\/3105"}],"wp:attachment":[{"href":"https:\/\/defensoriaparana.com.ar\/index.php\/wp-json\/wp\/v2\/media?parent=3101"}],"wp:term":[{"taxonomy":"category","embeddable":true,"href":"https:\/\/defensoriaparana.com.ar\/index.php\/wp-json\/wp\/v2\/categories?post=3101"},{"taxonomy":"post_tag","embeddable":true,"href":"https:\/\/defensoriaparana.com.ar\/index.php\/wp-json\/wp\/v2\/tags?post=3101"}],"curies":[{"name":"wp","href":"https:\/\/api.w.org\/{rel}","templated":true}]}}