{"id":3106,"date":"2022-08-18T11:57:24","date_gmt":"2022-08-18T11:57:24","guid":{"rendered":"http:\/\/defensoriaparana.com.ar\/?p=3106"},"modified":"2022-08-18T11:57:24","modified_gmt":"2022-08-18T11:57:24","slug":"la-ronda-de-los-martes-una-experiencia-inedita-que-cumplio-dos-anos-de-vigencia","status":"publish","type":"post","link":"https:\/\/defensoriaparana.com.ar\/index.php\/2022\/08\/18\/la-ronda-de-los-martes-una-experiencia-inedita-que-cumplio-dos-anos-de-vigencia\/","title":{"rendered":"La ronda de los martes, una experiencia in\u00e9dita que cumpli\u00f3 dos a\u00f1os de vigencia"},"content":{"rendered":"<p><span style=\"font-weight: inherit;\"><em>La ronda de los martes <\/em><\/span><span style=\"font-style: inherit; font-weight: inherit;\">o\u00a0<span style=\"font-weight: inherit;\">\u00a0<em>charla de los martes<\/em><\/span><em>\u00a0<\/em>es como se le denomina a un espacio de encuentro y acompa\u00f1amiento, que comenz\u00f3 en plena cuarentena, el 29 de julio de 2020, para las personas alojadas en la Residencia Municipal para Adultos Mayores en Situaci\u00f3n de Calle Madre Teresa de Calcuta de Paran\u00e1.\u00a0<\/span><\/p>\n<p><span style=\"font-style: inherit; font-weight: inherit;\">La iniciativa, motorizada y mantenida de forma ininterrumpida durante estos dos a\u00f1os, est\u00e1 a cargo de mediadores voluntarios del Centro de Mediaci\u00f3n de la Defensor\u00eda del Pueblo de Paran\u00e1, en el marco de un programa de la instituci\u00f3n denominado Acciones Solidarias.\u00a0\u00a0<\/span><\/p>\n<p><span style=\"font-style: inherit; font-weight: inherit;\">El grupo de hombres alojados y de mediadores transita\u00a0por estos d\u00edas\u00a0casi el\u00a0centenar de encuentros\u00a0y el espacio, considerado in\u00e9dito, parece renovarse, fortalecido en fuertes v\u00ednculos de amistad, cari\u00f1o y fraternidad.\u00a0\u00a0<\/span><\/p>\n<p><span style=\"font-style: inherit; font-weight: inherit;\">La propuesta\u00a0inicial consisti\u00f3 en\u00a0conformar\u00a0una ronda de conversaciones, donde\u00a0todos los participantes pudiesen\u00a0compartir experiencias, sus historias de vida, estados de \u00e1nimo, convicciones\u00a0y expresar sus propias emociones y sentir las de sus compa\u00f1eros. Transcurrido el tiempo,\u00a0y a modo de balance,\u00a0esos\u00a0objetivos se han cumplido con creces, seg\u00fan afirman los participantes.\u00a0<\/span><\/p>\n<p><span style=\"font-style: inherit; font-weight: inherit;\">Desde el comienzo y durante el aislamiento estricto, las reuniones se concretan a trav\u00e9s de la plataforma Zoom, mediante la instalaci\u00f3n de un televisor en el comedor de la casa de calle Don Bosco 1724, sede de la Residencia.\u00a0<\/span><\/p>\n<p><span style=\"font-style: inherit; font-weight: inherit;\">La modalidad virtual se mantiene en la actualidad debido a que los participantes se sienten c\u00f3modos con la misma, aunque se intercalan reuniones presenciales por motivos especiales. Y la celebraci\u00f3n por la permanencia del grupo en estos dos a\u00f1os fue\u00a0una causa m\u00e1s que valedera para que el encuentro fuera cara a cara. La cita es todos los martes a las 16.<\/span><span style=\"font-style: inherit; font-weight: inherit;\">\u00a0<\/span><\/p>\n<p><img loading=\"lazy\" class=\"alignnone size-medium wp-image-3108\" src=\"http:\/\/defensoriaparana.com.ar\/wp-content\/uploads\/2022\/08\/Esta-va-1-300x225.jpg\" alt=\"\" width=\"300\" height=\"225\" srcset=\"https:\/\/defensoriaparana.com.ar\/wp-content\/uploads\/2022\/08\/Esta-va-1-300x225.jpg 300w, https:\/\/defensoriaparana.com.ar\/wp-content\/uploads\/2022\/08\/Esta-va-1-1024x768.jpg 1024w, https:\/\/defensoriaparana.com.ar\/wp-content\/uploads\/2022\/08\/Esta-va-1-768x576.jpg 768w, https:\/\/defensoriaparana.com.ar\/wp-content\/uploads\/2022\/08\/Esta-va-1.jpg 1032w\" sizes=\"(max-width: 300px) 100vw, 300px\" \/><\/p>\n<p><span style=\"font-style: inherit; font-weight: inherit;\">.\u00a0<\/span><\/p>\n<p><span style=\"font-style: inherit;\"><strong>De todo un poco<\/strong><\/span><span style=\"font-style: inherit; font-weight: inherit;\">\u00a0<\/span><\/p>\n<p><span style=\"font-style: inherit; font-weight: inherit;\">.\u00a0<\/span><\/p>\n<p><span style=\"font-style: inherit; font-weight: inherit;\">El f\u00fatbol, los goles de los partidos del fin de semana -y las bromas en torno de esos resultados- es el tema con el que los participantes de la ronda empiezan a ubicarse en torno de las mesas del comedor en la<\/span><span style=\"font-style: inherit; font-weight: inherit;\">\u00a0reuni\u00f3n<\/span><span style=\"font-style: inherit; font-weight: inherit;\">\u00a0del martes 2 de agosto.\u00a0<\/span><\/p>\n<p><span style=\"font-style: inherit; font-weight: inherit;\">Tambi\u00e9n se plantea la posibilidad de organizar una celebraci\u00f3n, una\u00a0<span style=\"font-weight: inherit;\">choripaneada<\/span>\u00a0al aire libre,\u00a0en primavera,\u00a0por los dos a\u00f1os de las rondas, una experiencia que definen de \u201cmuy buena\u201d.\u00a0<\/span><\/p>\n<p><img loading=\"lazy\" class=\"alignnone size-medium wp-image-3110\" src=\"http:\/\/defensoriaparana.com.ar\/wp-content\/uploads\/2022\/08\/esata-va-3-300x225.jpg\" alt=\"\" width=\"300\" height=\"225\" srcset=\"https:\/\/defensoriaparana.com.ar\/wp-content\/uploads\/2022\/08\/esata-va-3-300x225.jpg 300w, https:\/\/defensoriaparana.com.ar\/wp-content\/uploads\/2022\/08\/esata-va-3-1024x768.jpg 1024w, https:\/\/defensoriaparana.com.ar\/wp-content\/uploads\/2022\/08\/esata-va-3-768x576.jpg 768w, https:\/\/defensoriaparana.com.ar\/wp-content\/uploads\/2022\/08\/esata-va-3.jpg 1032w\" sizes=\"(max-width: 300px) 100vw, 300px\" \/><\/p>\n<p><span style=\"font-style: inherit; font-weight: inherit;\">A\u00a0diferencia del martes anterior, cuando el tema que surgi\u00f3 fue el de la amistad y todos pudieron hablar de sus vivencias y sentimientos m\u00e1s profundos, en esta oportunidad\u00a0la charla\u00a0propuesta gira\u00a0en torno\u00a0de las rondas, al aniversario y lo que significa para cada uno.\u00a0<\/span><\/p>\n<p><span style=\"font-style: inherit; font-weight: inherit;\">Pero entre medio de la conversaci\u00f3n\u00a0amena\u00a0surgen\u00a0di\u00e1logos relacionados a la cuesti\u00f3n de g\u00e9nero y a los mandatos culturales, con arraigo m\u00e1s fuerte\u00a0\u2013dicen-\u00a0en personas mayores.\u00a0Se habla\u00a0sobre las ense\u00f1anzas\u00a0de que hab\u00eda \u201ccosas de hombres y otras exclusivas de la mujer\u201d.\u00a0Y se\u00a0aportan\u00a0ejemplos\u00a0de situaciones\u00a0mal vistas\u00a0socialmente:\u00a0que los hombres lloren o que hagan manualidades (tejido o costura). Ante eso, y a modo de contraste, uno de los participantes menciona\u00a0el funcionamiento de un taller de costura en la Residencia en el que\u00a0integrantes de la casa participan de la\u00a0confecci\u00f3n de\u00a0cartucheras, bolsas, individuales, servilletas.\u00a0\u00a0<\/span><\/p>\n<p><span style=\"font-style: inherit; font-weight: inherit;\">Otro tema\u00a0que se cuela\u00a0en la charla\u00a0se relaciona con las\u00a0distintas personalidades y maneras de ser de las personas que, en casos, se reflejan en el tono de voz o la forma de hablar, y los prejuicios que se generan en torno de esas caracter\u00edsticas.\u00a0En ese punto se recalca\u00a0la importancia de reconocer que \u201ctodos somos diferentes\u201d y que\u00a0el\u00a0respeto mutuo\u00a0y la tolerancia\u00a0son fundamentales para\u00a0lograr una mejor convivencia.\u00a0\u00a0<\/span><\/p>\n<p><img loading=\"lazy\" class=\"alignnone size-medium wp-image-3111\" src=\"http:\/\/defensoriaparana.com.ar\/wp-content\/uploads\/2022\/08\/esta-va-5-300x225.jpg\" alt=\"\" width=\"300\" height=\"225\" srcset=\"https:\/\/defensoriaparana.com.ar\/wp-content\/uploads\/2022\/08\/esta-va-5-300x225.jpg 300w, https:\/\/defensoriaparana.com.ar\/wp-content\/uploads\/2022\/08\/esta-va-5-1024x768.jpg 1024w, https:\/\/defensoriaparana.com.ar\/wp-content\/uploads\/2022\/08\/esta-va-5-768x576.jpg 768w, https:\/\/defensoriaparana.com.ar\/wp-content\/uploads\/2022\/08\/esta-va-5.jpg 1032w\" sizes=\"(max-width: 300px) 100vw, 300px\" \/><\/p>\n<p><span style=\"font-style: inherit; font-weight: inherit;\">La\u00a0Residencia Municipal Madre Teresa de Calcuta fue creada por ordenanza en base de un proyecto elevado por la Defensor\u00eda del Pueblo de Paran\u00e1 para atender la problem\u00e1tica de las personas en situaci\u00f3n de calle. El establecimiento recibe a\u00a0\u201cadultos mayores, sin techo, de sexo masculino, en situaci\u00f3n de calle\u201d, consigna la norma. Actualmente hay once personas y el espacio tiene capacidad para doce. El\u00a0objetivo es fomentar los derechos de las personas mayores para su reinserci\u00f3n en la comunidad.\u00a0<\/span><\/p>\n<p>&nbsp;<\/p>\n<p><span style=\"font-style: inherit;\"><strong>Qu\u00e9 piensan y sienten los participantes<\/strong><\/span><span style=\"font-style: inherit; font-weight: inherit;\">\u00a0<\/span><\/p>\n<p><span style=\"font-style: inherit; font-weight: inherit;\">.\u00a0<\/span><\/p>\n<p><span style=\"font-style: inherit; font-weight: inherit;\">En un clima de camarader\u00eda, respeto, complicidad y mucha\u00a0risa, los asistentes a las rondas\u00a0fueron\u00a0dejando\u00a0su parecer, en una especie\u00a0de balance, sobre\u00a0las\u00a0charlas.\u00a0\u00a0\u00a0<\/span><\/p>\n<p><span style=\"font-style: inherit; font-weight: inherit;\">\u00a0\u201cHan\u00a0sido constructivas,\u00a0muy\u00a0positivas\u201d, dice\u00a0Ra\u00fal Fortunato Franco, quien destaca que han podido opinar sobre distintos temas. \u201cEn algunos,\u00a0nos hemos puesto de acuerdo y en otros, no; pero\u00a0la charla\u00a0siempre ha sido constructiva\u201d,\u00a0reafirma.\u00a0\u00a0<\/span><\/p>\n<p><span style=\"font-style: inherit; font-weight: inherit;\">Para\u00a0Antonio Gonz\u00e1lez, quien es el m\u00e1s antiguo en\u00a0el\u00a0lugar, ya que permanece desde hace 16 a\u00f1os, a poco de la inauguraci\u00f3n de la Residencia, remarca el compa\u00f1erismo en el grupo y el hecho de que \u201cse pueda hablar\u201d.\u00a0\u00a0<\/span><\/p>\n<p><span style=\"font-style: inherit; font-weight: inherit;\">Y agrega: \u201cEn algunas cosas estoy de acuerdo con el resto y en otras no, y eso me gusta\u201d.\u00a0Recalca la importancia de poder \u201cestar tranquilos y poder respetarnos\u201d.\u00a0A Antonio le cost\u00f3 integrarse al principio porque no sab\u00eda bien qu\u00e9 hac\u00eda \u00e9l en esa reuni\u00f3n, pero despu\u00e9s se empez\u00f3 a enganchar con la modalidad de conversaci\u00f3n y los temas, explica. Al respecto, a\u00f1ade\u00a0que le \u201cgust\u00f3 mucho\u201d el encuentro en el que se habl\u00f3 de la\u00a0amistad.\u00a0\u00a0<\/span><\/p>\n<p><span style=\"font-style: inherit; font-weight: inherit;\">Para\u00a0An\u00edbal\u00a0Cerrudo, las rondas le han permitido conocer historias de vida de sus compa\u00f1eros y personas muy buenas. \u201cEstoy muy agradecido por la gente que he conocido,\u00a0ha sido muy interesante y espero que siga, que dure mucho m\u00e1s\u201d, expresa.\u00a0Una opini\u00f3n parecida tiene\u00a0Fabio Villaverde, quien habla de los temas interesantes que se abordan y de la posibilidad de que cada una d\u00e9 su opini\u00f3n.\u00a0\u00a0<\/span><\/p>\n<p><span style=\"font-style: inherit; font-weight: inherit;\">Rub\u00e9n Blanca es otra de las personas con m\u00e1s tiempo en el establecimiento: lleva 15 a\u00f1os. Agradece haber encontrado \u201cgente maravillosa y con muy buenos conocimientos de vida\u201d. Menciona que las reuniones fueron muy importantes en tiempo de aislamiento por la pandemia y, en su caso, cuando ha estado desanimado, triste.\u00a0Dice que ha podido quedarse con mensajes de vida y ense\u00f1anzas muy valiosas. \u201cEstoy muy agradecido. La he pasado muy bien. Somos todos distintos y\u00a0 me he sentido muy bien\u201d, agrega.\u00a0\u00a0<\/span><\/p>\n<p><img loading=\"lazy\" class=\"alignnone size-medium wp-image-3113\" src=\"http:\/\/defensoriaparana.com.ar\/wp-content\/uploads\/2022\/08\/va-pantalla-300x186.jpg\" alt=\"\" width=\"300\" height=\"186\" srcset=\"https:\/\/defensoriaparana.com.ar\/wp-content\/uploads\/2022\/08\/va-pantalla-300x186.jpg 300w, https:\/\/defensoriaparana.com.ar\/wp-content\/uploads\/2022\/08\/va-pantalla.jpg 518w\" sizes=\"(max-width: 300px) 100vw, 300px\" \/><\/p>\n<p><span style=\"font-style: inherit; font-weight: inherit;\">Carlos\u00a0Pasutti\u00a0estuvo un a\u00f1o y medio\u00a0en el\u00a0establecimiento\u00a0y hace cuatro meses que se fue, ya que\u00a0pudo alquilar un lugar; pero sigue yendo a las rondas y a la Residencia. \u201cEs\u00a0un\u00a0grupo de amigos. Me siento muy bien, me gusta mucho, me hace muy bien\u201d, manifiesta en relaci\u00f3n a la charlas.\u00a0\u00a0<\/span><\/p>\n<p><span style=\"font-style: inherit; font-weight: inherit;\">Y la palabra amistad se repite\u00a0a cada rato\u00a0entre los participantes.\u00a0Los mediadores\u00a0Mariana Rodr\u00edguez Traba,\u00a0Mar\u00eda Luz Avellaneda y Luis Garay, ex Defensor del Pueblo,\u00a0participaron el martes y ponen\u00a0<\/span><span style=\"font-style: inherit; font-weight: inherit;\">\u00e9nfasis en la relaci\u00f3n generada en\u00a0<\/span><span style=\"font-style: inherit; font-weight: inherit;\">el grupo y\u00a0hablan de la profundidad de los\u00a0v\u00ednculos.\u00a0<\/span><\/p>\n<p><span style=\"font-style: inherit; font-weight: inherit;\">Sobre la din\u00e1mica de las charlas, expresan que es muy importante que\u00a0\u201ctodos podamos decir lo que pensamos o sentimos\u201d, al tiempo que ponderan el hecho de haber podido \u201csostener\u00a0las\u00a0charlas y el grupo como lo hicimos en plena pandemia, a veces por zoom y despu\u00e9s presencial y poder hablar cosas importantes para ustedes y para nosotros. No es lo habitual\u201d.\u00a0\u00a0<\/span><\/p>\n<p><span style=\"font-style: inherit; font-weight: inherit;\">De la ronda del martes participaron adem\u00e1s Camila\u00a0Mahillo, directora de la Residencia, y la cocinera y\u00a0tallerista,\u00a0<\/span><span style=\"font-style: inherit; font-weight: inherit;\">\u00c9lida<\/span><span style=\"font-style: inherit; font-weight: inherit;\">\u00a0Duarte.\u00a0<\/span><\/p>\n<p><span style=\"font-style: inherit; font-weight: inherit;\">El equipo de mediadores y mediadoras\u00a0que participa de las rondas se completa actualmente con Silvina Orrego y Germ\u00e1n Goncebat.\u00a0 Acompa\u00f1\u00f3 esta charla tambi\u00e9n Ana Mar\u00eda Fava, quien condujo un taller de creatividad presencial durante 2021.<\/span><\/p>\n<p><img loading=\"lazy\" class=\"alignnone size-medium wp-image-3112\" src=\"http:\/\/defensoriaparana.com.ar\/wp-content\/uploads\/2022\/08\/esta-va-si-pued-300x225.jpg\" alt=\"\" width=\"300\" height=\"225\" srcset=\"https:\/\/defensoriaparana.com.ar\/wp-content\/uploads\/2022\/08\/esta-va-si-pued-300x225.jpg 300w, https:\/\/defensoriaparana.com.ar\/wp-content\/uploads\/2022\/08\/esta-va-si-pued-1024x768.jpg 1024w, https:\/\/defensoriaparana.com.ar\/wp-content\/uploads\/2022\/08\/esta-va-si-pued-768x576.jpg 768w, https:\/\/defensoriaparana.com.ar\/wp-content\/uploads\/2022\/08\/esta-va-si-pued.jpg 1032w\" sizes=\"(max-width: 300px) 100vw, 300px\" \/><\/p>\n<p>&nbsp;<\/p>\n","protected":false},"excerpt":{"rendered":"<p>La ronda de los martes o\u00a0\u00a0charla de los martes\u00a0es como se le denomina a un espacio de encuentro y acompa\u00f1amiento, que comenz\u00f3 en plena cuarentena, el 29 de julio de 2020, para las personas alojadas en la Residencia Municipal para Adultos Mayores en Situaci\u00f3n de Calle Madre Teresa de Calcuta de Paran\u00e1.\u00a0 La iniciativa, motorizada [&hellip;]<\/p>\n","protected":false},"author":2,"featured_media":3108,"comment_status":"open","ping_status":"open","sticky":false,"template":"","format":"standard","meta":{"om_disable_all_campaigns":false,"_monsterinsights_skip_tracking":false,"_monsterinsights_sitenote_active":false,"_monsterinsights_sitenote_note":"","_monsterinsights_sitenote_category":0},"categories":[1],"tags":[],"_links":{"self":[{"href":"https:\/\/defensoriaparana.com.ar\/index.php\/wp-json\/wp\/v2\/posts\/3106"}],"collection":[{"href":"https:\/\/defensoriaparana.com.ar\/index.php\/wp-json\/wp\/v2\/posts"}],"about":[{"href":"https:\/\/defensoriaparana.com.ar\/index.php\/wp-json\/wp\/v2\/types\/post"}],"author":[{"embeddable":true,"href":"https:\/\/defensoriaparana.com.ar\/index.php\/wp-json\/wp\/v2\/users\/2"}],"replies":[{"embeddable":true,"href":"https:\/\/defensoriaparana.com.ar\/index.php\/wp-json\/wp\/v2\/comments?post=3106"}],"version-history":[{"count":1,"href":"https:\/\/defensoriaparana.com.ar\/index.php\/wp-json\/wp\/v2\/posts\/3106\/revisions"}],"predecessor-version":[{"id":3114,"href":"https:\/\/defensoriaparana.com.ar\/index.php\/wp-json\/wp\/v2\/posts\/3106\/revisions\/3114"}],"wp:featuredmedia":[{"embeddable":true,"href":"https:\/\/defensoriaparana.com.ar\/index.php\/wp-json\/wp\/v2\/media\/3108"}],"wp:attachment":[{"href":"https:\/\/defensoriaparana.com.ar\/index.php\/wp-json\/wp\/v2\/media?parent=3106"}],"wp:term":[{"taxonomy":"category","embeddable":true,"href":"https:\/\/defensoriaparana.com.ar\/index.php\/wp-json\/wp\/v2\/categories?post=3106"},{"taxonomy":"post_tag","embeddable":true,"href":"https:\/\/defensoriaparana.com.ar\/index.php\/wp-json\/wp\/v2\/tags?post=3106"}],"curies":[{"name":"wp","href":"https:\/\/api.w.org\/{rel}","templated":true}]}}